{"id":68705,"date":"2018-03-09T23:13:08","date_gmt":"2018-03-09T23:13:08","guid":{"rendered":"https:\/\/www.deberes.net\/tesis\/sin-categoria\/el-pintor-vicente-berdusan-1632-1697-y-aragon-catalogo-razonado-clientela-y-fuentes-graficas-literarias-y-devocionales-de-su-pintura\/"},"modified":"2018-03-09T23:13:08","modified_gmt":"2018-03-09T23:13:08","slug":"el-pintor-vicente-berdusan-1632-1697-y-aragon-catalogo-razonado-clientela-y-fuentes-graficas-literarias-y-devocionales-de-su-pintura","status":"publish","type":"post","link":"https:\/\/www.deberes.net\/tesis\/zaragoza\/el-pintor-vicente-berdusan-1632-1697-y-aragon-catalogo-razonado-clientela-y-fuentes-graficas-literarias-y-devocionales-de-su-pintura\/","title":{"rendered":"El pintor vicente berdusan (1632-1697) y aragon: catalogo razonado, clientela y fuentes gr\u00e1ficas, literarias y devocionales de su pintura"},"content":{"rendered":"<h2>Tesis doctoral de <strong> Juan  Carlos Lozano L\u00f3pez <\/strong><\/h2>\n<p>Vicente berdus\u00e1n (ejea de los caballeros, zaragoza, 1632 &#8211; tudela, navarra, 1697) es un artista de origen aragon\u00e9s que vivi\u00f3 y trabaj\u00f3 en tudela y desarroll\u00f3 su actividad art\u00edstica, circunscrita a la pintura religiosa al \u00f3leo sobre lienzo (cuadros de caballete y pinturas para retablos), en un amplio territorio que comprende b\u00e1sicamente las actuales comunidades de navarra, arag\u00f3n, pa\u00eds vasco y la rioja.  Como  otros muchos pintores barrocos espa\u00f1oles, su conocimiento y recuperaci\u00f3n cr\u00edtica han tenido que esperar a las \u00faltimas d\u00e9cadas del s. Xx, si bien todav\u00eda no ha sido posible su integraci\u00f3n entre los \u00abmaestros menores\u00bb de la escuela madrile\u00f1a, a la que por estilo y lenguaje pict\u00f3rico pertenece.  las desigualdades existentes entre los estudios dedicados a la producci\u00f3n de berdus\u00e1n en los distintos territorios donde despleg\u00f3 su actividad (con un claro d\u00e9ficit en el caso aragon\u00e9s) nos llev\u00f3 a iniciar un trabajo de investigaci\u00f3n centrado en las relaciones art\u00edsticas de berdus\u00e1n y arag\u00f3n. nuestro primer objetivo fue la realizaci\u00f3n de un cat\u00e1logo cr\u00edtico y razonado del pintor, que ha quedado compuesto por ciento cincuenta obras, localizadas principalmente en edificios religiosos; esta cifra ha de ser considerada como provisional, pues sin duda se incrementar\u00e1 en el futuro con piezas procedentes del coleccionismo privado.  todas las obras han sido minuciosamente catalogadas y estudiadas con el fin de reconstruir los pormenores de los encargos y de la ejecuci\u00f3n; en este sentido, se ha concedido especial importancia al tema de la clientela, que en el caso de berdus\u00e1n est\u00e1 compuesta en un alto porcentaje por miembros de la alta y baja nobleza local.  Otro aspecto importante ha sido la b\u00fasqueda de fuentes (gr\u00e1ficas, literarias y devocionales) que sirvieron para la definici\u00f3n de los asuntos y de los programas iconogr\u00e1ficos.  con todo ello, se ha intentado configurar una historia total que, teniendo en cuent<\/p>\n<p>&nbsp;<\/p>\n<h3>Datos acad\u00e9micos de la tesis doctoral \u00ab<strong>El pintor vicente berdusan (1632-1697) y aragon: catalogo razonado, clientela y fuentes gr\u00e1ficas, literarias y devocionales de su pintura<\/strong>\u00ab<\/h3>\n<ul>\n<li><strong>T\u00edtulo de la tesis:<\/strong>\u00a0 El pintor vicente berdusan (1632-1697) y aragon: catalogo razonado, clientela y fuentes gr\u00e1ficas, literarias y devocionales de su pintura <\/li>\n<li><strong>Autor:<\/strong>\u00a0 Juan  Carlos Lozano L\u00f3pez <\/li>\n<li><strong>Universidad:<\/strong>\u00a0 Zaragoza<\/li>\n<li><strong>Fecha de lectura de la tesis:<\/strong>\u00a0 28\/06\/2004<\/li>\n<\/ul>\n<p>&nbsp;<\/p>\n<h3>Direcci\u00f3n y tribunal<\/h3>\n<ul>\n<li><strong>Director de la tesis<\/strong>\n<ul>\n<li>Mar\u00eda Isabel \u00e1lvaro Zamora<\/li>\n<\/ul>\n<\/li>\n<li><strong>Tribunal<\/strong>\n<ul>\n<li>Presidente del tribunal: gonzalo Borras gualis <\/li>\n<li> G\u00f3mez zorraquino Jos\u00e9 ignacio (vocal)<\/li>\n<li>concepcion Garcia gainza (vocal)<\/li>\n<li>ismael Guiti\u00e9rrez pastor (vocal)<\/li>\n<\/ul>\n<\/li>\n<\/ul>\n<p>&nbsp;<\/p>\n","protected":false},"excerpt":{"rendered":"<p>Tesis doctoral de Juan Carlos Lozano L\u00f3pez Vicente berdus\u00e1n (ejea de los caballeros, zaragoza, 1632 &#8211; tudela, navarra, 1697) es [&hellip;]<\/p>\n","protected":false},"author":1,"featured_media":0,"comment_status":"open","ping_status":"open","sticky":false,"template":"","format":"standard","meta":{"site-sidebar-layout":"default","site-content-layout":"","ast-site-content-layout":"","site-content-style":"default","site-sidebar-style":"default","ast-global-header-display":"","ast-banner-title-visibility":"","ast-main-header-display":"","ast-hfb-above-header-display":"","ast-hfb-below-header-display":"","ast-hfb-mobile-header-display":"","site-post-title":"","ast-breadcrumbs-content":"","ast-featured-img":"","footer-sml-layout":"","theme-transparent-header-meta":"","adv-header-id-meta":"","stick-header-meta":"","header-above-stick-meta":"","header-main-stick-meta":"","header-below-stick-meta":"","astra-migrate-meta-layouts":"default","ast-page-background-enabled":"default","ast-page-background-meta":{"desktop":{"background-color":"var(--ast-global-color-4)","background-image":"","background-repeat":"repeat","background-position":"center center","background-size":"auto","background-attachment":"scroll","background-type":"","background-media":"","overlay-type":"","overlay-color":"","overlay-gradient":""},"tablet":{"background-color":"","background-image":"","background-repeat":"repeat","background-position":"center center","background-size":"auto","background-attachment":"scroll","background-type":"","background-media":"","overlay-type":"","overlay-color":"","overlay-gradient":""},"mobile":{"background-color":"","background-image":"","background-repeat":"repeat","background-position":"center center","background-size":"auto","background-attachment":"scroll","background-type":"","background-media":"","overlay-type":"","overlay-color":"","overlay-gradient":""}},"ast-content-background-meta":{"desktop":{"background-color":"var(--ast-global-color-5)","background-image":"","background-repeat":"repeat","background-position":"center center","background-size":"auto","background-attachment":"scroll","background-type":"","background-media":"","overlay-type":"","overlay-color":"","overlay-gradient":""},"tablet":{"background-color":"var(--ast-global-color-5)","background-image":"","background-repeat":"repeat","background-position":"center center","background-size":"auto","background-attachment":"scroll","background-type":"","background-media":"","overlay-type":"","overlay-color":"","overlay-gradient":""},"mobile":{"background-color":"var(--ast-global-color-5)","background-image":"","background-repeat":"repeat","background-position":"center center","background-size":"auto","background-attachment":"scroll","background-type":"","background-media":"","overlay-type":"","overlay-color":"","overlay-gradient":""}},"footnotes":""},"categories":[13610],"tags":[12862,87030,5824,150777,150776,30085],"class_list":["post-68705","post","type-post","status-publish","format-standard","hentry","category-zaragoza","tag-concepcion-garcia-gainza","tag-gomez-zorraquino-jose-ignacio","tag-gonzalo-borras-gualis","tag-ismael-guitierrez-pastor","tag-juan-carlos-lozano-lopez","tag-maria-isabel-alvaro-zamora"],"_links":{"self":[{"href":"https:\/\/www.deberes.net\/tesis\/wp-json\/wp\/v2\/posts\/68705","targetHints":{"allow":["GET"]}}],"collection":[{"href":"https:\/\/www.deberes.net\/tesis\/wp-json\/wp\/v2\/posts"}],"about":[{"href":"https:\/\/www.deberes.net\/tesis\/wp-json\/wp\/v2\/types\/post"}],"author":[{"embeddable":true,"href":"https:\/\/www.deberes.net\/tesis\/wp-json\/wp\/v2\/users\/1"}],"replies":[{"embeddable":true,"href":"https:\/\/www.deberes.net\/tesis\/wp-json\/wp\/v2\/comments?post=68705"}],"version-history":[{"count":0,"href":"https:\/\/www.deberes.net\/tesis\/wp-json\/wp\/v2\/posts\/68705\/revisions"}],"wp:attachment":[{"href":"https:\/\/www.deberes.net\/tesis\/wp-json\/wp\/v2\/media?parent=68705"}],"wp:term":[{"taxonomy":"category","embeddable":true,"href":"https:\/\/www.deberes.net\/tesis\/wp-json\/wp\/v2\/categories?post=68705"},{"taxonomy":"post_tag","embeddable":true,"href":"https:\/\/www.deberes.net\/tesis\/wp-json\/wp\/v2\/tags?post=68705"}],"curies":[{"name":"wp","href":"https:\/\/api.w.org\/{rel}","templated":true}]}}