{"id":68754,"date":"2018-03-09T23:13:08","date_gmt":"2018-03-09T23:13:08","guid":{"rendered":"https:\/\/www.deberes.net\/tesis\/sin-categoria\/la-imagen-social-de-profesores-y-alumnos-en-la-prensa-diaria\/"},"modified":"2018-03-09T23:13:08","modified_gmt":"2018-03-09T23:13:08","slug":"la-imagen-social-de-profesores-y-alumnos-en-la-prensa-diaria","status":"publish","type":"post","link":"https:\/\/www.deberes.net\/tesis\/malaga\/la-imagen-social-de-profesores-y-alumnos-en-la-prensa-diaria\/","title":{"rendered":"La imagen social de profesores y alumnos en la prensa diaria"},"content":{"rendered":"<h2>Tesis doctoral de <strong> Amparo Consuelo Civila Salas <\/strong><\/h2>\n<p>Consta de tres bloques. Una primera parte dedicada al an\u00e1lisis te\u00f3rico con la recopilaci\u00f3n y estudio de las investigaciones previas sobre la imagen social del profesor, de los alumnos, as\u00ed como de los medios decomunicac\u00f3n social en particular sobre la prensa.  una segunda parte dedicada al trabajo de campo in\u00e9dito que ha desarrollado la doctoranda. Este trabajo supone el an\u00e1lisis de contenido de todos los documentos en los que se hace referencia a profesores o alumnos, publicados en cinco peri\u00f3dicos representativos de la muestra espa\u00f1ola, durante el curso acad\u00e9mico 2001-02. Se emplean tres programas  inform\u00e1ticos: aquad, spss y excel.  y, una \u00faltima parte que recoge las conclusiones referentes a los dos bloques anteriores, as\u00ed como una serie de propuesta par que el sistema de ense\u00f1anza mejore su imagen social.  se concluye que: los medios de comuniaci\u00f3n social deben&#8230;  -revalorizar las cuestiones relativas a la ense\u00f1anza,  -ofrecer un conocimiento completo y objetivo sobre la figura social de profesores y alumnnos.  -no exaltar las cuestiones pol\u00e9micas cebando el morbo y la discordia,  -devolver las esperanzas en los logros de la educaci\u00f3n,  -informar a la opini\u00f3n p\u00fablica de los \u00e9xitos alcanzados por el sistema y sus protagonistas,  -y ser m\u00e1s realistas y menos comerciales.<\/p>\n<p>&nbsp;<\/p>\n<h3>Datos acad\u00e9micos de la tesis doctoral \u00ab<strong>La imagen social de profesores y alumnos en la prensa diaria<\/strong>\u00ab<\/h3>\n<ul>\n<li><strong>T\u00edtulo de la tesis:<\/strong>\u00a0 La imagen social de profesores y alumnos en la prensa diaria <\/li>\n<li><strong>Autor:<\/strong>\u00a0 Amparo Consuelo Civila Salas <\/li>\n<li><strong>Universidad:<\/strong>\u00a0 M\u00e1laga<\/li>\n<li><strong>Fecha de lectura de la tesis:<\/strong>\u00a0 29\/06\/2004<\/li>\n<\/ul>\n<p>&nbsp;<\/p>\n<h3>Direcci\u00f3n y tribunal<\/h3>\n<ul>\n<li><strong>Director de la tesis<\/strong>\n<ul>\n<li>Jos\u00e9 Manuel Esteve Zarazaga<\/li>\n<\/ul>\n<\/li>\n<li><strong>Tribunal<\/strong>\n<ul>\n<li>Presidente del tribunal: joaquin Garcia carrasco <\/li>\n<li>Mar\u00eda  rosa Buxarrais estrada (vocal)<\/li>\n<li>felicidad Loscertales abril (vocal)<\/li>\n<li>julio Vera vila (vocal)<\/li>\n<\/ul>\n<\/li>\n<\/ul>\n<p>&nbsp;<\/p>\n","protected":false},"excerpt":{"rendered":"<p>Tesis doctoral de Amparo Consuelo Civila Salas Consta de tres bloques. Una primera parte dedicada al an\u00e1lisis te\u00f3rico con la [&hellip;]<\/p>\n","protected":false},"author":1,"featured_media":0,"comment_status":"open","ping_status":"open","sticky":false,"template":"","format":"standard","meta":{"site-sidebar-layout":"default","site-content-layout":"","ast-site-content-layout":"","site-content-style":"default","site-sidebar-style":"default","ast-global-header-display":"","ast-banner-title-visibility":"","ast-main-header-display":"","ast-hfb-above-header-display":"","ast-hfb-below-header-display":"","ast-hfb-mobile-header-display":"","site-post-title":"","ast-breadcrumbs-content":"","ast-featured-img":"","footer-sml-layout":"","theme-transparent-header-meta":"","adv-header-id-meta":"","stick-header-meta":"","header-above-stick-meta":"","header-main-stick-meta":"","header-below-stick-meta":"","astra-migrate-meta-layouts":"default","ast-page-background-enabled":"default","ast-page-background-meta":{"desktop":{"background-color":"var(--ast-global-color-4)","background-image":"","background-repeat":"repeat","background-position":"center center","background-size":"auto","background-attachment":"scroll","background-type":"","background-media":"","overlay-type":"","overlay-color":"","overlay-gradient":""},"tablet":{"background-color":"","background-image":"","background-repeat":"repeat","background-position":"center center","background-size":"auto","background-attachment":"scroll","background-type":"","background-media":"","overlay-type":"","overlay-color":"","overlay-gradient":""},"mobile":{"background-color":"","background-image":"","background-repeat":"repeat","background-position":"center center","background-size":"auto","background-attachment":"scroll","background-type":"","background-media":"","overlay-type":"","overlay-color":"","overlay-gradient":""}},"ast-content-background-meta":{"desktop":{"background-color":"var(--ast-global-color-5)","background-image":"","background-repeat":"repeat","background-position":"center center","background-size":"auto","background-attachment":"scroll","background-type":"","background-media":"","overlay-type":"","overlay-color":"","overlay-gradient":""},"tablet":{"background-color":"var(--ast-global-color-5)","background-image":"","background-repeat":"repeat","background-position":"center center","background-size":"auto","background-attachment":"scroll","background-type":"","background-media":"","overlay-type":"","overlay-color":"","overlay-gradient":""},"mobile":{"background-color":"var(--ast-global-color-5)","background-image":"","background-repeat":"repeat","background-position":"center center","background-size":"auto","background-attachment":"scroll","background-type":"","background-media":"","overlay-type":"","overlay-color":"","overlay-gradient":""}},"footnotes":""},"categories":[7834],"tags":[150869,11027,9442,7870,70713,33702],"class_list":["post-68754","post","type-post","status-publish","format-standard","hentry","category-malaga","tag-amparo-consuelo-civila-salas","tag-felicidad-loscertales-abril","tag-joaquin-garcia-carrasco","tag-jose-manuel-esteve-zarazaga","tag-julio-vera-vila","tag-maria-rosa-buxarrais-estrada"],"_links":{"self":[{"href":"https:\/\/www.deberes.net\/tesis\/wp-json\/wp\/v2\/posts\/68754","targetHints":{"allow":["GET"]}}],"collection":[{"href":"https:\/\/www.deberes.net\/tesis\/wp-json\/wp\/v2\/posts"}],"about":[{"href":"https:\/\/www.deberes.net\/tesis\/wp-json\/wp\/v2\/types\/post"}],"author":[{"embeddable":true,"href":"https:\/\/www.deberes.net\/tesis\/wp-json\/wp\/v2\/users\/1"}],"replies":[{"embeddable":true,"href":"https:\/\/www.deberes.net\/tesis\/wp-json\/wp\/v2\/comments?post=68754"}],"version-history":[{"count":0,"href":"https:\/\/www.deberes.net\/tesis\/wp-json\/wp\/v2\/posts\/68754\/revisions"}],"wp:attachment":[{"href":"https:\/\/www.deberes.net\/tesis\/wp-json\/wp\/v2\/media?parent=68754"}],"wp:term":[{"taxonomy":"category","embeddable":true,"href":"https:\/\/www.deberes.net\/tesis\/wp-json\/wp\/v2\/categories?post=68754"},{"taxonomy":"post_tag","embeddable":true,"href":"https:\/\/www.deberes.net\/tesis\/wp-json\/wp\/v2\/tags?post=68754"}],"curies":[{"name":"wp","href":"https:\/\/api.w.org\/{rel}","templated":true}]}}