{"id":68756,"date":"2018-03-09T23:13:12","date_gmt":"2018-03-09T23:13:12","guid":{"rendered":"https:\/\/www.deberes.net\/tesis\/sin-categoria\/entre-pizarras-y-pantallas-profesores-en-el-cine\/"},"modified":"2018-03-09T23:13:12","modified_gmt":"2018-03-09T23:13:12","slug":"entre-pizarras-y-pantallas-profesores-en-el-cine","status":"publish","type":"post","link":"https:\/\/www.deberes.net\/tesis\/murcia\/entre-pizarras-y-pantallas-profesores-en-el-cine\/","title":{"rendered":"Entre pizarras y pantallas. profesores en el cine"},"content":{"rendered":"<h2>Tesis doctoral de <strong> Andres Zaplana Marin <\/strong><\/h2>\n<p>La tesis se centra en la representaci\u00f3n que el cine ha realizado del entorno educativo en general, y de la figura del profesor, en particular. El material b\u00e1sico de estudio lo han compuesto unas doscientas pel\u00edculas de los cinco continentes con a\u00f1os de producci\u00f3n comprendidos entre 1930 y 2004.  se describen las diferentes perspectivas ideol\u00f3gicas que subyacen en aquellas pel\u00edculas donde la instituci\u00f3n escolar funciona como met\u00e1fora de la realidad social externa. Se plantean, a este respecto, los principales temas tratados en los filmes espa\u00f1oles, estadounidenses, brit\u00e1nicos y franceses relacionados con el mundo educativo.  con una metodolog\u00eda de car\u00e1cter anal\u00edtico-descriptivo se tipifican, y analizan despu\u00e9s, los principales estereotipos f\u00edlmicos que el cine ha creado, difundido y modificado, en torno a la profesi\u00f3n docente. Se concluye indicando que la imagen del profesor en el cine ha ido degrad\u00e1ndose, de forma especial en los \u00faltimos veinticinco a\u00f1os, con la expansi\u00f3n del g\u00e9nero de adolescentes. ser\u00eda necesario fomentar una verdadera cultura cinematogr\u00e1fica en la escuela, y muy especialmente en las facultades de educaci\u00f3n, para hacer frente a la visi\u00f3n estereotipada, simplificadora, y a veces deleznable, que dichas pel\u00edculas suscitan en el \u00abimaginario colectivo\u00bb de los j\u00f3venes.<\/p>\n<p>&nbsp;<\/p>\n<h3>Datos acad\u00e9micos de la tesis doctoral \u00ab<strong>Entre pizarras y pantallas. profesores en el cine<\/strong>\u00ab<\/h3>\n<ul>\n<li><strong>T\u00edtulo de la tesis:<\/strong>\u00a0 Entre pizarras y pantallas. profesores en el cine <\/li>\n<li><strong>Autor:<\/strong>\u00a0 Andres Zaplana Marin <\/li>\n<li><strong>Universidad:<\/strong>\u00a0 Murcia<\/li>\n<li><strong>Fecha de lectura de la tesis:<\/strong>\u00a0 29\/06\/2004<\/li>\n<\/ul>\n<p>&nbsp;<\/p>\n<h3>Direcci\u00f3n y tribunal<\/h3>\n<ul>\n<li><strong>Director de la tesis<\/strong>\n<ul>\n<li>Juan Saez Carreras<\/li>\n<\/ul>\n<\/li>\n<li><strong>Tribunal<\/strong>\n<ul>\n<li>Presidente del tribunal:  Colom ca\u00f1ellas antoni j. <\/li>\n<li>mart\u00ed xavier March cerd? (vocal)<\/li>\n<li>violeta N\u00fa\u00f1ez p\u00e9rez (vocal)<\/li>\n<li>  (vocal)<\/li>\n<\/ul>\n<\/li>\n<\/ul>\n<p>&nbsp;<\/p>\n","protected":false},"excerpt":{"rendered":"<p>Tesis doctoral de Andres Zaplana Marin La tesis se centra en la representaci\u00f3n que el cine ha realizado del entorno [&hellip;]<\/p>\n","protected":false},"author":1,"featured_media":0,"comment_status":"open","ping_status":"open","sticky":false,"template":"","format":"standard","meta":{"site-sidebar-layout":"default","site-content-layout":"","ast-site-content-layout":"","site-content-style":"default","site-sidebar-style":"default","ast-global-header-display":"","ast-banner-title-visibility":"","ast-main-header-display":"","ast-hfb-above-header-display":"","ast-hfb-below-header-display":"","ast-hfb-mobile-header-display":"","site-post-title":"","ast-breadcrumbs-content":"","ast-featured-img":"","footer-sml-layout":"","theme-transparent-header-meta":"","adv-header-id-meta":"","stick-header-meta":"","header-above-stick-meta":"","header-main-stick-meta":"","header-below-stick-meta":"","astra-migrate-meta-layouts":"default","ast-page-background-enabled":"default","ast-page-background-meta":{"desktop":{"background-color":"var(--ast-global-color-4)","background-image":"","background-repeat":"repeat","background-position":"center center","background-size":"auto","background-attachment":"scroll","background-type":"","background-media":"","overlay-type":"","overlay-color":"","overlay-gradient":""},"tablet":{"background-color":"","background-image":"","background-repeat":"repeat","background-position":"center center","background-size":"auto","background-attachment":"scroll","background-type":"","background-media":"","overlay-type":"","overlay-color":"","overlay-gradient":""},"mobile":{"background-color":"","background-image":"","background-repeat":"repeat","background-position":"center center","background-size":"auto","background-attachment":"scroll","background-type":"","background-media":"","overlay-type":"","overlay-color":"","overlay-gradient":""}},"ast-content-background-meta":{"desktop":{"background-color":"var(--ast-global-color-5)","background-image":"","background-repeat":"repeat","background-position":"center center","background-size":"auto","background-attachment":"scroll","background-type":"","background-media":"","overlay-type":"","overlay-color":"","overlay-gradient":""},"tablet":{"background-color":"var(--ast-global-color-5)","background-image":"","background-repeat":"repeat","background-position":"center center","background-size":"auto","background-attachment":"scroll","background-type":"","background-media":"","overlay-type":"","overlay-color":"","overlay-gradient":""},"mobile":{"background-color":"var(--ast-global-color-5)","background-image":"","background-repeat":"repeat","background-position":"center center","background-size":"auto","background-attachment":"scroll","background-type":"","background-media":"","overlay-type":"","overlay-color":"","overlay-gradient":""}},"footnotes":""},"categories":[8235],"tags":[150871,69641,8687,18829,37449],"class_list":["post-68756","post","type-post","status-publish","format-standard","hentry","category-murcia","tag-andres-zaplana-marin","tag-colom-canellas-antoni-j","tag-juan-saez-carreras","tag-marti-xavier-march-cerd","tag-violeta-nunez-perez"],"_links":{"self":[{"href":"https:\/\/www.deberes.net\/tesis\/wp-json\/wp\/v2\/posts\/68756","targetHints":{"allow":["GET"]}}],"collection":[{"href":"https:\/\/www.deberes.net\/tesis\/wp-json\/wp\/v2\/posts"}],"about":[{"href":"https:\/\/www.deberes.net\/tesis\/wp-json\/wp\/v2\/types\/post"}],"author":[{"embeddable":true,"href":"https:\/\/www.deberes.net\/tesis\/wp-json\/wp\/v2\/users\/1"}],"replies":[{"embeddable":true,"href":"https:\/\/www.deberes.net\/tesis\/wp-json\/wp\/v2\/comments?post=68756"}],"version-history":[{"count":0,"href":"https:\/\/www.deberes.net\/tesis\/wp-json\/wp\/v2\/posts\/68756\/revisions"}],"wp:attachment":[{"href":"https:\/\/www.deberes.net\/tesis\/wp-json\/wp\/v2\/media?parent=68756"}],"wp:term":[{"taxonomy":"category","embeddable":true,"href":"https:\/\/www.deberes.net\/tesis\/wp-json\/wp\/v2\/categories?post=68756"},{"taxonomy":"post_tag","embeddable":true,"href":"https:\/\/www.deberes.net\/tesis\/wp-json\/wp\/v2\/tags?post=68756"}],"curies":[{"name":"wp","href":"https:\/\/api.w.org\/{rel}","templated":true}]}}