{"id":68774,"date":"2018-03-09T23:13:12","date_gmt":"2018-03-09T23:13:12","guid":{"rendered":"https:\/\/www.deberes.net\/tesis\/sin-categoria\/las-islas-canarias-en-los-textos-alemanes-14941865\/"},"modified":"2018-03-09T23:13:12","modified_gmt":"2018-03-09T23:13:12","slug":"las-islas-canarias-en-los-textos-alemanes-14941865","status":"publish","type":"post","link":"https:\/\/www.deberes.net\/tesis\/palmas-de-gran-canaria\/las-islas-canarias-en-los-textos-alemanes-14941865\/","title":{"rendered":"Las islas canarias en los textos alemanes (14941865)."},"content":{"rendered":"<h2>Tesis doctoral de <strong> Marcos Antonio Sarmiento P\u00e9rez <\/strong><\/h2>\n<p>Ordenados cronol\u00f3gicamente, se presentan los textos escritos por autores alemanes sobre las islas canarias desde 1494 hasta 1865.  A las primeras noticias breves de finales del siglo xv, siguen los primeros informes de viajes de alemanes que, de camino hacia  am\u00e9rica, pasaron por las islas en el siglo xvi. En una segunda fase, se analizan las primeras descripciones del archipi\u00e9lago en lengua alemana.  La breve, pero sumamente productiva estancia de humboldt en tenerife, en 1779, marca un nuevo rumbo y, tras \u00e9l, va llegando el segundo grupo de  viajeros y los primeros naturalistas del siglo xix. Con leopold von buch se inicia en 1815 una nueva y valiosa aportaci\u00f3n a la investigaci\u00f3n de la geolog\u00eda del archuipi\u00e9lago, y georg hartung realiza la primera descripci\u00f3n geol\u00f3gica de lanzarote y fuerteventura. julius f. Von minutoli nos deja un primer estudio socioecon\u00f3mico de las islas.  En el bot\u00e1nico hermann schacht visita el archipi\u00e9lago por motivos de salud, por lo que constituye el primer turista alem\u00e1n en las islas del que tenemos constancia por escrito.  Finalmente, el bot\u00e1nico y ornit\u00f3logo carl  bolle, que pas\u00f3 en las islas dos a\u00f1os, realiz\u00f3 una considerable aportaci\u00f3n cient\u00edfica la investigaci\u00f3n de la flora y la ornitolog\u00eda canarias.<\/p>\n<p>&nbsp;<\/p>\n<h3>Datos acad\u00e9micos de la tesis doctoral \u00ab<strong>Las islas canarias en los textos alemanes (14941865).<\/strong>\u00ab<\/h3>\n<ul>\n<li><strong>T\u00edtulo de la tesis:<\/strong>\u00a0 Las islas canarias en los textos alemanes (14941865). <\/li>\n<li><strong>Autor:<\/strong>\u00a0 Marcos Antonio Sarmiento P\u00e9rez <\/li>\n<li><strong>Universidad:<\/strong>\u00a0 Palmas de gran canaria<\/li>\n<li><strong>Fecha de lectura de la tesis:<\/strong>\u00a0 29\/06\/2004<\/li>\n<\/ul>\n<p>&nbsp;<\/p>\n<h3>Direcci\u00f3n y tribunal<\/h3>\n<ul>\n<li><strong>Director de la tesis<\/strong>\n<ul>\n<li>Manuel Lobo Cabrera<\/li>\n<\/ul>\n<\/li>\n<li><strong>Tribunal<\/strong>\n<ul>\n<li>Presidente del tribunal: elisa Torres santana <\/li>\n<li>Manuel Maldonado aleman (vocal)<\/li>\n<li> Quintana navarro Francisco del pino (vocal)<\/li>\n<li> Mari\u00f1o gomez Francisco Manuel (vocal)<\/li>\n<\/ul>\n<\/li>\n<\/ul>\n<p>&nbsp;<\/p>\n","protected":false},"excerpt":{"rendered":"<p>Tesis doctoral de Marcos Antonio Sarmiento P\u00e9rez Ordenados cronol\u00f3gicamente, se presentan los textos escritos por autores alemanes sobre las islas [&hellip;]<\/p>\n","protected":false},"author":1,"featured_media":0,"comment_status":"open","ping_status":"open","sticky":false,"template":"","format":"standard","meta":{"site-sidebar-layout":"default","site-content-layout":"","ast-site-content-layout":"","site-content-style":"default","site-sidebar-style":"default","ast-global-header-display":"","ast-banner-title-visibility":"","ast-main-header-display":"","ast-hfb-above-header-display":"","ast-hfb-below-header-display":"","ast-hfb-mobile-header-display":"","site-post-title":"","ast-breadcrumbs-content":"","ast-featured-img":"","footer-sml-layout":"","theme-transparent-header-meta":"","adv-header-id-meta":"","stick-header-meta":"","header-above-stick-meta":"","header-main-stick-meta":"","header-below-stick-meta":"","astra-migrate-meta-layouts":"default","ast-page-background-enabled":"default","ast-page-background-meta":{"desktop":{"background-color":"var(--ast-global-color-4)","background-image":"","background-repeat":"repeat","background-position":"center center","background-size":"auto","background-attachment":"scroll","background-type":"","background-media":"","overlay-type":"","overlay-color":"","overlay-gradient":""},"tablet":{"background-color":"","background-image":"","background-repeat":"repeat","background-position":"center center","background-size":"auto","background-attachment":"scroll","background-type":"","background-media":"","overlay-type":"","overlay-color":"","overlay-gradient":""},"mobile":{"background-color":"","background-image":"","background-repeat":"repeat","background-position":"center center","background-size":"auto","background-attachment":"scroll","background-type":"","background-media":"","overlay-type":"","overlay-color":"","overlay-gradient":""}},"ast-content-background-meta":{"desktop":{"background-color":"var(--ast-global-color-5)","background-image":"","background-repeat":"repeat","background-position":"center center","background-size":"auto","background-attachment":"scroll","background-type":"","background-media":"","overlay-type":"","overlay-color":"","overlay-gradient":""},"tablet":{"background-color":"var(--ast-global-color-5)","background-image":"","background-repeat":"repeat","background-position":"center center","background-size":"auto","background-attachment":"scroll","background-type":"","background-media":"","overlay-type":"","overlay-color":"","overlay-gradient":""},"mobile":{"background-color":"var(--ast-global-color-5)","background-image":"","background-repeat":"repeat","background-position":"center center","background-size":"auto","background-attachment":"scroll","background-type":"","background-media":"","overlay-type":"","overlay-color":"","overlay-gradient":""}},"footnotes":""},"categories":[16629],"tags":[19197,19073,11086,150897,150899,150898],"class_list":["post-68774","post","type-post","status-publish","format-standard","hentry","category-palmas-de-gran-canaria","tag-elisa-torres-santana","tag-manuel-lobo-cabrera","tag-manuel-maldonado-aleman","tag-marcos-antonio-sarmiento-perez","tag-marino-gomez-francisco-manuel","tag-quintana-navarro-francisco-del-pino"],"_links":{"self":[{"href":"https:\/\/www.deberes.net\/tesis\/wp-json\/wp\/v2\/posts\/68774","targetHints":{"allow":["GET"]}}],"collection":[{"href":"https:\/\/www.deberes.net\/tesis\/wp-json\/wp\/v2\/posts"}],"about":[{"href":"https:\/\/www.deberes.net\/tesis\/wp-json\/wp\/v2\/types\/post"}],"author":[{"embeddable":true,"href":"https:\/\/www.deberes.net\/tesis\/wp-json\/wp\/v2\/users\/1"}],"replies":[{"embeddable":true,"href":"https:\/\/www.deberes.net\/tesis\/wp-json\/wp\/v2\/comments?post=68774"}],"version-history":[{"count":0,"href":"https:\/\/www.deberes.net\/tesis\/wp-json\/wp\/v2\/posts\/68774\/revisions"}],"wp:attachment":[{"href":"https:\/\/www.deberes.net\/tesis\/wp-json\/wp\/v2\/media?parent=68774"}],"wp:term":[{"taxonomy":"category","embeddable":true,"href":"https:\/\/www.deberes.net\/tesis\/wp-json\/wp\/v2\/categories?post=68774"},{"taxonomy":"post_tag","embeddable":true,"href":"https:\/\/www.deberes.net\/tesis\/wp-json\/wp\/v2\/tags?post=68774"}],"curies":[{"name":"wp","href":"https:\/\/api.w.org\/{rel}","templated":true}]}}