{"id":68839,"date":"2018-03-09T23:13:15","date_gmt":"2018-03-09T23:13:15","guid":{"rendered":"https:\/\/www.deberes.net\/tesis\/sin-categoria\/el-comic-underground-espanol-1970-1980-esputos-de-papel\/"},"modified":"2018-03-09T23:13:15","modified_gmt":"2018-03-09T23:13:15","slug":"el-comic-underground-espanol-1970-1980-esputos-de-papel","status":"publish","type":"post","link":"https:\/\/www.deberes.net\/tesis\/sin-categoria\/el-comic-underground-espanol-1970-1980-esputos-de-papel\/","title":{"rendered":"El c\u00f3mic underground espa\u00f1ol, 1970-1980 (esputos de papel)"},"content":{"rendered":"<h2>Tesis doctoral de <strong>  Dopico De Godos Pablo <\/strong><\/h2>\n<p>El presente estudio multidisciplinar ofrece una investigaci\u00f3n sistem\u00e1tica de la historia del c\u00f3mic underground espa\u00f1ol de los a\u00f1os setenta, desde sus or\u00edgenes en los censores y dictatoriales primeros a\u00f1os de la d\u00e9cada, cuando llegaron al pa\u00eds los primeros aires de libertad procedentes de otros pa\u00edses: pesando por su desarrollo durante la transici\u00f3n pol\u00edtica, en un per\u00edodo de efervescencia creativa que vio nacer numerosas revistas y fanzines marginales; hasta su implantaci\u00f3n en los democr\u00e1ticos a\u00f1os ochenta, en los que se produce su aceptaci\u00f3n social y su explotaci\u00f3n comercial. Junto a sus caracter\u00edsticas y publicaciones m\u00e1s importantes, se examinan los datos biogr\u00e1ficos y las obras m\u00e1s emblem\u00e1ticas de sus princiaples autores, ceesepe, gallardo, mariscal, max y nazario, que revelan el esp\u00edritu vanguardista de unos artistas con inquietudes creativas diferentes a las establecidas que utilizaron la historieta como medio de expresi\u00f3n, enriqueci\u00e9ndola con nuevas aportaciones procedentes de otras artes y crearon uno de los estilos m\u00e1s importantes e innovadores del c\u00f3mic espa\u00f1ol contempor\u00e1neo.<\/p>\n<p>&nbsp;<\/p>\n<h3>Datos acad\u00e9micos de la tesis doctoral \u00ab<strong>El c\u00f3mic underground espa\u00f1ol, 1970-1980 (esputos de papel)<\/strong>\u00ab<\/h3>\n<ul>\n<li><strong>T\u00edtulo de la tesis:<\/strong>\u00a0 El c\u00f3mic underground espa\u00f1ol, 1970-1980 (esputos de papel) <\/li>\n<li><strong>Autor:<\/strong>\u00a0  Dopico De Godos Pablo <\/li>\n<li><strong>Universidad:<\/strong>\u00a0 Aut\u00f3noma de Madrid<\/li>\n<li><strong>Fecha de lectura de la tesis:<\/strong>\u00a0 30\/06\/2004<\/li>\n<\/ul>\n<p>&nbsp;<\/p>\n<h3>Direcci\u00f3n y tribunal<\/h3>\n<ul>\n<li><strong>Director de la tesis<\/strong>\n<ul>\n<li>Antonio Ramirez Juan<\/li>\n<\/ul>\n<\/li>\n<li><strong>Tribunal<\/strong>\n<ul>\n<li>Presidente del tribunal:  Plaza Santiago Francisco Javierde la <\/li>\n<li>Antonio Altarriba ordo\u00f1ez (vocal)<\/li>\n<li>Antonio Lara Garc\u00eda (vocal)<\/li>\n<li>Valencia Camporesi lami (vocal)<\/li>\n<\/ul>\n<\/li>\n<\/ul>\n<p>&nbsp;<\/p>\n","protected":false},"excerpt":{"rendered":"<p>Tesis doctoral de Dopico De Godos Pablo El presente estudio multidisciplinar ofrece una investigaci\u00f3n sistem\u00e1tica de la historia del c\u00f3mic [&hellip;]<\/p>\n","protected":false},"author":1,"featured_media":0,"comment_status":"open","ping_status":"open","sticky":false,"template":"","format":"standard","meta":{"site-sidebar-layout":"default","site-content-layout":"","ast-site-content-layout":"","site-content-style":"default","site-sidebar-style":"default","ast-global-header-display":"","ast-banner-title-visibility":"","ast-main-header-display":"","ast-hfb-above-header-display":"","ast-hfb-below-header-display":"","ast-hfb-mobile-header-display":"","site-post-title":"","ast-breadcrumbs-content":"","ast-featured-img":"","footer-sml-layout":"","theme-transparent-header-meta":"","adv-header-id-meta":"","stick-header-meta":"","header-above-stick-meta":"","header-main-stick-meta":"","header-below-stick-meta":"","astra-migrate-meta-layouts":"default","ast-page-background-enabled":"default","ast-page-background-meta":{"desktop":{"background-color":"var(--ast-global-color-4)","background-image":"","background-repeat":"repeat","background-position":"center center","background-size":"auto","background-attachment":"scroll","background-type":"","background-media":"","overlay-type":"","overlay-color":"","overlay-gradient":""},"tablet":{"background-color":"","background-image":"","background-repeat":"repeat","background-position":"center center","background-size":"auto","background-attachment":"scroll","background-type":"","background-media":"","overlay-type":"","overlay-color":"","overlay-gradient":""},"mobile":{"background-color":"","background-image":"","background-repeat":"repeat","background-position":"center center","background-size":"auto","background-attachment":"scroll","background-type":"","background-media":"","overlay-type":"","overlay-color":"","overlay-gradient":""}},"ast-content-background-meta":{"desktop":{"background-color":"var(--ast-global-color-5)","background-image":"","background-repeat":"repeat","background-position":"center center","background-size":"auto","background-attachment":"scroll","background-type":"","background-media":"","overlay-type":"","overlay-color":"","overlay-gradient":""},"tablet":{"background-color":"var(--ast-global-color-5)","background-image":"","background-repeat":"repeat","background-position":"center center","background-size":"auto","background-attachment":"scroll","background-type":"","background-media":"","overlay-type":"","overlay-color":"","overlay-gradient":""},"mobile":{"background-color":"var(--ast-global-color-5)","background-image":"","background-repeat":"repeat","background-position":"center center","background-size":"auto","background-attachment":"scroll","background-type":"","background-media":"","overlay-type":"","overlay-color":"","overlay-gradient":""}},"footnotes":""},"categories":[1],"tags":[12453,5272,31435,151005,43516,151006],"class_list":["post-68839","post","type-post","status-publish","format-standard","hentry","category-sin-categoria","tag-antonio-altarriba-ordonez","tag-antonio-lara-garcia","tag-antonio-ramirez-juan","tag-dopico-de-godos-pablo","tag-plaza-santiago-francisco-javierde-la","tag-valencia-camporesi-lami"],"_links":{"self":[{"href":"https:\/\/www.deberes.net\/tesis\/wp-json\/wp\/v2\/posts\/68839","targetHints":{"allow":["GET"]}}],"collection":[{"href":"https:\/\/www.deberes.net\/tesis\/wp-json\/wp\/v2\/posts"}],"about":[{"href":"https:\/\/www.deberes.net\/tesis\/wp-json\/wp\/v2\/types\/post"}],"author":[{"embeddable":true,"href":"https:\/\/www.deberes.net\/tesis\/wp-json\/wp\/v2\/users\/1"}],"replies":[{"embeddable":true,"href":"https:\/\/www.deberes.net\/tesis\/wp-json\/wp\/v2\/comments?post=68839"}],"version-history":[{"count":0,"href":"https:\/\/www.deberes.net\/tesis\/wp-json\/wp\/v2\/posts\/68839\/revisions"}],"wp:attachment":[{"href":"https:\/\/www.deberes.net\/tesis\/wp-json\/wp\/v2\/media?parent=68839"}],"wp:term":[{"taxonomy":"category","embeddable":true,"href":"https:\/\/www.deberes.net\/tesis\/wp-json\/wp\/v2\/categories?post=68839"},{"taxonomy":"post_tag","embeddable":true,"href":"https:\/\/www.deberes.net\/tesis\/wp-json\/wp\/v2\/tags?post=68839"}],"curies":[{"name":"wp","href":"https:\/\/api.w.org\/{rel}","templated":true}]}}