{"id":68859,"date":"2004-01-07T00:00:00","date_gmt":"2004-01-07T00:00:00","guid":{"rendered":"https:\/\/www.deberes.net\/tesis\/sin-categoria\/estudio-de-alteraciones-moleculares-en-el-carcinoma-colorrectal-valor-pronostico-y-predictivo-de-respuesta\/"},"modified":"2004-01-07T00:00:00","modified_gmt":"2004-01-07T00:00:00","slug":"estudio-de-alteraciones-moleculares-en-el-carcinoma-colorrectal-valor-pronostico-y-predictivo-de-respuesta","status":"publish","type":"post","link":"https:\/\/www.deberes.net\/tesis\/cordoba\/estudio-de-alteraciones-moleculares-en-el-carcinoma-colorrectal-valor-pronostico-y-predictivo-de-respuesta\/","title":{"rendered":"Estudio de alteraciones moleculares en el carcinoma colorrectal: valor pron\u00f3stico y predictivo de respuesta"},"content":{"rendered":"<h2>Tesis doctoral de <strong> Mar\u00eda  Auxiliadora Gomez Espa\u00f1a <\/strong><\/h2>\n<p>Con respecto al c\u00e1ncer colorrectal en particular, no todos los enfermos se van a beneficiar de las medidas de tratamientos desarrolladas. La gran heterogeneidad interindividual y tumoral nos lleva a situaciones muy frecuentes en la pr\u00e1ctica asistencial como muy distintas toxicidades y tasas de respuestas para un mismo f\u00e1rmaco o combinaciones y supervivencias muy dispares para un mismo estadio.  a esta situaci\u00f3n se ha llegado en el carcinoma colorrectal recientemente y hay pocos estudios que aborden esta problem\u00e1tica. Resulta por tanto necesario conocer qu\u00e9 caracter\u00edsticas dependientes del individuo y de su tumor determinan su evoluci\u00f3n tras un determinado tratamiento. esto nos ser\u00e1 de utilidad en la pr\u00e1ctica cl\u00ednica diaria ya que para el estudio de un determinado f\u00e1rmaco podamos agrupar pacientes con similares caracter\u00edsticas en cuanto a su evoluci\u00f3n, toxicidad y probabilidades de beneficio y respuestas.  a pesar de la aparici\u00f3n de nuevos factores pron\u00f3sticos, nos cuestionamos su utilidad cl\u00ednica, ello es debido fundamentalmente a los defectos de los trabajos que se han desarrollado, son estudios irregulares, casi siempre retrospectivos, con errores metodol\u00f3gicos, resultados no reproducibles e irregulares; la mayor\u00eda de estos estudios analizan un factor aislado y por otro lado no debemos olvidar la heterogeneidad en la evoluci\u00f3n cl\u00ednica del carcinoma colorrectal.  en el c\u00e1ncer colorrectal los objetivos perseguidos por los factores pron\u00f3sticos son predecir: la posibilidad de invasi\u00f3n regional o sist\u00e9mica; la efectividad de un tratamiento quir\u00fargico; la respuesta de un tratamiento con quimioterapia, radioterapia o ambas; el patr\u00f3n de recurrencias y la supervivencia.  los objetivos del presente trabajo son:  1.- estudiar los factores pron\u00f3sticos cl\u00ednicos-patol\u00f3gicos y su correlaci\u00f3n con el tiempo a progresi\u00f3n y supervivencia tras la reca\u00edda.  2.- Determinar el valor de las alteraciones en las v\u00edas<\/p>\n<p>&nbsp;<\/p>\n<h3>Datos acad\u00e9micos de la tesis doctoral \u00ab<strong>Estudio de alteraciones moleculares en el carcinoma colorrectal: valor pron\u00f3stico y predictivo de respuesta<\/strong>\u00ab<\/h3>\n<ul>\n<li><strong>T\u00edtulo de la tesis:<\/strong>\u00a0 Estudio de alteraciones moleculares en el carcinoma colorrectal: valor pron\u00f3stico y predictivo de respuesta <\/li>\n<li><strong>Autor:<\/strong>\u00a0 Mar\u00eda  Auxiliadora Gomez Espa\u00f1a <\/li>\n<li><strong>Universidad:<\/strong>\u00a0 C\u00f3rdoba<\/li>\n<li><strong>Fecha de lectura de la tesis:<\/strong>\u00a0 01\/07\/2004<\/li>\n<\/ul>\n<p>&nbsp;<\/p>\n<h3>Direcci\u00f3n y tribunal<\/h3>\n<ul>\n<li><strong>Director de la tesis<\/strong>\n<ul>\n<li>Enrique Aranda Aguilar<\/li>\n<\/ul>\n<\/li>\n<li><strong>Tribunal<\/strong>\n<ul>\n<li>Presidente del tribunal: pedro S\u00e1nchez guijo <\/li>\n<li>sebastian Rufian pe\u00f1a (vocal)<\/li>\n<li> Jose Andr\u00e9s moreno nogueira (vocal)<\/li>\n<li>alfredo Carrato mena (vocal)<\/li>\n<\/ul>\n<\/li>\n<\/ul>\n<p>&nbsp;<\/p>\n","protected":false},"excerpt":{"rendered":"<p>Tesis doctoral de Mar\u00eda Auxiliadora Gomez Espa\u00f1a Con respecto al c\u00e1ncer colorrectal en particular, no todos los enfermos se van [&hellip;]<\/p>\n","protected":false},"author":1,"featured_media":0,"comment_status":"open","ping_status":"open","sticky":false,"template":"","format":"standard","meta":{"site-sidebar-layout":"default","site-content-layout":"","ast-site-content-layout":"","site-content-style":"default","site-sidebar-style":"default","ast-global-header-display":"","ast-banner-title-visibility":"","ast-main-header-display":"","ast-hfb-above-header-display":"","ast-hfb-below-header-display":"","ast-hfb-mobile-header-display":"","site-post-title":"","ast-breadcrumbs-content":"","ast-featured-img":"","footer-sml-layout":"","theme-transparent-header-meta":"","adv-header-id-meta":"","stick-header-meta":"","header-above-stick-meta":"","header-main-stick-meta":"","header-below-stick-meta":"","astra-migrate-meta-layouts":"default","ast-page-background-enabled":"default","ast-page-background-meta":{"desktop":{"background-color":"var(--ast-global-color-4)","background-image":"","background-repeat":"repeat","background-position":"center center","background-size":"auto","background-attachment":"scroll","background-type":"","background-media":"","overlay-type":"","overlay-color":"","overlay-gradient":""},"tablet":{"background-color":"","background-image":"","background-repeat":"repeat","background-position":"center center","background-size":"auto","background-attachment":"scroll","background-type":"","background-media":"","overlay-type":"","overlay-color":"","overlay-gradient":""},"mobile":{"background-color":"","background-image":"","background-repeat":"repeat","background-position":"center center","background-size":"auto","background-attachment":"scroll","background-type":"","background-media":"","overlay-type":"","overlay-color":"","overlay-gradient":""}},"ast-content-background-meta":{"desktop":{"background-color":"var(--ast-global-color-5)","background-image":"","background-repeat":"repeat","background-position":"center center","background-size":"auto","background-attachment":"scroll","background-type":"","background-media":"","overlay-type":"","overlay-color":"","overlay-gradient":""},"tablet":{"background-color":"var(--ast-global-color-5)","background-image":"","background-repeat":"repeat","background-position":"center center","background-size":"auto","background-attachment":"scroll","background-type":"","background-media":"","overlay-type":"","overlay-color":"","overlay-gradient":""},"mobile":{"background-color":"var(--ast-global-color-5)","background-image":"","background-repeat":"repeat","background-position":"center center","background-size":"auto","background-attachment":"scroll","background-type":"","background-media":"","overlay-type":"","overlay-color":"","overlay-gradient":""}},"footnotes":""},"categories":[973],"tags":[12099,1974,151042,151041,1935,20861],"class_list":["post-68859","post","type-post","status-publish","format-standard","hentry","category-cordoba","tag-alfredo-carrato-mena","tag-enrique-aranda-aguilar","tag-jose-andres-moreno-nogueira","tag-maria-auxiliadora-gomez-espana","tag-pedro-sanchez-guijo","tag-sebastian-rufian-pena"],"_links":{"self":[{"href":"https:\/\/www.deberes.net\/tesis\/wp-json\/wp\/v2\/posts\/68859","targetHints":{"allow":["GET"]}}],"collection":[{"href":"https:\/\/www.deberes.net\/tesis\/wp-json\/wp\/v2\/posts"}],"about":[{"href":"https:\/\/www.deberes.net\/tesis\/wp-json\/wp\/v2\/types\/post"}],"author":[{"embeddable":true,"href":"https:\/\/www.deberes.net\/tesis\/wp-json\/wp\/v2\/users\/1"}],"replies":[{"embeddable":true,"href":"https:\/\/www.deberes.net\/tesis\/wp-json\/wp\/v2\/comments?post=68859"}],"version-history":[{"count":0,"href":"https:\/\/www.deberes.net\/tesis\/wp-json\/wp\/v2\/posts\/68859\/revisions"}],"wp:attachment":[{"href":"https:\/\/www.deberes.net\/tesis\/wp-json\/wp\/v2\/media?parent=68859"}],"wp:term":[{"taxonomy":"category","embeddable":true,"href":"https:\/\/www.deberes.net\/tesis\/wp-json\/wp\/v2\/categories?post=68859"},{"taxonomy":"post_tag","embeddable":true,"href":"https:\/\/www.deberes.net\/tesis\/wp-json\/wp\/v2\/tags?post=68859"}],"curies":[{"name":"wp","href":"https:\/\/api.w.org\/{rel}","templated":true}]}}