{"id":68951,"date":"2004-02-07T00:00:00","date_gmt":"2004-02-07T00:00:00","guid":{"rendered":"https:\/\/www.deberes.net\/tesis\/sin-categoria\/percepciones-y-actitudes-sobre-el-alumno-tartamudo-en-educacion-primaria\/"},"modified":"2004-02-07T00:00:00","modified_gmt":"2004-02-07T00:00:00","slug":"percepciones-y-actitudes-sobre-el-alumno-tartamudo-en-educacion-primaria","status":"publish","type":"post","link":"https:\/\/www.deberes.net\/tesis\/oviedo\/percepciones-y-actitudes-sobre-el-alumno-tartamudo-en-educacion-primaria\/","title":{"rendered":"Percepciones y actitudes sobre el alumno tartamudo en educaci\u00f3n primaria"},"content":{"rendered":"<h2>Tesis doctoral de <strong> Luis Andres Castej\u00f3n Fern\u00e1ndez <\/strong><\/h2>\n<p>Las percepciones y actitudes de los maestros sobre los alumnos tartamudos se consideran variables esenciales para el desarrollo de una intervenci\u00f3n educativa que d\u00e9 respuesta a sus necesidades educativas en el marco de una escuela inclusiva. Se realiza una investigaci\u00f3n con dise\u00f1o de encuesta (n=177) en la que se recoge informaci\u00f3n sobre el estereotipo, las creencias y las intenciones conductuales de los maestros sobre los alumnos tartamudos. los resultados indican que el estereotipo negativo que los maestros mantienen sobre los alumnos tartamudos coexiste con creencias positivas para desarrollar una intervenci\u00f3n educativa de car\u00e1cter inclusivo. Las dificultades de los maestros se sit\u00faan en la implementaci\u00f3n de las intenciones por el desconocimiento de procedimientos espec\u00edficos para dar respuesta a las necesidades que los alumnos tartamudos plantean en el aula y en el contexto escolar. Se presentan las implicaciones pr\u00e1cticas que se derivan de estos resultados concretando la orientaci\u00f3n de las acciones formativas dirigidas a los maestros para mejorar la situaci\u00f3n escolar de los alumnos tartamudos.<\/p>\n<p>&nbsp;<\/p>\n<h3>Datos acad\u00e9micos de la tesis doctoral \u00ab<strong>Percepciones y actitudes sobre el alumno tartamudo en educaci\u00f3n primaria<\/strong>\u00ab<\/h3>\n<ul>\n<li><strong>T\u00edtulo de la tesis:<\/strong>\u00a0 Percepciones y actitudes sobre el alumno tartamudo en educaci\u00f3n primaria <\/li>\n<li><strong>Autor:<\/strong>\u00a0 Luis Andres Castej\u00f3n Fern\u00e1ndez <\/li>\n<li><strong>Universidad:<\/strong>\u00a0 Oviedo<\/li>\n<li><strong>Fecha de lectura de la tesis:<\/strong>\u00a0 02\/07\/2004<\/li>\n<\/ul>\n<p>&nbsp;<\/p>\n<h3>Direcci\u00f3n y tribunal<\/h3>\n<ul>\n<li><strong>Director de la tesis<\/strong>\n<ul>\n<li>Jos\u00e9 Carlos Nu\u00f1ez Perez<\/li>\n<\/ul>\n<\/li>\n<li><strong>Tribunal<\/strong>\n<ul>\n<li>Presidente del tribunal: eliseo alfonso Barca lozano <\/li>\n<li>Miguel \u00e1ngel Carbonero mart\u00edn (vocal)<\/li>\n<li>raimundo Olano rey (vocal)<\/li>\n<li>marina Alvarez hernandez (vocal)<\/li>\n<\/ul>\n<\/li>\n<\/ul>\n<p>&nbsp;<\/p>\n","protected":false},"excerpt":{"rendered":"<p>Tesis doctoral de Luis Andres Castej\u00f3n Fern\u00e1ndez Las percepciones y actitudes de los maestros sobre los alumnos tartamudos se consideran [&hellip;]<\/p>\n","protected":false},"author":1,"featured_media":0,"comment_status":"open","ping_status":"open","sticky":false,"template":"","format":"standard","meta":{"site-sidebar-layout":"default","site-content-layout":"","ast-site-content-layout":"","site-content-style":"default","site-sidebar-style":"default","ast-global-header-display":"","ast-banner-title-visibility":"","ast-main-header-display":"","ast-hfb-above-header-display":"","ast-hfb-below-header-display":"","ast-hfb-mobile-header-display":"","site-post-title":"","ast-breadcrumbs-content":"","ast-featured-img":"","footer-sml-layout":"","theme-transparent-header-meta":"","adv-header-id-meta":"","stick-header-meta":"","header-above-stick-meta":"","header-main-stick-meta":"","header-below-stick-meta":"","astra-migrate-meta-layouts":"default","ast-page-background-enabled":"default","ast-page-background-meta":{"desktop":{"background-color":"var(--ast-global-color-4)","background-image":"","background-repeat":"repeat","background-position":"center center","background-size":"auto","background-attachment":"scroll","background-type":"","background-media":"","overlay-type":"","overlay-color":"","overlay-gradient":""},"tablet":{"background-color":"","background-image":"","background-repeat":"repeat","background-position":"center center","background-size":"auto","background-attachment":"scroll","background-type":"","background-media":"","overlay-type":"","overlay-color":"","overlay-gradient":""},"mobile":{"background-color":"","background-image":"","background-repeat":"repeat","background-position":"center center","background-size":"auto","background-attachment":"scroll","background-type":"","background-media":"","overlay-type":"","overlay-color":"","overlay-gradient":""}},"ast-content-background-meta":{"desktop":{"background-color":"var(--ast-global-color-5)","background-image":"","background-repeat":"repeat","background-position":"center center","background-size":"auto","background-attachment":"scroll","background-type":"","background-media":"","overlay-type":"","overlay-color":"","overlay-gradient":""},"tablet":{"background-color":"var(--ast-global-color-5)","background-image":"","background-repeat":"repeat","background-position":"center center","background-size":"auto","background-attachment":"scroll","background-type":"","background-media":"","overlay-type":"","overlay-color":"","overlay-gradient":""},"mobile":{"background-color":"var(--ast-global-color-5)","background-image":"","background-repeat":"repeat","background-position":"center center","background-size":"auto","background-attachment":"scroll","background-type":"","background-media":"","overlay-type":"","overlay-color":"","overlay-gradient":""}},"footnotes":""},"categories":[8846],"tags":[21321,21545,118618,70093,9470,9075],"class_list":["post-68951","post","type-post","status-publish","format-standard","hentry","category-oviedo","tag-eliseo-alfonso-barca-lozano","tag-jose-carlos-nunez-perez","tag-luis-andres-castejon-fernandez","tag-marina-alvarez-hernandez","tag-miguel-angel-carbonero-martin","tag-raimundo-olano-rey"],"_links":{"self":[{"href":"https:\/\/www.deberes.net\/tesis\/wp-json\/wp\/v2\/posts\/68951","targetHints":{"allow":["GET"]}}],"collection":[{"href":"https:\/\/www.deberes.net\/tesis\/wp-json\/wp\/v2\/posts"}],"about":[{"href":"https:\/\/www.deberes.net\/tesis\/wp-json\/wp\/v2\/types\/post"}],"author":[{"embeddable":true,"href":"https:\/\/www.deberes.net\/tesis\/wp-json\/wp\/v2\/users\/1"}],"replies":[{"embeddable":true,"href":"https:\/\/www.deberes.net\/tesis\/wp-json\/wp\/v2\/comments?post=68951"}],"version-history":[{"count":0,"href":"https:\/\/www.deberes.net\/tesis\/wp-json\/wp\/v2\/posts\/68951\/revisions"}],"wp:attachment":[{"href":"https:\/\/www.deberes.net\/tesis\/wp-json\/wp\/v2\/media?parent=68951"}],"wp:term":[{"taxonomy":"category","embeddable":true,"href":"https:\/\/www.deberes.net\/tesis\/wp-json\/wp\/v2\/categories?post=68951"},{"taxonomy":"post_tag","embeddable":true,"href":"https:\/\/www.deberes.net\/tesis\/wp-json\/wp\/v2\/tags?post=68951"}],"curies":[{"name":"wp","href":"https:\/\/api.w.org\/{rel}","templated":true}]}}