{"id":68965,"date":"2004-02-07T00:00:00","date_gmt":"2004-02-07T00:00:00","guid":{"rendered":"https:\/\/www.deberes.net\/tesis\/sin-categoria\/la-arquitectura-aragonesa-del-quinientos-tradicion-y-modernidad-en-tiempos-de-hernando-de-aragon-1539-1575\/"},"modified":"2004-02-07T00:00:00","modified_gmt":"2004-02-07T00:00:00","slug":"la-arquitectura-aragonesa-del-quinientos-tradicion-y-modernidad-en-tiempos-de-hernando-de-aragon-1539-1575","status":"publish","type":"post","link":"https:\/\/www.deberes.net\/tesis\/zaragoza\/la-arquitectura-aragonesa-del-quinientos-tradicion-y-modernidad-en-tiempos-de-hernando-de-aragon-1539-1575\/","title":{"rendered":"La arquitectura aragonesa del quinientos.  tradici\u00f3n y modernidad en tiempos de hernando de arag\u00f3n (1539-1575)"},"content":{"rendered":"<h2>Tesis doctoral de <strong> Javier Ib\u00e1\u00f1ez Fern\u00e1ndez <\/strong><\/h2>\n<p>Estudio de la arquitectura aragonesa del segundo tercio del siglo xvi, un periodo dominado en todos los sentidos por la figura de hernando de arag\u00f3n, arzobispo de zaragoza (1539-1575) y lugarteniente general del reino (1566-1575).  en este tiempo se asiste a la revoluci\u00f3n de la arquitectura de tradici\u00f3n local, un proceso en el que participan los dos maestros constructores que trabajan para el prelado, charles de mendibe y mart\u00edn de miteza.  Frente a este fen\u00f3meno, patente tanto en el valle medio del ebro, donde se utilizan de forma masiva el ladrillo y el yeso, como en otras regiones en las que se emplea la piedra como material constructivo b\u00e1sico, se articulan otras dos respuestas de aproximaci\u00f3n al renacimiento.  La primera, de ra\u00edz italiana, no supera el \u00e1mbito de la concepci\u00f3n proyectiva, pero la segunda, ejemplificada por la actividad de profesionales for\u00e1neos como pierres vedel, trasciende el campo de la idea, del dise\u00f1o y se adentra en el de la pr\u00e1ctica constructiva, en el de la arquitectura en sentido estricto, el inaugura una l\u00ednea evolutiva que desborda las propias fronteras del reino para continuar su desarrollo en otras regiones lim\u00edtrofes.  despu\u00e9s de presentar una completa visi\u00f3n general de la arquitectura aragonesa del quinientos, la tesis se concentra en el an\u00e1lisis de la desarrollada en segundo tercio de la centuria, que ofrece el inter\u00e9s de presentar distintas respuestas a la voluntad de aprehensi\u00f3n del nuevo lenguaje renacentista, todas ellas muy ricas e interesantes, diferentes entre s\u00ed y con respecto a las articuladas en otras regiones peninsulares.  Inmediatamente despu\u00e9s, se aborda el estudio de los protagonistas de las dos respuestas articuladas desde arag\u00f3n para adaptar el nuevo estilo renacentista: charles de mendibe y mart\u00edn de miteza por un lado, y pierres vedel por otro.  Tras presentar sus respectivos perfiles biogr\u00e1ficos y profesionales, se acomete el estudio monogr\u00e1fico de todas s<\/p>\n<p>&nbsp;<\/p>\n<h3>Datos acad\u00e9micos de la tesis doctoral \u00ab<strong>La arquitectura aragonesa del quinientos.  tradici\u00f3n y modernidad en tiempos de hernando de arag\u00f3n (1539-1575)<\/strong>\u00ab<\/h3>\n<ul>\n<li><strong>T\u00edtulo de la tesis:<\/strong>\u00a0 La arquitectura aragonesa del quinientos.  tradici\u00f3n y modernidad en tiempos de hernando de arag\u00f3n (1539-1575) <\/li>\n<li><strong>Autor:<\/strong>\u00a0 Javier Ib\u00e1\u00f1ez Fern\u00e1ndez <\/li>\n<li><strong>Universidad:<\/strong>\u00a0 Zaragoza<\/li>\n<li><strong>Fecha de lectura de la tesis:<\/strong>\u00a0 02\/07\/2004<\/li>\n<\/ul>\n<p>&nbsp;<\/p>\n<h3>Direcci\u00f3n y tribunal<\/h3>\n<ul>\n<li><strong>Director de la tesis<\/strong>\n<ul>\n<li>Mar\u00eda Isabel \u00e1lvaro Zamora<\/li>\n<\/ul>\n<\/li>\n<li><strong>Tribunal<\/strong>\n<ul>\n<li>Presidente del tribunal: gonzalo Borras gualis <\/li>\n<li>agust\u00edn Bustamante Garc\u00eda (vocal)<\/li>\n<li>alfredo Morales Martinez (vocal)<\/li>\n<li>Jos\u00e9 Latorre ciria (vocal)<\/li>\n<\/ul>\n<\/li>\n<\/ul>\n<p>&nbsp;<\/p>\n","protected":false},"excerpt":{"rendered":"<p>Tesis doctoral de Javier Ib\u00e1\u00f1ez Fern\u00e1ndez Estudio de la arquitectura aragonesa del segundo tercio del siglo xvi, un periodo dominado [&hellip;]<\/p>\n","protected":false},"author":1,"featured_media":0,"comment_status":"open","ping_status":"open","sticky":false,"template":"","format":"standard","meta":{"site-sidebar-layout":"default","site-content-layout":"","ast-site-content-layout":"","site-content-style":"default","site-sidebar-style":"default","ast-global-header-display":"","ast-banner-title-visibility":"","ast-main-header-display":"","ast-hfb-above-header-display":"","ast-hfb-below-header-display":"","ast-hfb-mobile-header-display":"","site-post-title":"","ast-breadcrumbs-content":"","ast-featured-img":"","footer-sml-layout":"","theme-transparent-header-meta":"","adv-header-id-meta":"","stick-header-meta":"","header-above-stick-meta":"","header-main-stick-meta":"","header-below-stick-meta":"","astra-migrate-meta-layouts":"default","ast-page-background-enabled":"default","ast-page-background-meta":{"desktop":{"background-color":"var(--ast-global-color-4)","background-image":"","background-repeat":"repeat","background-position":"center center","background-size":"auto","background-attachment":"scroll","background-type":"","background-media":"","overlay-type":"","overlay-color":"","overlay-gradient":""},"tablet":{"background-color":"","background-image":"","background-repeat":"repeat","background-position":"center center","background-size":"auto","background-attachment":"scroll","background-type":"","background-media":"","overlay-type":"","overlay-color":"","overlay-gradient":""},"mobile":{"background-color":"","background-image":"","background-repeat":"repeat","background-position":"center center","background-size":"auto","background-attachment":"scroll","background-type":"","background-media":"","overlay-type":"","overlay-color":"","overlay-gradient":""}},"ast-content-background-meta":{"desktop":{"background-color":"var(--ast-global-color-5)","background-image":"","background-repeat":"repeat","background-position":"center center","background-size":"auto","background-attachment":"scroll","background-type":"","background-media":"","overlay-type":"","overlay-color":"","overlay-gradient":""},"tablet":{"background-color":"var(--ast-global-color-5)","background-image":"","background-repeat":"repeat","background-position":"center center","background-size":"auto","background-attachment":"scroll","background-type":"","background-media":"","overlay-type":"","overlay-color":"","overlay-gradient":""},"mobile":{"background-color":"var(--ast-global-color-5)","background-image":"","background-repeat":"repeat","background-position":"center center","background-size":"auto","background-attachment":"scroll","background-type":"","background-media":"","overlay-type":"","overlay-color":"","overlay-gradient":""}},"footnotes":""},"categories":[13610],"tags":[30421,3684,5824,151224,151225,30085],"class_list":["post-68965","post","type-post","status-publish","format-standard","hentry","category-zaragoza","tag-agustin-bustamante-garcia","tag-alfredo-morales-Martinez","tag-gonzalo-borras-gualis","tag-javier-ibanez-fernandez","tag-jose-latorre-ciria","tag-maria-isabel-alvaro-zamora"],"_links":{"self":[{"href":"https:\/\/www.deberes.net\/tesis\/wp-json\/wp\/v2\/posts\/68965","targetHints":{"allow":["GET"]}}],"collection":[{"href":"https:\/\/www.deberes.net\/tesis\/wp-json\/wp\/v2\/posts"}],"about":[{"href":"https:\/\/www.deberes.net\/tesis\/wp-json\/wp\/v2\/types\/post"}],"author":[{"embeddable":true,"href":"https:\/\/www.deberes.net\/tesis\/wp-json\/wp\/v2\/users\/1"}],"replies":[{"embeddable":true,"href":"https:\/\/www.deberes.net\/tesis\/wp-json\/wp\/v2\/comments?post=68965"}],"version-history":[{"count":0,"href":"https:\/\/www.deberes.net\/tesis\/wp-json\/wp\/v2\/posts\/68965\/revisions"}],"wp:attachment":[{"href":"https:\/\/www.deberes.net\/tesis\/wp-json\/wp\/v2\/media?parent=68965"}],"wp:term":[{"taxonomy":"category","embeddable":true,"href":"https:\/\/www.deberes.net\/tesis\/wp-json\/wp\/v2\/categories?post=68965"},{"taxonomy":"post_tag","embeddable":true,"href":"https:\/\/www.deberes.net\/tesis\/wp-json\/wp\/v2\/tags?post=68965"}],"curies":[{"name":"wp","href":"https:\/\/api.w.org\/{rel}","templated":true}]}}