{"id":68999,"date":"2004-02-07T00:00:00","date_gmt":"2004-02-07T00:00:00","guid":{"rendered":"https:\/\/www.deberes.net\/tesis\/sin-categoria\/factores-explicativos-del-exito-competitivo-en-la-pyme\/"},"modified":"2004-02-07T00:00:00","modified_gmt":"2004-02-07T00:00:00","slug":"factores-explicativos-del-exito-competitivo-en-la-pyme","status":"publish","type":"post","link":"https:\/\/www.deberes.net\/tesis\/organizacion-y-gestion-de-empresas\/factores-explicativos-del-exito-competitivo-en-la-pyme\/","title":{"rendered":"Factores explicativos del \u00e9xito competitivo en la pyme"},"content":{"rendered":"<h2>Tesis doctoral de <strong> Alicia Rubio Ba\u00f1on <\/strong><\/h2>\n<p>En este trabajo se aborda el estudio del \u00e9xito competitivo de las pyme. En una primera parte te\u00f3rica, se analiza el concepto de competitividad. Para ello se estudian las principales caracter\u00edsticas del t\u00e9rmino, se revisa la forma en que las investigaciones lo han operativizado y se propone una definici\u00f3n. Posteriormente, tras la revisi\u00f3n de los principales marcos te\u00f3ricos se establece la existencia fundamentalmente de tres efectos: el efecto pa\u00eds, el efecto industria y el efecto empresa. Un an\u00e1lisis de la literatura en esta materia lleva a concluir que el efecto empresa es el efecto m\u00e1s importante a la hora de explicar el \u00e9xito competitivo en la empresa. Esta conclusi\u00f3n lleva a, profundizando en este efecto, desarrollar un modelo de gesti\u00f3n espec\u00edfico para las pyme bajo el marco de la teor\u00eda de recursos y capacidades. Concretamente se afirma que los recursos financieros, la tecnolog\u00eda, la innovaci\u00f3n, los recursos financieros, la calidad, la direcci\u00f3n y gesti\u00f3n de los recursos humanos, las capacidades directivas, la estructura organizativa, las tecnolog\u00edas de la informaci\u00f3n y comunicaci\u00f3n, la cultura y la cooperaci\u00f3n son factores que explican el \u00e9xito competitivo en las empresas de menor tama\u00f1o. El que la mayor\u00eda de estos factores hayan sido identificado como factores de \u00e9xito de las grandes empresas lleva a anlizar el papel jugado por los mismos en las pyme. Esta revisi\u00f3n te\u00f3rica se complementa con un an\u00e1lisis emp\u00edrico sobre una muestra de pyme de la regi\u00f3n de murcias. Este estudio consta, a su vez, de dos partes diferenciadas, en la primera de ellas se constata la existencia e importancia de los efectos y se analiza la influencia del horizonte temporal y de la definici\u00f3n de sector utilizada en los resultados de los an\u00e1lisis. Esto permite concluir que el efecto empresa es el efecto m\u00e1s importante de la competitividad tambi\u00e9n en las pyme de la regi\u00f3n de murcia. En la segunda parte de la investigaci\u00f3n emp\u00edrica se contrasta el modelo que profundizaba en el conocimiento de los factores determinantes del efecto empresa, introduciendo como variables independientes ios factores explicativos de \u00e9xito, tres variables de control (tama\u00f1o, antig\u00ed\u00bcedad y tipo de control). Por otro lado, la utilizaci\u00f3n de tres indicadores diferentes como medida de \u00e9xito y la divisi\u00f3n de las empresas en industriales y de servicios permite realizar interesantes reflexiones.<\/p>\n<p>&nbsp;<\/p>\n<h3>Datos acad\u00e9micos de la tesis doctoral \u00ab<strong>Factores explicativos del \u00e9xito competitivo en la pyme<\/strong>\u00ab<\/h3>\n<ul>\n<li><strong>T\u00edtulo de la tesis:<\/strong>\u00a0 Factores explicativos del \u00e9xito competitivo en la pyme <\/li>\n<li><strong>Autor:<\/strong>\u00a0 Alicia Rubio Ba\u00f1on <\/li>\n<li><strong>Universidad:<\/strong>\u00a0 Murcia<\/li>\n<li><strong>Fecha de lectura de la tesis:<\/strong>\u00a0 02\/07\/2004<\/li>\n<\/ul>\n<p>&nbsp;<\/p>\n<h3>Direcci\u00f3n y tribunal<\/h3>\n<ul>\n<li><strong>Director de la tesis<\/strong>\n<ul>\n<li>Antonio Aragon Sanchez<\/li>\n<\/ul>\n<\/li>\n<li><strong>Tribunal<\/strong>\n<ul>\n<li>Presidente del tribunal: eduardo Bueno campos <\/li>\n<li>enrique Claver cortes (vocal)<\/li>\n<li>Jos\u00e9 Luis Gal\u00e1n gonz\u00e1lez (vocal)<\/li>\n<li>c\u00e9sar Camis\u00f3n zornoza (vocal)<\/li>\n<\/ul>\n<\/li>\n<\/ul>\n<p>&nbsp;<\/p>\n","protected":false},"excerpt":{"rendered":"<p>Tesis doctoral de Alicia Rubio Ba\u00f1on En este trabajo se aborda el estudio del \u00e9xito competitivo de las pyme. En [&hellip;]<\/p>\n","protected":false},"author":1,"featured_media":0,"comment_status":"open","ping_status":"open","sticky":false,"template":"","format":"standard","meta":{"site-sidebar-layout":"default","site-content-layout":"","ast-site-content-layout":"","site-content-style":"default","site-sidebar-style":"default","ast-global-header-display":"","ast-banner-title-visibility":"","ast-main-header-display":"","ast-hfb-above-header-display":"","ast-hfb-below-header-display":"","ast-hfb-mobile-header-display":"","site-post-title":"","ast-breadcrumbs-content":"","ast-featured-img":"","footer-sml-layout":"","theme-transparent-header-meta":"","adv-header-id-meta":"","stick-header-meta":"","header-above-stick-meta":"","header-main-stick-meta":"","header-below-stick-meta":"","astra-migrate-meta-layouts":"default","ast-page-background-enabled":"default","ast-page-background-meta":{"desktop":{"background-color":"var(--ast-global-color-4)","background-image":"","background-repeat":"repeat","background-position":"center center","background-size":"auto","background-attachment":"scroll","background-type":"","background-media":"","overlay-type":"","overlay-color":"","overlay-gradient":""},"tablet":{"background-color":"","background-image":"","background-repeat":"repeat","background-position":"center center","background-size":"auto","background-attachment":"scroll","background-type":"","background-media":"","overlay-type":"","overlay-color":"","overlay-gradient":""},"mobile":{"background-color":"","background-image":"","background-repeat":"repeat","background-position":"center center","background-size":"auto","background-attachment":"scroll","background-type":"","background-media":"","overlay-type":"","overlay-color":"","overlay-gradient":""}},"ast-content-background-meta":{"desktop":{"background-color":"var(--ast-global-color-5)","background-image":"","background-repeat":"repeat","background-position":"center center","background-size":"auto","background-attachment":"scroll","background-type":"","background-media":"","overlay-type":"","overlay-color":"","overlay-gradient":""},"tablet":{"background-color":"var(--ast-global-color-5)","background-image":"","background-repeat":"repeat","background-position":"center center","background-size":"auto","background-attachment":"scroll","background-type":"","background-media":"","overlay-type":"","overlay-color":"","overlay-gradient":""},"mobile":{"background-color":"var(--ast-global-color-5)","background-image":"","background-repeat":"repeat","background-position":"center center","background-size":"auto","background-attachment":"scroll","background-type":"","background-media":"","overlay-type":"","overlay-color":"","overlay-gradient":""}},"footnotes":""},"categories":[8235,1302],"tags":[151278,50833,31362,14331,7573,20623],"class_list":["post-68999","post","type-post","status-publish","format-standard","hentry","category-murcia","category-organizacion-y-gestion-de-empresas","tag-alicia-rubio-banon","tag-antonio-aragon-sanchez","tag-cesar-camison-zornoza","tag-eduardo-bueno-campos","tag-enrique-claver-cortes","tag-jose-luis-galan-gonzalez"],"_links":{"self":[{"href":"https:\/\/www.deberes.net\/tesis\/wp-json\/wp\/v2\/posts\/68999","targetHints":{"allow":["GET"]}}],"collection":[{"href":"https:\/\/www.deberes.net\/tesis\/wp-json\/wp\/v2\/posts"}],"about":[{"href":"https:\/\/www.deberes.net\/tesis\/wp-json\/wp\/v2\/types\/post"}],"author":[{"embeddable":true,"href":"https:\/\/www.deberes.net\/tesis\/wp-json\/wp\/v2\/users\/1"}],"replies":[{"embeddable":true,"href":"https:\/\/www.deberes.net\/tesis\/wp-json\/wp\/v2\/comments?post=68999"}],"version-history":[{"count":0,"href":"https:\/\/www.deberes.net\/tesis\/wp-json\/wp\/v2\/posts\/68999\/revisions"}],"wp:attachment":[{"href":"https:\/\/www.deberes.net\/tesis\/wp-json\/wp\/v2\/media?parent=68999"}],"wp:term":[{"taxonomy":"category","embeddable":true,"href":"https:\/\/www.deberes.net\/tesis\/wp-json\/wp\/v2\/categories?post=68999"},{"taxonomy":"post_tag","embeddable":true,"href":"https:\/\/www.deberes.net\/tesis\/wp-json\/wp\/v2\/tags?post=68999"}],"curies":[{"name":"wp","href":"https:\/\/api.w.org\/{rel}","templated":true}]}}