{"id":69003,"date":"2004-03-07T00:00:00","date_gmt":"2004-03-07T00:00:00","guid":{"rendered":"https:\/\/www.deberes.net\/tesis\/sin-categoria\/praxedes-mateo-sagasta-y-el-estado-liberal-burgues-progreso-pola%c2%adtica-y-negocios\/"},"modified":"2004-03-07T00:00:00","modified_gmt":"2004-03-07T00:00:00","slug":"praxedes-mateo-sagasta-y-el-estado-liberal-burgues-progreso-pola%c2%adtica-y-negocios","status":"publish","type":"post","link":"https:\/\/www.deberes.net\/tesis\/zaragoza\/praxedes-mateo-sagasta-y-el-estado-liberal-burgues-progreso-pola%c2%adtica-y-negocios\/","title":{"rendered":"Pr\u00e1xedes mateo-sagasta y el estado liberal burgu\u00e9s; progreso, pol\u00edtica y negocios"},"content":{"rendered":"<h2>Tesis doctoral de <strong> Jos\u00e9 Luis Ollero Vall\u00e9s <\/strong><\/h2>\n<p>El estudio atiende a la elaboraci\u00f3n de una biograf\u00eda pol\u00edtica de pr\u00e1xedes mateo-sagasta en el marco de la renovaci\u00f3n historiogr\u00e1fica del g\u00e9nero, de ah\u00ed que la reconstrucci\u00f3n de la trayectoria individual est\u00e9 orientada a la caracterizaci\u00f3n de problemas o cuestiones generales que trascienden al personaje y apuntan hacia determinados procesos pol\u00edticos, econ\u00f3micos y sociales propios de la revoluci\u00f3n liberal en espa\u00f1a.     la cuesti\u00f3n central que late en el trabajo se concreta en la clarificaci\u00f3n del progresismo, como tendencia pol\u00edtica del liberalismo espa\u00f1ol. A trav\u00e9s de la trayectoria de sagasta, se analiza el discurso, los intereses y la cultura pol\u00edtica del progresismo hasta su disoluci\u00f3n en pleno sexenio democr\u00e1tico. Se consideran, asimismo, las conexiones (e interferencias) del progresismo en torno al poder (c\u00f3mo llega sagasta ala elite pol\u00edtica, de qu\u00e9 medios se vale, para qu\u00e9 lo utiliza, en beneficio de qui\u00e9nes) con especial atenci\u00f3n a la labor de gobierno durante los a\u00f1os que siguieron a la revoluci\u00f3n de 1868. Se detalla, igualmente, la vertiente propietaria y financiera del pol\u00edtico.<\/p>\n<p>&nbsp;<\/p>\n<h3>Datos acad\u00e9micos de la tesis doctoral \u00ab<strong>Pr\u00e1xedes mateo-sagasta y el estado liberal burgu\u00e9s; progreso, pol\u00edtica y negocios<\/strong>\u00ab<\/h3>\n<ul>\n<li><strong>T\u00edtulo de la tesis:<\/strong>\u00a0 Pr\u00e1xedes mateo-sagasta y el estado liberal burgu\u00e9s; progreso, pol\u00edtica y negocios <\/li>\n<li><strong>Autor:<\/strong>\u00a0 Jos\u00e9 Luis Ollero Vall\u00e9s <\/li>\n<li><strong>Universidad:<\/strong>\u00a0 Zaragoza<\/li>\n<li><strong>Fecha de lectura de la tesis:<\/strong>\u00a0 03\/07\/2004<\/li>\n<\/ul>\n<p>&nbsp;<\/p>\n<h3>Direcci\u00f3n y tribunal<\/h3>\n<ul>\n<li><strong>Director de la tesis<\/strong>\n<ul>\n<li>Jos\u00e9 Miguel Delgado Idarreta<\/li>\n<\/ul>\n<\/li>\n<li><strong>Tribunal<\/strong>\n<ul>\n<li>Presidente del tribunal: carmelo Romero salvador <\/li>\n<li>Carlos Dard\u00e9 morales (vocal)<\/li>\n<li>Manuel Su\u00e1rez cortina (vocal)<\/li>\n<li>Javier Moreno luz\u00f3n (vocal)<\/li>\n<\/ul>\n<\/li>\n<\/ul>\n<p>&nbsp;<\/p>\n","protected":false},"excerpt":{"rendered":"<p>Tesis doctoral de Jos\u00e9 Luis Ollero Vall\u00e9s El estudio atiende a la elaboraci\u00f3n de una biograf\u00eda pol\u00edtica de pr\u00e1xedes mateo-sagasta [&hellip;]<\/p>\n","protected":false},"author":1,"featured_media":0,"comment_status":"open","ping_status":"open","sticky":false,"template":"","format":"standard","meta":{"site-sidebar-layout":"default","site-content-layout":"","ast-site-content-layout":"","site-content-style":"default","site-sidebar-style":"default","ast-global-header-display":"","ast-banner-title-visibility":"","ast-main-header-display":"","ast-hfb-above-header-display":"","ast-hfb-below-header-display":"","ast-hfb-mobile-header-display":"","site-post-title":"","ast-breadcrumbs-content":"","ast-featured-img":"","footer-sml-layout":"","theme-transparent-header-meta":"","adv-header-id-meta":"","stick-header-meta":"","header-above-stick-meta":"","header-main-stick-meta":"","header-below-stick-meta":"","astra-migrate-meta-layouts":"default","ast-page-background-enabled":"default","ast-page-background-meta":{"desktop":{"background-color":"var(--ast-global-color-4)","background-image":"","background-repeat":"repeat","background-position":"center center","background-size":"auto","background-attachment":"scroll","background-type":"","background-media":"","overlay-type":"","overlay-color":"","overlay-gradient":""},"tablet":{"background-color":"","background-image":"","background-repeat":"repeat","background-position":"center center","background-size":"auto","background-attachment":"scroll","background-type":"","background-media":"","overlay-type":"","overlay-color":"","overlay-gradient":""},"mobile":{"background-color":"","background-image":"","background-repeat":"repeat","background-position":"center center","background-size":"auto","background-attachment":"scroll","background-type":"","background-media":"","overlay-type":"","overlay-color":"","overlay-gradient":""}},"ast-content-background-meta":{"desktop":{"background-color":"var(--ast-global-color-5)","background-image":"","background-repeat":"repeat","background-position":"center center","background-size":"auto","background-attachment":"scroll","background-type":"","background-media":"","overlay-type":"","overlay-color":"","overlay-gradient":""},"tablet":{"background-color":"var(--ast-global-color-5)","background-image":"","background-repeat":"repeat","background-position":"center center","background-size":"auto","background-attachment":"scroll","background-type":"","background-media":"","overlay-type":"","overlay-color":"","overlay-gradient":""},"mobile":{"background-color":"var(--ast-global-color-5)","background-image":"","background-repeat":"repeat","background-position":"center center","background-size":"auto","background-attachment":"scroll","background-type":"","background-media":"","overlay-type":"","overlay-color":"","overlay-gradient":""}},"footnotes":""},"categories":[13610],"tags":[26299,90698,43839,142263,49189,31988],"class_list":["post-69003","post","type-post","status-publish","format-standard","hentry","category-zaragoza","tag-carlos-darde-morales","tag-carmelo-romero-salvador","tag-javier-moreno-luzon","tag-jose-luis-ollero-valles","tag-jose-miguel-delgado-idarreta","tag-manuel-suarez-cortina"],"_links":{"self":[{"href":"https:\/\/www.deberes.net\/tesis\/wp-json\/wp\/v2\/posts\/69003","targetHints":{"allow":["GET"]}}],"collection":[{"href":"https:\/\/www.deberes.net\/tesis\/wp-json\/wp\/v2\/posts"}],"about":[{"href":"https:\/\/www.deberes.net\/tesis\/wp-json\/wp\/v2\/types\/post"}],"author":[{"embeddable":true,"href":"https:\/\/www.deberes.net\/tesis\/wp-json\/wp\/v2\/users\/1"}],"replies":[{"embeddable":true,"href":"https:\/\/www.deberes.net\/tesis\/wp-json\/wp\/v2\/comments?post=69003"}],"version-history":[{"count":0,"href":"https:\/\/www.deberes.net\/tesis\/wp-json\/wp\/v2\/posts\/69003\/revisions"}],"wp:attachment":[{"href":"https:\/\/www.deberes.net\/tesis\/wp-json\/wp\/v2\/media?parent=69003"}],"wp:term":[{"taxonomy":"category","embeddable":true,"href":"https:\/\/www.deberes.net\/tesis\/wp-json\/wp\/v2\/categories?post=69003"},{"taxonomy":"post_tag","embeddable":true,"href":"https:\/\/www.deberes.net\/tesis\/wp-json\/wp\/v2\/tags?post=69003"}],"curies":[{"name":"wp","href":"https:\/\/api.w.org\/{rel}","templated":true}]}}