{"id":69053,"date":"2004-05-07T00:00:00","date_gmt":"2004-05-07T00:00:00","guid":{"rendered":"https:\/\/www.deberes.net\/tesis\/sin-categoria\/estudio-radiologico-de-la-patologia-del-retropie\/"},"modified":"2004-05-07T00:00:00","modified_gmt":"2004-05-07T00:00:00","slug":"estudio-radiologico-de-la-patologia-del-retropie","status":"publish","type":"post","link":"https:\/\/www.deberes.net\/tesis\/cadiz\/estudio-radiologico-de-la-patologia-del-retropie\/","title":{"rendered":"Estudio radiologico de la patolog\u00eda del retropie"},"content":{"rendered":"<h2>Tesis doctoral de <strong> Mar\u00eda  Del Pilar Jimenez Villares <\/strong><\/h2>\n<p>Las fracturas del calc\u00e1neo suponen un 2% de todas las fracturas corporales: el diagn\u00f3stico es sencillo aunque su tratamiento es, en general muy controvertido. As\u00ed mismo, existen estudios contradictorios sobre el pron\u00f3stico de las fracturas del calc\u00e1neo. Los factores que parecen influir en su pron\u00f3stico han sido muy discutidos y no son muy bien conocidos. en nuestro estudio se intenta relacionar, mediante un estudio de cohortes retrospectivo, en 86 pacientes (100 pies fracturados, ya que 16 fueron bilaterales) los datos epidemiol\u00f3gicos y radiol\u00f3gicos con el pron\u00f3stico, demostr\u00e1ndose que no existe relaci\u00f3n directa. las clasificaciones estudiadas (sandres, crosby, zwipp, duparc y essex-coprest) s\u00f3lo demuestran diferencias significativas con los valores extremos. Dentro de los factores anat\u00f3micos, los que han demostrado diferencias significativas son la afectaci\u00f3n de la articular posterior y la afectaci\u00f3n de la cortical inferior. Adem\u00e1s, hemos demostrado que diferencias en el \u00e1ngulo de b\u00ed\u00b6hler y de guissane tambi\u00e9n son significativas. al realizar un estudio multivariante, se consigue un modelo predictivo con una efectividad del 85%, aproximadamente, con tres factores: -la bilateralidad. -la afectaci\u00f3n cortical inferior. -la reducci\u00f3n anat\u00f3mica de la articular posterior.<\/p>\n<p>&nbsp;<\/p>\n<h3>Datos acad\u00e9micos de la tesis doctoral \u00ab<strong>Estudio radiologico de la patolog\u00eda del retropie<\/strong>\u00ab<\/h3>\n<ul>\n<li><strong>T\u00edtulo de la tesis:<\/strong>\u00a0 Estudio radiologico de la patolog\u00eda del retropie <\/li>\n<li><strong>Autor:<\/strong>\u00a0 Mar\u00eda  Del Pilar Jimenez Villares <\/li>\n<li><strong>Universidad:<\/strong>\u00a0 C\u00e1diz<\/li>\n<li><strong>Fecha de lectura de la tesis:<\/strong>\u00a0 05\/07\/2004<\/li>\n<\/ul>\n<p>&nbsp;<\/p>\n<h3>Direcci\u00f3n y tribunal<\/h3>\n<ul>\n<li><strong>Director de la tesis<\/strong>\n<ul>\n<li>Francisco Lopez  Aguayo<\/li>\n<\/ul>\n<\/li>\n<li><strong>Tribunal<\/strong>\n<ul>\n<li>Presidente del tribunal: avelino Senra varela <\/li>\n<li>Luis Miguel Ca\u00f1adillas barea (vocal)<\/li>\n<li>Juan Sabate diaz (vocal)<\/li>\n<li>Emilio Olloqui mrtin (vocal)<\/li>\n<\/ul>\n<\/li>\n<\/ul>\n<p>&nbsp;<\/p>\n","protected":false},"excerpt":{"rendered":"<p>Tesis doctoral de Mar\u00eda Del Pilar Jimenez Villares Las fracturas del calc\u00e1neo suponen un 2% de todas las fracturas corporales: [&hellip;]<\/p>\n","protected":false},"author":1,"featured_media":0,"comment_status":"open","ping_status":"open","sticky":false,"template":"","format":"standard","meta":{"site-sidebar-layout":"default","site-content-layout":"","ast-site-content-layout":"","site-content-style":"default","site-sidebar-style":"default","ast-global-header-display":"","ast-banner-title-visibility":"","ast-main-header-display":"","ast-hfb-above-header-display":"","ast-hfb-below-header-display":"","ast-hfb-mobile-header-display":"","site-post-title":"","ast-breadcrumbs-content":"","ast-featured-img":"","footer-sml-layout":"","theme-transparent-header-meta":"","adv-header-id-meta":"","stick-header-meta":"","header-above-stick-meta":"","header-main-stick-meta":"","header-below-stick-meta":"","astra-migrate-meta-layouts":"default","ast-page-background-enabled":"default","ast-page-background-meta":{"desktop":{"background-color":"var(--ast-global-color-4)","background-image":"","background-repeat":"repeat","background-position":"center center","background-size":"auto","background-attachment":"scroll","background-type":"","background-media":"","overlay-type":"","overlay-color":"","overlay-gradient":""},"tablet":{"background-color":"","background-image":"","background-repeat":"repeat","background-position":"center center","background-size":"auto","background-attachment":"scroll","background-type":"","background-media":"","overlay-type":"","overlay-color":"","overlay-gradient":""},"mobile":{"background-color":"","background-image":"","background-repeat":"repeat","background-position":"center center","background-size":"auto","background-attachment":"scroll","background-type":"","background-media":"","overlay-type":"","overlay-color":"","overlay-gradient":""}},"ast-content-background-meta":{"desktop":{"background-color":"var(--ast-global-color-5)","background-image":"","background-repeat":"repeat","background-position":"center center","background-size":"auto","background-attachment":"scroll","background-type":"","background-media":"","overlay-type":"","overlay-color":"","overlay-gradient":""},"tablet":{"background-color":"var(--ast-global-color-5)","background-image":"","background-repeat":"repeat","background-position":"center center","background-size":"auto","background-attachment":"scroll","background-type":"","background-media":"","overlay-type":"","overlay-color":"","overlay-gradient":""},"mobile":{"background-color":"var(--ast-global-color-5)","background-image":"","background-repeat":"repeat","background-position":"center center","background-size":"auto","background-attachment":"scroll","background-type":"","background-media":"","overlay-type":"","overlay-color":"","overlay-gradient":""}},"footnotes":""},"categories":[1506,2046],"tags":[1732,151370,1680,3717,67302,151369],"class_list":["post-69053","post","type-post","status-publish","format-standard","hentry","category-cadiz","category-radiologia","tag-avelino-senra-varela","tag-emilio-olloqui-mrtin","tag-francisco-lopez-aguayo","tag-juan-sabate-diaz","tag-luis-miguel-canadillas-barea","tag-maria-del-pilar-jimenez-villares"],"_links":{"self":[{"href":"https:\/\/www.deberes.net\/tesis\/wp-json\/wp\/v2\/posts\/69053","targetHints":{"allow":["GET"]}}],"collection":[{"href":"https:\/\/www.deberes.net\/tesis\/wp-json\/wp\/v2\/posts"}],"about":[{"href":"https:\/\/www.deberes.net\/tesis\/wp-json\/wp\/v2\/types\/post"}],"author":[{"embeddable":true,"href":"https:\/\/www.deberes.net\/tesis\/wp-json\/wp\/v2\/users\/1"}],"replies":[{"embeddable":true,"href":"https:\/\/www.deberes.net\/tesis\/wp-json\/wp\/v2\/comments?post=69053"}],"version-history":[{"count":0,"href":"https:\/\/www.deberes.net\/tesis\/wp-json\/wp\/v2\/posts\/69053\/revisions"}],"wp:attachment":[{"href":"https:\/\/www.deberes.net\/tesis\/wp-json\/wp\/v2\/media?parent=69053"}],"wp:term":[{"taxonomy":"category","embeddable":true,"href":"https:\/\/www.deberes.net\/tesis\/wp-json\/wp\/v2\/categories?post=69053"},{"taxonomy":"post_tag","embeddable":true,"href":"https:\/\/www.deberes.net\/tesis\/wp-json\/wp\/v2\/tags?post=69053"}],"curies":[{"name":"wp","href":"https:\/\/api.w.org\/{rel}","templated":true}]}}