{"id":69069,"date":"2004-06-07T00:00:00","date_gmt":"2004-06-07T00:00:00","guid":{"rendered":"https:\/\/www.deberes.net\/tesis\/sin-categoria\/bases-patogenicas-de-las-infecciones-oftalmologicas\/"},"modified":"2004-06-07T00:00:00","modified_gmt":"2004-06-07T00:00:00","slug":"bases-patogenicas-de-las-infecciones-oftalmologicas","status":"publish","type":"post","link":"https:\/\/www.deberes.net\/tesis\/sin-categoria\/bases-patogenicas-de-las-infecciones-oftalmologicas\/","title":{"rendered":"Bases patog\u00e9nicas de las infecciones oftalmol\u00f3gicas"},"content":{"rendered":"<h2>Tesis doctoral de <strong> Carmen Sanchez Tomero <\/strong><\/h2>\n<p>En este trabajo hemos estudiado:  1.La acci\u00f3n de la mucina en la multiplicaci\u00f3n de cocos gram positivos,s.Aureus atcc 25923, s aureus meticilin resistente y  s. Pneumoniae.  2.La actividad microbiana de amoxicilina\/clavul\u00e1nico,ciprofloxacino, y levofloxacino frente a estas cepas.  3.La acci\u00f3n de la lisocima en su multiplicaci\u00f3n.  4.Crecimiento y adherencia de fibronectina de estos cocos gram positivo yla influencia de distintos par\u00e1metor sobre las interacciones de fibronectina y s.Aureus atcc 25923.<\/p>\n<p>&nbsp;<\/p>\n<h3>Datos acad\u00e9micos de la tesis doctoral \u00ab<strong>Bases patog\u00e9nicas de las infecciones oftalmol\u00f3gicas<\/strong>\u00ab<\/h3>\n<ul>\n<li><strong>T\u00edtulo de la tesis:<\/strong>\u00a0 Bases patog\u00e9nicas de las infecciones oftalmol\u00f3gicas <\/li>\n<li><strong>Autor:<\/strong>\u00a0 Carmen Sanchez Tomero <\/li>\n<li><strong>Universidad:<\/strong>\u00a0 Complutense de Madrid<\/li>\n<li><strong>Fecha de lectura de la tesis:<\/strong>\u00a0 06\/07\/2004<\/li>\n<\/ul>\n<p>&nbsp;<\/p>\n<h3>Direcci\u00f3n y tribunal<\/h3>\n<ul>\n<li><strong>Director de la tesis<\/strong>\n<ul>\n<li>Jose Prieto Prieto<\/li>\n<\/ul>\n<\/li>\n<li><strong>Tribunal<\/strong>\n<ul>\n<li>Presidente del tribunal:  Gomez Luis m. Luisa <\/li>\n<li> Corcuera pindado m. teresa (vocal)<\/li>\n<li> Alonso mart\u00edn m. Jos\u00e9 (vocal)<\/li>\n<li> Maestre vera Juan  ramon (vocal)<\/li>\n<\/ul>\n<\/li>\n<\/ul>\n<p>&nbsp;<\/p>\n","protected":false},"excerpt":{"rendered":"<p>Tesis doctoral de Carmen Sanchez Tomero En este trabajo hemos estudiado: 1.La acci\u00f3n de la mucina en la multiplicaci\u00f3n de [&hellip;]<\/p>\n","protected":false},"author":1,"featured_media":0,"comment_status":"open","ping_status":"open","sticky":false,"template":"","format":"standard","meta":{"site-sidebar-layout":"default","site-content-layout":"","ast-site-content-layout":"","site-content-style":"default","site-sidebar-style":"default","ast-global-header-display":"","ast-banner-title-visibility":"","ast-main-header-display":"","ast-hfb-above-header-display":"","ast-hfb-below-header-display":"","ast-hfb-mobile-header-display":"","site-post-title":"","ast-breadcrumbs-content":"","ast-featured-img":"","footer-sml-layout":"","theme-transparent-header-meta":"","adv-header-id-meta":"","stick-header-meta":"","header-above-stick-meta":"","header-main-stick-meta":"","header-below-stick-meta":"","astra-migrate-meta-layouts":"default","ast-page-background-enabled":"default","ast-page-background-meta":{"desktop":{"background-color":"var(--ast-global-color-4)","background-image":"","background-repeat":"repeat","background-position":"center center","background-size":"auto","background-attachment":"scroll","background-type":"","background-media":"","overlay-type":"","overlay-color":"","overlay-gradient":""},"tablet":{"background-color":"","background-image":"","background-repeat":"repeat","background-position":"center center","background-size":"auto","background-attachment":"scroll","background-type":"","background-media":"","overlay-type":"","overlay-color":"","overlay-gradient":""},"mobile":{"background-color":"","background-image":"","background-repeat":"repeat","background-position":"center center","background-size":"auto","background-attachment":"scroll","background-type":"","background-media":"","overlay-type":"","overlay-color":"","overlay-gradient":""}},"ast-content-background-meta":{"desktop":{"background-color":"var(--ast-global-color-5)","background-image":"","background-repeat":"repeat","background-position":"center center","background-size":"auto","background-attachment":"scroll","background-type":"","background-media":"","overlay-type":"","overlay-color":"","overlay-gradient":""},"tablet":{"background-color":"var(--ast-global-color-5)","background-image":"","background-repeat":"repeat","background-position":"center center","background-size":"auto","background-attachment":"scroll","background-type":"","background-media":"","overlay-type":"","overlay-color":"","overlay-gradient":""},"mobile":{"background-color":"var(--ast-global-color-5)","background-image":"","background-repeat":"repeat","background-position":"center center","background-size":"auto","background-attachment":"scroll","background-type":"","background-media":"","overlay-type":"","overlay-color":"","overlay-gradient":""}},"footnotes":""},"categories":[1],"tags":[5461,151396,5459,151397,3474,29965],"class_list":["post-69069","post","type-post","status-publish","format-standard","hentry","category-sin-categoria","tag-alonso-martin-m-jose","tag-carmen-sanchez-tomero","tag-corcuera-pindado-m-teresa","tag-gomez-luis-m-luisa","tag-jose-prieto-prieto","tag-maestre-vera-juan-ramon"],"_links":{"self":[{"href":"https:\/\/www.deberes.net\/tesis\/wp-json\/wp\/v2\/posts\/69069","targetHints":{"allow":["GET"]}}],"collection":[{"href":"https:\/\/www.deberes.net\/tesis\/wp-json\/wp\/v2\/posts"}],"about":[{"href":"https:\/\/www.deberes.net\/tesis\/wp-json\/wp\/v2\/types\/post"}],"author":[{"embeddable":true,"href":"https:\/\/www.deberes.net\/tesis\/wp-json\/wp\/v2\/users\/1"}],"replies":[{"embeddable":true,"href":"https:\/\/www.deberes.net\/tesis\/wp-json\/wp\/v2\/comments?post=69069"}],"version-history":[{"count":0,"href":"https:\/\/www.deberes.net\/tesis\/wp-json\/wp\/v2\/posts\/69069\/revisions"}],"wp:attachment":[{"href":"https:\/\/www.deberes.net\/tesis\/wp-json\/wp\/v2\/media?parent=69069"}],"wp:term":[{"taxonomy":"category","embeddable":true,"href":"https:\/\/www.deberes.net\/tesis\/wp-json\/wp\/v2\/categories?post=69069"},{"taxonomy":"post_tag","embeddable":true,"href":"https:\/\/www.deberes.net\/tesis\/wp-json\/wp\/v2\/tags?post=69069"}],"curies":[{"name":"wp","href":"https:\/\/api.w.org\/{rel}","templated":true}]}}