{"id":69119,"date":"2004-07-07T00:00:00","date_gmt":"2004-07-07T00:00:00","guid":{"rendered":"https:\/\/www.deberes.net\/tesis\/sin-categoria\/poesa%c2%ada-y-pensamiento-en-antonio-colinas-1967-1988\/"},"modified":"2004-07-07T00:00:00","modified_gmt":"2004-07-07T00:00:00","slug":"poesa%c2%ada-y-pensamiento-en-antonio-colinas-1967-1988","status":"publish","type":"post","link":"https:\/\/www.deberes.net\/tesis\/sin-categoria\/poesa%c2%ada-y-pensamiento-en-antonio-colinas-1967-1988\/","title":{"rendered":"Poes\u00eday pensamiento en antonio colinas (1967-1988)"},"content":{"rendered":"<h2>Tesis doctoral de <strong> Susana Agust\u00edn Fern\u00e1ndez <\/strong><\/h2>\n<p>El presente trabajo abarca el estudio de la obra po\u00e9tica de antonio colinas desde los primeros escritos de 1967 hasta el libro jard\u00edn de orfeo aparecido en 1988. Para su elaboraci\u00f3n, se han seguido los planteamientos metodol\u00f3gicos de gaston bachelard, gilbert durand, jean burgos y antonio garc\u00eda berrio sobre antropolog\u00eda y po\u00e9tica de lo imaginariio, mitocr\u00edtica e imaginaci\u00f3n simb\u00f3lica. De este modo se ha realizado un estudio interpretativo de la producci\u00f3n po\u00e9tica de colinas centrado en el componente simb\u00f3lico imaginario. estudiados los numerosos s\u00edmbolos empleados en esta poes\u00eda, se han agrupado en una serie de isotop\u00edas que se unen formando unidades mayores denominadas reg\u00edmenes. En estos poemas se distinguen dos, el r\u00e9gimen nocturno y el diurno. Se ha estudiado asimismo la expresividad po\u00e9tica de colinas siguiendo los planteamientos de rafael de balb\u00edn y jos\u00e9 dom\u00ednguez caparr\u00f3s principalmente.  la relaci\u00f3n entre el quehacer po\u00e9tico y el pensamiento de antonio colinas se pone de manifiesto en tres constantes tem\u00e1ticas: los espacios fundacionales de mircea eliade, el concepto del arquetipo de carl g. Jung y la raz\u00f3n po\u00e9tica de mar\u00eda zambrano.  un aporte significativo del presente trabajo lo constituye, por \u00faltimo, la bibliograf\u00eda donde se recoge la pr\u00e1ctica totalidad de la obra escrita y publicada por el autor, as\u00ed como el soporte cr\u00edtico directamente relacionado con \u00e9sta.<\/p>\n<p>&nbsp;<\/p>\n<h3>Datos acad\u00e9micos de la tesis doctoral \u00ab<strong>Poes\u00eday pensamiento en antonio colinas (1967-1988)<\/strong>\u00ab<\/h3>\n<ul>\n<li><strong>T\u00edtulo de la tesis:<\/strong>\u00a0 Poes\u00eday pensamiento en antonio colinas (1967-1988) <\/li>\n<li><strong>Autor:<\/strong>\u00a0 Susana Agust\u00edn Fern\u00e1ndez <\/li>\n<li><strong>Universidad:<\/strong>\u00a0 Complutense de Madrid<\/li>\n<li><strong>Fecha de lectura de la tesis:<\/strong>\u00a0 07\/07\/2004<\/li>\n<\/ul>\n<p>&nbsp;<\/p>\n<h3>Direcci\u00f3n y tribunal<\/h3>\n<ul>\n<li><strong>Director de la tesis<\/strong>\n<ul>\n<li>Javier Huerta Calvo<\/li>\n<\/ul>\n<\/li>\n<li><strong>Tribunal<\/strong>\n<ul>\n<li>Presidente del tribunal: Carlos Garcia gual <\/li>\n<li>armando L\u00f3pez  castro (vocal)<\/li>\n<li>Emilio Mir\u00f3 gonz\u00e1lez (vocal)<\/li>\n<li> Mart\u00ednez fern\u00e1ndez Jos\u00e9 e. (vocal)<\/li>\n<\/ul>\n<\/li>\n<\/ul>\n<p>&nbsp;<\/p>\n","protected":false},"excerpt":{"rendered":"<p>Tesis doctoral de Susana Agust\u00edn Fern\u00e1ndez El presente trabajo abarca el estudio de la obra po\u00e9tica de antonio colinas desde [&hellip;]<\/p>\n","protected":false},"author":1,"featured_media":0,"comment_status":"open","ping_status":"open","sticky":false,"template":"","format":"standard","meta":{"site-sidebar-layout":"default","site-content-layout":"","ast-site-content-layout":"","site-content-style":"default","site-sidebar-style":"default","ast-global-header-display":"","ast-banner-title-visibility":"","ast-main-header-display":"","ast-hfb-above-header-display":"","ast-hfb-below-header-display":"","ast-hfb-mobile-header-display":"","site-post-title":"","ast-breadcrumbs-content":"","ast-featured-img":"","footer-sml-layout":"","theme-transparent-header-meta":"","adv-header-id-meta":"","stick-header-meta":"","header-above-stick-meta":"","header-main-stick-meta":"","header-below-stick-meta":"","astra-migrate-meta-layouts":"default","ast-page-background-enabled":"default","ast-page-background-meta":{"desktop":{"background-color":"var(--ast-global-color-4)","background-image":"","background-repeat":"repeat","background-position":"center center","background-size":"auto","background-attachment":"scroll","background-type":"","background-media":"","overlay-type":"","overlay-color":"","overlay-gradient":""},"tablet":{"background-color":"","background-image":"","background-repeat":"repeat","background-position":"center center","background-size":"auto","background-attachment":"scroll","background-type":"","background-media":"","overlay-type":"","overlay-color":"","overlay-gradient":""},"mobile":{"background-color":"","background-image":"","background-repeat":"repeat","background-position":"center center","background-size":"auto","background-attachment":"scroll","background-type":"","background-media":"","overlay-type":"","overlay-color":"","overlay-gradient":""}},"ast-content-background-meta":{"desktop":{"background-color":"var(--ast-global-color-5)","background-image":"","background-repeat":"repeat","background-position":"center center","background-size":"auto","background-attachment":"scroll","background-type":"","background-media":"","overlay-type":"","overlay-color":"","overlay-gradient":""},"tablet":{"background-color":"var(--ast-global-color-5)","background-image":"","background-repeat":"repeat","background-position":"center center","background-size":"auto","background-attachment":"scroll","background-type":"","background-media":"","overlay-type":"","overlay-color":"","overlay-gradient":""},"mobile":{"background-color":"var(--ast-global-color-5)","background-image":"","background-repeat":"repeat","background-position":"center center","background-size":"auto","background-attachment":"scroll","background-type":"","background-media":"","overlay-type":"","overlay-color":"","overlay-gradient":""}},"footnotes":""},"categories":[1],"tags":[65338,428,6823,3162,62351,151495],"class_list":["post-69119","post","type-post","status-publish","format-standard","hentry","category-sin-categoria","tag-armando-lopez-castro","tag-carlos-garcia-gual","tag-emilio-miro-gonzalez","tag-javier-huerta-calvo","tag-Martinez-fernandez-jose-e","tag-susana-agustin-fernandez"],"_links":{"self":[{"href":"https:\/\/www.deberes.net\/tesis\/wp-json\/wp\/v2\/posts\/69119","targetHints":{"allow":["GET"]}}],"collection":[{"href":"https:\/\/www.deberes.net\/tesis\/wp-json\/wp\/v2\/posts"}],"about":[{"href":"https:\/\/www.deberes.net\/tesis\/wp-json\/wp\/v2\/types\/post"}],"author":[{"embeddable":true,"href":"https:\/\/www.deberes.net\/tesis\/wp-json\/wp\/v2\/users\/1"}],"replies":[{"embeddable":true,"href":"https:\/\/www.deberes.net\/tesis\/wp-json\/wp\/v2\/comments?post=69119"}],"version-history":[{"count":0,"href":"https:\/\/www.deberes.net\/tesis\/wp-json\/wp\/v2\/posts\/69119\/revisions"}],"wp:attachment":[{"href":"https:\/\/www.deberes.net\/tesis\/wp-json\/wp\/v2\/media?parent=69119"}],"wp:term":[{"taxonomy":"category","embeddable":true,"href":"https:\/\/www.deberes.net\/tesis\/wp-json\/wp\/v2\/categories?post=69119"},{"taxonomy":"post_tag","embeddable":true,"href":"https:\/\/www.deberes.net\/tesis\/wp-json\/wp\/v2\/tags?post=69119"}],"curies":[{"name":"wp","href":"https:\/\/api.w.org\/{rel}","templated":true}]}}