{"id":69188,"date":"2004-08-07T00:00:00","date_gmt":"2004-08-07T00:00:00","guid":{"rendered":"https:\/\/www.deberes.net\/tesis\/sin-categoria\/historia-natural-del-carta%c2%adlago-articular-tras-la-lesion-de-la-placa-de-crecimiento-estudio-experimental\/"},"modified":"2004-08-07T00:00:00","modified_gmt":"2004-08-07T00:00:00","slug":"historia-natural-del-carta%c2%adlago-articular-tras-la-lesion-de-la-placa-de-crecimiento-estudio-experimental","status":"publish","type":"post","link":"https:\/\/www.deberes.net\/tesis\/sin-categoria\/historia-natural-del-carta%c2%adlago-articular-tras-la-lesion-de-la-placa-de-crecimiento-estudio-experimental\/","title":{"rendered":"Historia natural del cart\u00edlago articular tras la lesi\u00f3n de la placa de crecimiento. estudio experimental."},"content":{"rendered":"<h2>Tesis doctoral de <strong> M\u00aa Bego\u00f1a Quintana Villamandos <\/strong><\/h2>\n<p>Introducci\u00f3n: el cart\u00edlago articular y la placa de crecimiento se relacionan por tener el mismo origen anat\u00f3mico, la condroep\u00edfisis, compartir el mismo patr\u00f3n vascular, las arterias epifisarias, y presentar una interrelaci\u00f3n funcional mediante las mol\u00e9culas de se\u00f1alizaci\u00f3n celular. Las epifisiolisis son fracturas que afectan a la placa de crecimiento, siendo la epifisiolisis salter-harris tipo ii la m\u00e1s frecuente en la cl\u00ednica humana. Estas se incluyen el la etiopatogenia de la artrosis, sin embargo, hasta el momento actual no hay evidencia que relacione la lesi\u00f3n de la placa de crecimiento con las alteraciones degenerativas del cart\u00edlago articular, es decir, con la artrosis.  hip\u00f3tesis y objetivos: como hip\u00f3tesis de trabajo sugerimos que al lesionar la placa de crecimiento se producen alteraciones en el cart\u00edlago articular, asumiendo como hip\u00f3tesis nula el hecho de que la lesi\u00f3n de la placa no produce alteraciones en el cart\u00edlago articular. El objetivo de este trabajo es definir los aspectos histol\u00f3gicos, histom\u00e9tricos y estereol\u00f3gicos del cart\u00edlago articular en funci\u00f3n de las lesiones de la placa de crecimiento, en las lesiones traum\u00e1ticas de la misma, y relacionarlos.  material y m\u00e9todo: se ha seleccionado la rata sprague-dawly, macho, con una edad inicial de 21 d\u00edas. Se han repartido 121 animales en cuatro series: control, lesi\u00f3n del anillo pericondral, lesi\u00f3n con bistur\u00ed y epifisiolisis salter-harris tipo ii. En todas las series los animales se distribuyeron en tres per\u00edodos de tiempo: 1 semana, 6 semanas y 6 meses. Alcanzada la edad inicial de estudio, se intervino quir\u00fargicamente la ep\u00edfisis proximal de la tibia de la extremidad posterior izquierda. Transcurrido el per\u00edodo de tiempo establecido, el animal se sacrific\u00f3. Posteriormente se realizaron radiograf\u00edas para el an\u00e1lisis cuantitativo del \u00e1ngulo superficie tibial-eje tibial, y se establecieron tres tipos seg\u00fan el grado de angulaci\u00f3n. Pos<\/p>\n<p>&nbsp;<\/p>\n<h3>Datos acad\u00e9micos de la tesis doctoral \u00ab<strong>Historia natural del cart\u00edlago articular tras la lesi\u00f3n de la placa de crecimiento. estudio experimental.<\/strong>\u00ab<\/h3>\n<ul>\n<li><strong>T\u00edtulo de la tesis:<\/strong>\u00a0 Historia natural del cart\u00edlago articular tras la lesi\u00f3n de la placa de crecimiento. estudio experimental. <\/li>\n<li><strong>Autor:<\/strong>\u00a0 M\u00aa Bego\u00f1a Quintana Villamandos <\/li>\n<li><strong>Universidad:<\/strong>\u00a0 Aut\u00f3noma de Madrid<\/li>\n<li><strong>Fecha de lectura de la tesis:<\/strong>\u00a0 08\/07\/2004<\/li>\n<\/ul>\n<p>&nbsp;<\/p>\n<h3>Direcci\u00f3n y tribunal<\/h3>\n<ul>\n<li><strong>Director de la tesis<\/strong>\n<ul>\n<li>Emilio Delgado Baeza<\/li>\n<\/ul>\n<\/li>\n<li><strong>Tribunal<\/strong>\n<ul>\n<li>Presidente del tribunal: hip\u00f3lito Dur\u00e1n sacrist\u00e1n <\/li>\n<li>Luis Mar\u00eda Ferrandez portal (vocal)<\/li>\n<li>Luis Garcia  sancho martin (vocal)<\/li>\n<li>Luis Munuera Martinez (vocal)<\/li>\n<\/ul>\n<\/li>\n<\/ul>\n<p>&nbsp;<\/p>\n","protected":false},"excerpt":{"rendered":"<p>Tesis doctoral de M\u00aa Bego\u00f1a Quintana Villamandos Introducci\u00f3n: el cart\u00edlago articular y la placa de crecimiento se relacionan por tener [&hellip;]<\/p>\n","protected":false},"author":1,"featured_media":0,"comment_status":"open","ping_status":"open","sticky":false,"template":"","format":"standard","meta":{"site-sidebar-layout":"default","site-content-layout":"","ast-site-content-layout":"","site-content-style":"default","site-sidebar-style":"default","ast-global-header-display":"","ast-banner-title-visibility":"","ast-main-header-display":"","ast-hfb-above-header-display":"","ast-hfb-below-header-display":"","ast-hfb-mobile-header-display":"","site-post-title":"","ast-breadcrumbs-content":"","ast-featured-img":"","footer-sml-layout":"","theme-transparent-header-meta":"","adv-header-id-meta":"","stick-header-meta":"","header-above-stick-meta":"","header-main-stick-meta":"","header-below-stick-meta":"","astra-migrate-meta-layouts":"default","ast-page-background-enabled":"default","ast-page-background-meta":{"desktop":{"background-color":"var(--ast-global-color-4)","background-image":"","background-repeat":"repeat","background-position":"center center","background-size":"auto","background-attachment":"scroll","background-type":"","background-media":"","overlay-type":"","overlay-color":"","overlay-gradient":""},"tablet":{"background-color":"","background-image":"","background-repeat":"repeat","background-position":"center center","background-size":"auto","background-attachment":"scroll","background-type":"","background-media":"","overlay-type":"","overlay-color":"","overlay-gradient":""},"mobile":{"background-color":"","background-image":"","background-repeat":"repeat","background-position":"center center","background-size":"auto","background-attachment":"scroll","background-type":"","background-media":"","overlay-type":"","overlay-color":"","overlay-gradient":""}},"ast-content-background-meta":{"desktop":{"background-color":"var(--ast-global-color-5)","background-image":"","background-repeat":"repeat","background-position":"center center","background-size":"auto","background-attachment":"scroll","background-type":"","background-media":"","overlay-type":"","overlay-color":"","overlay-gradient":""},"tablet":{"background-color":"var(--ast-global-color-5)","background-image":"","background-repeat":"repeat","background-position":"center center","background-size":"auto","background-attachment":"scroll","background-type":"","background-media":"","overlay-type":"","overlay-color":"","overlay-gradient":""},"mobile":{"background-color":"var(--ast-global-color-5)","background-image":"","background-repeat":"repeat","background-position":"center center","background-size":"auto","background-attachment":"scroll","background-type":"","background-media":"","overlay-type":"","overlay-color":"","overlay-gradient":""}},"footnotes":""},"categories":[1],"tags":[15407,826,3776,9591,7817,151621],"class_list":["post-69188","post","type-post","status-publish","format-standard","hentry","category-sin-categoria","tag-emilio-delgado-baeza","tag-hipolito-duran-sacristan","tag-luis-garcia-sancho-martin","tag-luis-maria-ferrandez-portal","tag-luis-munuera-Martinez","tag-ma-begona-quintana-villamandos"],"_links":{"self":[{"href":"https:\/\/www.deberes.net\/tesis\/wp-json\/wp\/v2\/posts\/69188","targetHints":{"allow":["GET"]}}],"collection":[{"href":"https:\/\/www.deberes.net\/tesis\/wp-json\/wp\/v2\/posts"}],"about":[{"href":"https:\/\/www.deberes.net\/tesis\/wp-json\/wp\/v2\/types\/post"}],"author":[{"embeddable":true,"href":"https:\/\/www.deberes.net\/tesis\/wp-json\/wp\/v2\/users\/1"}],"replies":[{"embeddable":true,"href":"https:\/\/www.deberes.net\/tesis\/wp-json\/wp\/v2\/comments?post=69188"}],"version-history":[{"count":0,"href":"https:\/\/www.deberes.net\/tesis\/wp-json\/wp\/v2\/posts\/69188\/revisions"}],"wp:attachment":[{"href":"https:\/\/www.deberes.net\/tesis\/wp-json\/wp\/v2\/media?parent=69188"}],"wp:term":[{"taxonomy":"category","embeddable":true,"href":"https:\/\/www.deberes.net\/tesis\/wp-json\/wp\/v2\/categories?post=69188"},{"taxonomy":"post_tag","embeddable":true,"href":"https:\/\/www.deberes.net\/tesis\/wp-json\/wp\/v2\/tags?post=69188"}],"curies":[{"name":"wp","href":"https:\/\/api.w.org\/{rel}","templated":true}]}}