{"id":69199,"date":"2004-08-07T00:00:00","date_gmt":"2004-08-07T00:00:00","guid":{"rendered":"https:\/\/www.deberes.net\/tesis\/sin-categoria\/la-huelga-de-funcionarios-en-el-codigo-penal-de-1995-una-reflexion-en-torno-al-articulo-409\/"},"modified":"2004-08-07T00:00:00","modified_gmt":"2004-08-07T00:00:00","slug":"la-huelga-de-funcionarios-en-el-codigo-penal-de-1995-una-reflexion-en-torno-al-articulo-409","status":"publish","type":"post","link":"https:\/\/www.deberes.net\/tesis\/castilla-la-mancha\/la-huelga-de-funcionarios-en-el-codigo-penal-de-1995-una-reflexion-en-torno-al-articulo-409\/","title":{"rendered":"La huelga de funcionarios en el codigo penal de 1995. una reflexion en torno al articulo 409"},"content":{"rendered":"<h2>Tesis doctoral de <strong>  Lopez Martin De La Vega Rafael <\/strong><\/h2>\n<p>Es una investigaci\u00f3n hecha desde una perspectiva multidisciplinar, sobre el derecho de huelga de los funcionarios, en general, y, en particular, sobre la existencia y contenido del art\u00edculo 409 del c\u00f3digo penal vigente que, cuando todo parec\u00eda indicar el reconocimiento del derecho, viene a criminalizar la huelga para este colectivo de trabajadores.  partiendo de los an\u00e1lisis del recorrido hist\u00f3rico y del marco legal vigente, y reflexionando sobre principios jur\u00eddicos bien consolidados en nuestro ordenamiento, particularmente desde las \u00e1reas del derecho penal y del derecho del trabajo, la tesis concluye planteando la necesidad de que el art\u00edculo 409 del c\u00f3digo penal de 1995 desaparezca de nuestro ordenamiento por razones de dudosa adecuaci\u00f3n constitucional, inadecuado uso del derecho penal, inapropiada pol\u00edtica criminal y discutible t\u00e9cnica legislativa<\/p>\n<p>&nbsp;<\/p>\n<h3>Datos acad\u00e9micos de la tesis doctoral \u00ab<strong>La huelga de funcionarios en el codigo penal de 1995. una reflexion en torno al articulo 409<\/strong>\u00ab<\/h3>\n<ul>\n<li><strong>T\u00edtulo de la tesis:<\/strong>\u00a0 La huelga de funcionarios en el codigo penal de 1995. una reflexion en torno al articulo 409 <\/li>\n<li><strong>Autor:<\/strong>\u00a0  Lopez Martin De La Vega Rafael <\/li>\n<li><strong>Universidad:<\/strong>\u00a0 Castilla-la mancha<\/li>\n<li><strong>Fecha de lectura de la tesis:<\/strong>\u00a0 08\/07\/2004<\/li>\n<\/ul>\n<p>&nbsp;<\/p>\n<h3>Direcci\u00f3n y tribunal<\/h3>\n<ul>\n<li><strong>Director de la tesis<\/strong>\n<ul>\n<li>Antonio Baylos Grau<\/li>\n<\/ul>\n<\/li>\n<li><strong>Tribunal<\/strong>\n<ul>\n<li>Presidente del tribunal: Luis alberto Arroyo zapatero <\/li>\n<li> Valdes de la vega berta (vocal)<\/li>\n<li>Juan  Mar\u00eda Terradillos basoco (vocal)<\/li>\n<li>susana Torrente gari (vocal)<\/li>\n<\/ul>\n<\/li>\n<\/ul>\n<p>&nbsp;<\/p>\n","protected":false},"excerpt":{"rendered":"<p>Tesis doctoral de Lopez Martin De La Vega Rafael Es una investigaci\u00f3n hecha desde una perspectiva multidisciplinar, sobre el derecho [&hellip;]<\/p>\n","protected":false},"author":1,"featured_media":0,"comment_status":"open","ping_status":"open","sticky":false,"template":"","format":"standard","meta":{"site-sidebar-layout":"default","site-content-layout":"","ast-site-content-layout":"","site-content-style":"default","site-sidebar-style":"default","ast-global-header-display":"","ast-banner-title-visibility":"","ast-main-header-display":"","ast-hfb-above-header-display":"","ast-hfb-below-header-display":"","ast-hfb-mobile-header-display":"","site-post-title":"","ast-breadcrumbs-content":"","ast-featured-img":"","footer-sml-layout":"","theme-transparent-header-meta":"","adv-header-id-meta":"","stick-header-meta":"","header-above-stick-meta":"","header-main-stick-meta":"","header-below-stick-meta":"","astra-migrate-meta-layouts":"default","ast-page-background-enabled":"default","ast-page-background-meta":{"desktop":{"background-color":"var(--ast-global-color-4)","background-image":"","background-repeat":"repeat","background-position":"center center","background-size":"auto","background-attachment":"scroll","background-type":"","background-media":"","overlay-type":"","overlay-color":"","overlay-gradient":""},"tablet":{"background-color":"","background-image":"","background-repeat":"repeat","background-position":"center center","background-size":"auto","background-attachment":"scroll","background-type":"","background-media":"","overlay-type":"","overlay-color":"","overlay-gradient":""},"mobile":{"background-color":"","background-image":"","background-repeat":"repeat","background-position":"center center","background-size":"auto","background-attachment":"scroll","background-type":"","background-media":"","overlay-type":"","overlay-color":"","overlay-gradient":""}},"ast-content-background-meta":{"desktop":{"background-color":"var(--ast-global-color-5)","background-image":"","background-repeat":"repeat","background-position":"center center","background-size":"auto","background-attachment":"scroll","background-type":"","background-media":"","overlay-type":"","overlay-color":"","overlay-gradient":""},"tablet":{"background-color":"var(--ast-global-color-5)","background-image":"","background-repeat":"repeat","background-position":"center center","background-size":"auto","background-attachment":"scroll","background-type":"","background-media":"","overlay-type":"","overlay-color":"","overlay-gradient":""},"mobile":{"background-color":"var(--ast-global-color-5)","background-image":"","background-repeat":"repeat","background-position":"center center","background-size":"auto","background-attachment":"scroll","background-type":"","background-media":"","overlay-type":"","overlay-color":"","overlay-gradient":""}},"footnotes":""},"categories":[18451],"tags":[18714,26758,151639,10951,151640,68998],"class_list":["post-69199","post","type-post","status-publish","format-standard","hentry","category-castilla-la-mancha","tag-antonio-baylos-grau","tag-juan-maria-terradillos-basoco","tag-lopez-martin-de-la-vega-rafael","tag-luis-alberto-arroyo-zapatero","tag-susana-torrente-gari","tag-valdes-de-la-vega-berta"],"_links":{"self":[{"href":"https:\/\/www.deberes.net\/tesis\/wp-json\/wp\/v2\/posts\/69199","targetHints":{"allow":["GET"]}}],"collection":[{"href":"https:\/\/www.deberes.net\/tesis\/wp-json\/wp\/v2\/posts"}],"about":[{"href":"https:\/\/www.deberes.net\/tesis\/wp-json\/wp\/v2\/types\/post"}],"author":[{"embeddable":true,"href":"https:\/\/www.deberes.net\/tesis\/wp-json\/wp\/v2\/users\/1"}],"replies":[{"embeddable":true,"href":"https:\/\/www.deberes.net\/tesis\/wp-json\/wp\/v2\/comments?post=69199"}],"version-history":[{"count":0,"href":"https:\/\/www.deberes.net\/tesis\/wp-json\/wp\/v2\/posts\/69199\/revisions"}],"wp:attachment":[{"href":"https:\/\/www.deberes.net\/tesis\/wp-json\/wp\/v2\/media?parent=69199"}],"wp:term":[{"taxonomy":"category","embeddable":true,"href":"https:\/\/www.deberes.net\/tesis\/wp-json\/wp\/v2\/categories?post=69199"},{"taxonomy":"post_tag","embeddable":true,"href":"https:\/\/www.deberes.net\/tesis\/wp-json\/wp\/v2\/tags?post=69199"}],"curies":[{"name":"wp","href":"https:\/\/api.w.org\/{rel}","templated":true}]}}