{"id":69205,"date":"2004-08-07T00:00:00","date_gmt":"2004-08-07T00:00:00","guid":{"rendered":"https:\/\/www.deberes.net\/tesis\/sin-categoria\/la-accion-publica-en-el-derecho-administrativo\/"},"modified":"2004-08-07T00:00:00","modified_gmt":"2004-08-07T00:00:00","slug":"la-accion-publica-en-el-derecho-administrativo","status":"publish","type":"post","link":"https:\/\/www.deberes.net\/tesis\/pablo-de-olavide\/la-accion-publica-en-el-derecho-administrativo\/","title":{"rendered":"La accion publica en el derecho administrativo"},"content":{"rendered":"<h2>Tesis doctoral de <strong> M. Dolores Rego Blanco <\/strong><\/h2>\n<p>Tras la entrada en vigor de la constituci\u00f3n de 1978, han proliferado en determinados sectores las leyes administrativas que reconocen una acci\u00f3n p\u00fablica, esto es, la posibilidad de que cualquier ciudadano pueda exigir el cumplimiento de lo en ellas dispuesto tanto en v\u00eda administrativa como en sede jurisdiccional. Esta figura jur\u00eddica, desconocida en otros ordenamientos de nuestro entorno socio-cultural, no ha sido tratada monogr\u00e1ficamente en nuestro pa\u00eds desde 1920, estando, por tanto, justificado que constituya hoy el objeto de estudio de la tesis que aqu\u00ed se presenta. En ella se analiza, en primer lugar, la naturaleza jur\u00eddica de la instituci\u00f3n en cuesti\u00f3n , desmarc\u00e1ndose de la l\u00ednea doctrinal imperante que la identifica con una legitimaci\u00f3n objetiva. Tambi\u00e9n se perfilan sus fronteras diferenci\u00e1ndola de otras figuras con las que puede presentar ciertas afinidades. A continuaci\u00f3n se dedica atenci\u00f3n a los diferentes elementos subjetivo y objetivo, y sus l\u00edmites, as\u00ed como su repercusi\u00f3n sobre los principios administrativos de participaci\u00f3n e informaci\u00f3n . Respecto de todos ellos en la tesis se localizan diversos problemas o cuestiones jur\u00eddicas necesitadas de soluci\u00f3n, que se proponen a lo largo del trabajo, y se sintetizan en un cap\u00edtulo de conclusiones<\/p>\n<p>&nbsp;<\/p>\n<h3>Datos acad\u00e9micos de la tesis doctoral \u00ab<strong>La accion publica en el derecho administrativo<\/strong>\u00ab<\/h3>\n<ul>\n<li><strong>T\u00edtulo de la tesis:<\/strong>\u00a0 La accion publica en el derecho administrativo <\/li>\n<li><strong>Autor:<\/strong>\u00a0 M. Dolores Rego Blanco <\/li>\n<li><strong>Universidad:<\/strong>\u00a0 Pablo de olavide<\/li>\n<li><strong>Fecha de lectura de la tesis:<\/strong>\u00a0 08\/07\/2004<\/li>\n<\/ul>\n<p>&nbsp;<\/p>\n<h3>Direcci\u00f3n y tribunal<\/h3>\n<ul>\n<li><strong>Director de la tesis<\/strong>\n<ul>\n<li> Lopez Gonzalez Jos\u00e9 Ignacio<\/li>\n<\/ul>\n<\/li>\n<li><strong>Tribunal<\/strong>\n<ul>\n<li>Presidente del tribunal: Jos\u00e9 ram\u00f3n Parada v\u00e1zquez <\/li>\n<li>Javier Barnes vazquez (vocal)<\/li>\n<li>Manuel Rebollo puig (vocal)<\/li>\n<li>federico Castillo blanco (vocal)<\/li>\n<\/ul>\n<\/li>\n<\/ul>\n<p>&nbsp;<\/p>\n","protected":false},"excerpt":{"rendered":"<p>Tesis doctoral de M. Dolores Rego Blanco Tras la entrada en vigor de la constituci\u00f3n de 1978, han proliferado en [&hellip;]<\/p>\n","protected":false},"author":1,"featured_media":0,"comment_status":"open","ping_status":"open","sticky":false,"template":"","format":"standard","meta":{"site-sidebar-layout":"default","site-content-layout":"","ast-site-content-layout":"","site-content-style":"default","site-sidebar-style":"default","ast-global-header-display":"","ast-banner-title-visibility":"","ast-main-header-display":"","ast-hfb-above-header-display":"","ast-hfb-below-header-display":"","ast-hfb-mobile-header-display":"","site-post-title":"","ast-breadcrumbs-content":"","ast-featured-img":"","footer-sml-layout":"","theme-transparent-header-meta":"","adv-header-id-meta":"","stick-header-meta":"","header-above-stick-meta":"","header-main-stick-meta":"","header-below-stick-meta":"","astra-migrate-meta-layouts":"default","ast-page-background-enabled":"default","ast-page-background-meta":{"desktop":{"background-color":"var(--ast-global-color-4)","background-image":"","background-repeat":"repeat","background-position":"center center","background-size":"auto","background-attachment":"scroll","background-type":"","background-media":"","overlay-type":"","overlay-color":"","overlay-gradient":""},"tablet":{"background-color":"","background-image":"","background-repeat":"repeat","background-position":"center center","background-size":"auto","background-attachment":"scroll","background-type":"","background-media":"","overlay-type":"","overlay-color":"","overlay-gradient":""},"mobile":{"background-color":"","background-image":"","background-repeat":"repeat","background-position":"center center","background-size":"auto","background-attachment":"scroll","background-type":"","background-media":"","overlay-type":"","overlay-color":"","overlay-gradient":""}},"ast-content-background-meta":{"desktop":{"background-color":"var(--ast-global-color-5)","background-image":"","background-repeat":"repeat","background-position":"center center","background-size":"auto","background-attachment":"scroll","background-type":"","background-media":"","overlay-type":"","overlay-color":"","overlay-gradient":""},"tablet":{"background-color":"var(--ast-global-color-5)","background-image":"","background-repeat":"repeat","background-position":"center center","background-size":"auto","background-attachment":"scroll","background-type":"","background-media":"","overlay-type":"","overlay-color":"","overlay-gradient":""},"mobile":{"background-color":"var(--ast-global-color-5)","background-image":"","background-repeat":"repeat","background-position":"center center","background-size":"auto","background-attachment":"scroll","background-type":"","background-media":"","overlay-type":"","overlay-color":"","overlay-gradient":""}},"footnotes":""},"categories":[37286],"tags":[39202,22095,1918,1920,151651,2176],"class_list":["post-69205","post","type-post","status-publish","format-standard","hentry","category-pablo-de-olavide","tag-federico-castillo-blanco","tag-javier-barnes-vazquez","tag-jose-ramon-parada-vazquez","tag-lopez-gonzalez-jose-ignacio","tag-m-dolores-rego-blanco","tag-manuel-rebollo-puig"],"_links":{"self":[{"href":"https:\/\/www.deberes.net\/tesis\/wp-json\/wp\/v2\/posts\/69205","targetHints":{"allow":["GET"]}}],"collection":[{"href":"https:\/\/www.deberes.net\/tesis\/wp-json\/wp\/v2\/posts"}],"about":[{"href":"https:\/\/www.deberes.net\/tesis\/wp-json\/wp\/v2\/types\/post"}],"author":[{"embeddable":true,"href":"https:\/\/www.deberes.net\/tesis\/wp-json\/wp\/v2\/users\/1"}],"replies":[{"embeddable":true,"href":"https:\/\/www.deberes.net\/tesis\/wp-json\/wp\/v2\/comments?post=69205"}],"version-history":[{"count":0,"href":"https:\/\/www.deberes.net\/tesis\/wp-json\/wp\/v2\/posts\/69205\/revisions"}],"wp:attachment":[{"href":"https:\/\/www.deberes.net\/tesis\/wp-json\/wp\/v2\/media?parent=69205"}],"wp:term":[{"taxonomy":"category","embeddable":true,"href":"https:\/\/www.deberes.net\/tesis\/wp-json\/wp\/v2\/categories?post=69205"},{"taxonomy":"post_tag","embeddable":true,"href":"https:\/\/www.deberes.net\/tesis\/wp-json\/wp\/v2\/tags?post=69205"}],"curies":[{"name":"wp","href":"https:\/\/api.w.org\/{rel}","templated":true}]}}