{"id":69214,"date":"2004-09-07T00:00:00","date_gmt":"2004-09-07T00:00:00","guid":{"rendered":"https:\/\/www.deberes.net\/tesis\/sin-categoria\/concepa%c2%a7ao-extensionista-da-universidade-federal-de-sergipe-processo-historico-cultural-da-sociedade-1968-2003\/"},"modified":"2004-09-07T00:00:00","modified_gmt":"2004-09-07T00:00:00","slug":"concepa%c2%a7ao-extensionista-da-universidade-federal-de-sergipe-processo-historico-cultural-da-sociedade-1968-2003","status":"publish","type":"post","link":"https:\/\/www.deberes.net\/tesis\/santiago-de-compostela\/concepa%c2%a7ao-extensionista-da-universidade-federal-de-sergipe-processo-historico-cultural-da-sociedade-1968-2003\/","title":{"rendered":"Concep\u00c1\u00a7ao extensionista da universidade federal de sergipe: processo hist\u00f3rico cultural da sociedade (1968-2003)"},"content":{"rendered":"<h2>Tesis doctoral de <strong> Zenilde Soares Pinto <\/strong><\/h2>\n<p>La presente investigaci\u00f3n versa sobre la extensi\u00f3n universitaria practicada en la universidad federal de sergipe (ufs), desde su creaci\u00f3n, en 1968, hasta 2003. El marco te\u00f3rico enfoca temas que vienen perjudicando el desempe\u00f1o satisfactorio de las universidades p\u00fablicas que, a su vez, se arrastran, durante d\u00e9cadas, sin soluci\u00f3n. Temas tales como: autonom\u00eda; operatividad de la ense\u00f1anza, de la investigaci\u00f3n y de la extensi\u00f3n; el car\u00e1cter indisociable entre las funciones. Dicha indisociabilidad, ocasionada por la crisis que alcanza las instituciones p\u00fablicas de ense\u00f1anza superior, hace que la universidad deje cumplir, de manera eficiente, con su papel social, de formadora de profesionales que atiendan a las necesidades del desarrollo regional y a los deseos de la sociedad. A decir verdad, este trabajo enfoca el recorrido de la extensi\u00f3n en brasil y, m\u00e1s concretamente, de la universidad federal de sergipe que, hoy d\u00eda, lleva a cabo acciones del tipo de: asistencia t\u00e9cnica, prestaci\u00f3n de servicios, asesor\u00edas, proyectos de acci\u00f3n comunitaria, eventos (oficinas, foros, encuentros, entre otros).  la recogida de los datos se llev\u00f3 a cabo en 2002 en la universidad federal de sergipe, a trav\u00e9s de la aplicaci\u00f3n de un cuestionario a los tres segmentos acad\u00e9micos: profesor, t\u00e9cnico-administrativo y estudiante involucrados en la praxis de la extensi\u00f3n. En el cuestionario, se han buscado respuestas a las siguientes cuestiones: concepci\u00f3n de la extensi\u00f3n, alcance, p\u00fablico atendido, principales dificultades, planificaci\u00f3n realizada por la prorector\u00eda de extensi\u00f3n (proex), integraci\u00f3n universidad-sociedad y perspectivas futuras de la exttenci\u00f3n universitaria en el pa\u00eds y en la universidad federal de sergipe (ufs).  en las conclusiones, se apuntan sugerencias para la restructuraci\u00f3n de la universidad brasile\u00f1a teniendo en cuenta el cumplimiento de responsabilidades sociales inherentes a sus finalidades institucionales<\/p>\n<p>&nbsp;<\/p>\n<h3>Datos acad\u00e9micos de la tesis doctoral \u00ab<strong>Concep\u00c1\u00a7ao extensionista da universidade federal de sergipe: processo hist\u00f3rico cultural da sociedade (1968-2003)<\/strong>\u00ab<\/h3>\n<ul>\n<li><strong>T\u00edtulo de la tesis:<\/strong>\u00a0 Concep\u00c1\u00a7ao extensionista da universidade federal de sergipe: processo hist\u00f3rico cultural da sociedade (1968-2003) <\/li>\n<li><strong>Autor:<\/strong>\u00a0 Zenilde Soares Pinto <\/li>\n<li><strong>Universidad:<\/strong>\u00a0 Santiago de compostela<\/li>\n<li><strong>Fecha de lectura de la tesis:<\/strong>\u00a0 09\/07\/2004<\/li>\n<\/ul>\n<p>&nbsp;<\/p>\n<h3>Direcci\u00f3n y tribunal<\/h3>\n<ul>\n<li><strong>Director de la tesis<\/strong>\n<ul>\n<li>Jos\u00e9 Antonio Caride Gomez<\/li>\n<\/ul>\n<\/li>\n<li><strong>Tribunal<\/strong>\n<ul>\n<li>Presidente del tribunal: Mar\u00eda  lourdes Montero mesa <\/li>\n<li> Cid fern\u00e1ndez xos\u00e9 m. (vocal)<\/li>\n<li> Mart\u00edn march mart\u00ed x. (vocal)<\/li>\n<li>agustin Requejo osorio (vocal)<\/li>\n<\/ul>\n<\/li>\n<\/ul>\n<p>&nbsp;<\/p>\n","protected":false},"excerpt":{"rendered":"<p>Tesis doctoral de Zenilde Soares Pinto La presente investigaci\u00f3n versa sobre la extensi\u00f3n universitaria practicada en la universidad federal de [&hellip;]<\/p>\n","protected":false},"author":1,"featured_media":0,"comment_status":"open","ping_status":"open","sticky":false,"template":"","format":"standard","meta":{"site-sidebar-layout":"default","site-content-layout":"","ast-site-content-layout":"","site-content-style":"default","site-sidebar-style":"default","ast-global-header-display":"","ast-banner-title-visibility":"","ast-main-header-display":"","ast-hfb-above-header-display":"","ast-hfb-below-header-display":"","ast-hfb-mobile-header-display":"","site-post-title":"","ast-breadcrumbs-content":"","ast-featured-img":"","footer-sml-layout":"","theme-transparent-header-meta":"","adv-header-id-meta":"","stick-header-meta":"","header-above-stick-meta":"","header-main-stick-meta":"","header-below-stick-meta":"","astra-migrate-meta-layouts":"default","ast-page-background-enabled":"default","ast-page-background-meta":{"desktop":{"background-color":"var(--ast-global-color-4)","background-image":"","background-repeat":"repeat","background-position":"center center","background-size":"auto","background-attachment":"scroll","background-type":"","background-media":"","overlay-type":"","overlay-color":"","overlay-gradient":""},"tablet":{"background-color":"","background-image":"","background-repeat":"repeat","background-position":"center center","background-size":"auto","background-attachment":"scroll","background-type":"","background-media":"","overlay-type":"","overlay-color":"","overlay-gradient":""},"mobile":{"background-color":"","background-image":"","background-repeat":"repeat","background-position":"center center","background-size":"auto","background-attachment":"scroll","background-type":"","background-media":"","overlay-type":"","overlay-color":"","overlay-gradient":""}},"ast-content-background-meta":{"desktop":{"background-color":"var(--ast-global-color-5)","background-image":"","background-repeat":"repeat","background-position":"center center","background-size":"auto","background-attachment":"scroll","background-type":"","background-media":"","overlay-type":"","overlay-color":"","overlay-gradient":""},"tablet":{"background-color":"var(--ast-global-color-5)","background-image":"","background-repeat":"repeat","background-position":"center center","background-size":"auto","background-attachment":"scroll","background-type":"","background-media":"","overlay-type":"","overlay-color":"","overlay-gradient":""},"mobile":{"background-color":"var(--ast-global-color-5)","background-image":"","background-repeat":"repeat","background-position":"center center","background-size":"auto","background-attachment":"scroll","background-type":"","background-media":"","overlay-type":"","overlay-color":"","overlay-gradient":""}},"footnotes":""},"categories":[977],"tags":[2627,151671,2625,8125,151672,151670],"class_list":["post-69214","post","type-post","status-publish","format-standard","hentry","category-santiago-de-compostela","tag-agustin-requejo-osorio","tag-cid-fernandez-xose-m","tag-jose-antonio-caride-gomez","tag-maria-lourdes-montero-mesa","tag-martin-march-marti-x","tag-zenilde-soares-pinto"],"_links":{"self":[{"href":"https:\/\/www.deberes.net\/tesis\/wp-json\/wp\/v2\/posts\/69214","targetHints":{"allow":["GET"]}}],"collection":[{"href":"https:\/\/www.deberes.net\/tesis\/wp-json\/wp\/v2\/posts"}],"about":[{"href":"https:\/\/www.deberes.net\/tesis\/wp-json\/wp\/v2\/types\/post"}],"author":[{"embeddable":true,"href":"https:\/\/www.deberes.net\/tesis\/wp-json\/wp\/v2\/users\/1"}],"replies":[{"embeddable":true,"href":"https:\/\/www.deberes.net\/tesis\/wp-json\/wp\/v2\/comments?post=69214"}],"version-history":[{"count":0,"href":"https:\/\/www.deberes.net\/tesis\/wp-json\/wp\/v2\/posts\/69214\/revisions"}],"wp:attachment":[{"href":"https:\/\/www.deberes.net\/tesis\/wp-json\/wp\/v2\/media?parent=69214"}],"wp:term":[{"taxonomy":"category","embeddable":true,"href":"https:\/\/www.deberes.net\/tesis\/wp-json\/wp\/v2\/categories?post=69214"},{"taxonomy":"post_tag","embeddable":true,"href":"https:\/\/www.deberes.net\/tesis\/wp-json\/wp\/v2\/tags?post=69214"}],"curies":[{"name":"wp","href":"https:\/\/api.w.org\/{rel}","templated":true}]}}