{"id":69234,"date":"2004-09-07T00:00:00","date_gmt":"2004-09-07T00:00:00","guid":{"rendered":"https:\/\/www.deberes.net\/tesis\/sin-categoria\/el-derecho-internacional-de-las-armas-quimicas-regulacion-control-y-problemas-pendientes\/"},"modified":"2004-09-07T00:00:00","modified_gmt":"2004-09-07T00:00:00","slug":"el-derecho-internacional-de-las-armas-quimicas-regulacion-control-y-problemas-pendientes","status":"publish","type":"post","link":"https:\/\/www.deberes.net\/tesis\/murcia\/el-derecho-internacional-de-las-armas-quimicas-regulacion-control-y-problemas-pendientes\/","title":{"rendered":"El derecho internacional de las armas quimicas. regulacion, control y problemas pendientes"},"content":{"rendered":"<h2>Tesis doctoral de <strong>  Cervell Hortal M. Jose <\/strong><\/h2>\n<p>La regulaci\u00f3n de las armas de destrucci\u00f3n masiva ha sido uno de los mayores problemas a los que se ha enfrentado el derecho internacional contempor\u00e1neo. en el caso de las armas qu\u00edmicas, el proceso ha sido completado con \u00e9xito, vi\u00e9ndose materializado en la convenci\u00f3n sobre armas qu\u00edmicas de 1993, que establece expresamente la prohibici\u00f3n de su empleo, transferencia, fabricaci\u00f3n y almacenamiento y obliga, adem\u00e1s, a los estados partes a destruir las existentes.  la convenci\u00f3n de 1993, adem\u00e1s, articula un complejo sistema de verificaci\u00f3n del cumplimiento, del que se encarga una organizaci\u00f3n creada a tal efecto: la opaq (organizaci\u00f3n para la prohibici\u00f3n de las armas qu\u00edmicas).  tanto la convenci\u00f3n como su organizaci\u00f3n, su funcionamiento y la labor desarrollada han sido los objetos centrales de esta tesis, que pretende, adem\u00e1s, demostrar la absoluta ilegalidad del arma qu\u00edmica en la actualidad, enfrent\u00e1ndose a los retos y problemas que estas armas suponen para y analizando, asimismo, qu\u00e9 consecuencias se han previsto para los estados o los individuos que se sientan tentados de recurrir a ellas<\/p>\n<p>&nbsp;<\/p>\n<h3>Datos acad\u00e9micos de la tesis doctoral \u00ab<strong>El derecho internacional de las armas quimicas. regulacion, control y problemas pendientes<\/strong>\u00ab<\/h3>\n<ul>\n<li><strong>T\u00edtulo de la tesis:<\/strong>\u00a0 El derecho internacional de las armas quimicas. regulacion, control y problemas pendientes <\/li>\n<li><strong>Autor:<\/strong>\u00a0  Cervell Hortal M. Jose <\/li>\n<li><strong>Universidad:<\/strong>\u00a0 Murcia<\/li>\n<li><strong>Fecha de lectura de la tesis:<\/strong>\u00a0 09\/07\/2004<\/li>\n<\/ul>\n<p>&nbsp;<\/p>\n<h3>Direcci\u00f3n y tribunal<\/h3>\n<ul>\n<li><strong>Director de la tesis<\/strong>\n<ul>\n<li>Ces\u00e1reo Guti\u00e9rrez Espada<\/li>\n<\/ul>\n<\/li>\n<li><strong>Tribunal<\/strong>\n<ul>\n<li>Presidente del tribunal: Jos\u00e9 Antonio Pastor ridruejo <\/li>\n<li>Antonio Remiro brotons (vocal)<\/li>\n<li> Rodriguezvillasante y prieto Jos\u00e9 Luis (vocal)<\/li>\n<li>Alberto a Herrero de la fuente (vocal)<\/li>\n<\/ul>\n<\/li>\n<\/ul>\n<p>&nbsp;<\/p>\n","protected":false},"excerpt":{"rendered":"<p>Tesis doctoral de Cervell Hortal M. Jose La regulaci\u00f3n de las armas de destrucci\u00f3n masiva ha sido uno de los [&hellip;]<\/p>\n","protected":false},"author":1,"featured_media":0,"comment_status":"open","ping_status":"open","sticky":false,"template":"","format":"standard","meta":{"site-sidebar-layout":"default","site-content-layout":"","ast-site-content-layout":"","site-content-style":"default","site-sidebar-style":"default","ast-global-header-display":"","ast-banner-title-visibility":"","ast-main-header-display":"","ast-hfb-above-header-display":"","ast-hfb-below-header-display":"","ast-hfb-mobile-header-display":"","site-post-title":"","ast-breadcrumbs-content":"","ast-featured-img":"","footer-sml-layout":"","theme-transparent-header-meta":"","adv-header-id-meta":"","stick-header-meta":"","header-above-stick-meta":"","header-main-stick-meta":"","header-below-stick-meta":"","astra-migrate-meta-layouts":"default","ast-page-background-enabled":"default","ast-page-background-meta":{"desktop":{"background-color":"var(--ast-global-color-4)","background-image":"","background-repeat":"repeat","background-position":"center center","background-size":"auto","background-attachment":"scroll","background-type":"","background-media":"","overlay-type":"","overlay-color":"","overlay-gradient":""},"tablet":{"background-color":"","background-image":"","background-repeat":"repeat","background-position":"center center","background-size":"auto","background-attachment":"scroll","background-type":"","background-media":"","overlay-type":"","overlay-color":"","overlay-gradient":""},"mobile":{"background-color":"","background-image":"","background-repeat":"repeat","background-position":"center center","background-size":"auto","background-attachment":"scroll","background-type":"","background-media":"","overlay-type":"","overlay-color":"","overlay-gradient":""}},"ast-content-background-meta":{"desktop":{"background-color":"var(--ast-global-color-5)","background-image":"","background-repeat":"repeat","background-position":"center center","background-size":"auto","background-attachment":"scroll","background-type":"","background-media":"","overlay-type":"","overlay-color":"","overlay-gradient":""},"tablet":{"background-color":"var(--ast-global-color-5)","background-image":"","background-repeat":"repeat","background-position":"center center","background-size":"auto","background-attachment":"scroll","background-type":"","background-media":"","overlay-type":"","overlay-color":"","overlay-gradient":""},"mobile":{"background-color":"var(--ast-global-color-5)","background-image":"","background-repeat":"repeat","background-position":"center center","background-size":"auto","background-attachment":"scroll","background-type":"","background-media":"","overlay-type":"","overlay-color":"","overlay-gradient":""}},"footnotes":""},"categories":[8235],"tags":[14855,5293,151704,34579,1214,151705],"class_list":["post-69234","post","type-post","status-publish","format-standard","hentry","category-murcia","tag-alberto-a-herrero-de-la-fuente","tag-antonio-remiro-brotons","tag-cervell-hortal-m-jose","tag-cesareo-gutierrez-espada","tag-jose-antonio-pastor-ridruejo","tag-rodriguezvillasante-y-prieto-jose-luis"],"_links":{"self":[{"href":"https:\/\/www.deberes.net\/tesis\/wp-json\/wp\/v2\/posts\/69234","targetHints":{"allow":["GET"]}}],"collection":[{"href":"https:\/\/www.deberes.net\/tesis\/wp-json\/wp\/v2\/posts"}],"about":[{"href":"https:\/\/www.deberes.net\/tesis\/wp-json\/wp\/v2\/types\/post"}],"author":[{"embeddable":true,"href":"https:\/\/www.deberes.net\/tesis\/wp-json\/wp\/v2\/users\/1"}],"replies":[{"embeddable":true,"href":"https:\/\/www.deberes.net\/tesis\/wp-json\/wp\/v2\/comments?post=69234"}],"version-history":[{"count":0,"href":"https:\/\/www.deberes.net\/tesis\/wp-json\/wp\/v2\/posts\/69234\/revisions"}],"wp:attachment":[{"href":"https:\/\/www.deberes.net\/tesis\/wp-json\/wp\/v2\/media?parent=69234"}],"wp:term":[{"taxonomy":"category","embeddable":true,"href":"https:\/\/www.deberes.net\/tesis\/wp-json\/wp\/v2\/categories?post=69234"},{"taxonomy":"post_tag","embeddable":true,"href":"https:\/\/www.deberes.net\/tesis\/wp-json\/wp\/v2\/tags?post=69234"}],"curies":[{"name":"wp","href":"https:\/\/api.w.org\/{rel}","templated":true}]}}