{"id":69242,"date":"2004-09-07T00:00:00","date_gmt":"2004-09-07T00:00:00","guid":{"rendered":"https:\/\/www.deberes.net\/tesis\/sin-categoria\/el-habla-tradicional-de-la-gomera\/"},"modified":"2004-09-07T00:00:00","modified_gmt":"2004-09-07T00:00:00","slug":"el-habla-tradicional-de-la-gomera","status":"publish","type":"post","link":"https:\/\/www.deberes.net\/tesis\/la-laguna\/el-habla-tradicional-de-la-gomera\/","title":{"rendered":"El habla tradicional de la gomera"},"content":{"rendered":"<h2>Tesis doctoral de <strong> Encarnaci\u00f3n Tabares Plasencia <\/strong><\/h2>\n<p>Esta tesis doctoral es un estudio de las particularidades lingu\u00edsticas de la modalidad de ha tradicional de la isla de la gomera (canarias). Consta este trabajo de una introducci\u00f3n en la que recoge algunos aspectos geogr\u00e1ficos e hist\u00f3ricos de la isla, am\u00e9s de se\u00f1alar el estado de la cuesti\u00f3n en los estudios dialectales sobre la misma, incluyendo tambi\u00e9n un apartado metodol\u00f3gico y una breve descripci\u00f3n de la muestra que sirvi\u00f3 de base al trabajo. A la introducci\u00f3n le sigue la parte espec\u00edficamente ling\u00ed\u00bc\u00edstica del trabajo que se divide en cuatro apartados: el primero de ellos trata de los aspectos fon\u00e9tico-fonol\u00f3gicos m\u00e1s destacados de la modalidad de habla de que se ocupa la tesis; el segundo versa sobre los aspectos morfol\u00f3gico-sint\u00e1cticos, fundamentalmente, aquellos que particularizan al habla de la gomera, como la conservaci\u00f3n del pronombre de segunda persona del plural y consecuentemente las decisiones verbales correspondientes; el tercero contiene un diccionario cr\u00edtico-etimol\u00f3gico del vocabulario diferencial gomero y, finalmente, el cuarto, es un estudio de la fraseolog\u00eda propia de la isla, siguiendo el modelo de clasificaci\u00f3n de g. Corpas pastor (1996) e introduciendo algunos elementos nuevos, propios de la moderna fraseolog\u00eda europea. En total, el trabajo ocupa 837 p\u00e1ginas.<\/p>\n<p>&nbsp;<\/p>\n<h3>Datos acad\u00e9micos de la tesis doctoral \u00ab<strong>El habla tradicional de la gomera<\/strong>\u00ab<\/h3>\n<ul>\n<li><strong>T\u00edtulo de la tesis:<\/strong>\u00a0 El habla tradicional de la gomera <\/li>\n<li><strong>Autor:<\/strong>\u00a0 Encarnaci\u00f3n Tabares Plasencia <\/li>\n<li><strong>Universidad:<\/strong>\u00a0 La laguna<\/li>\n<li><strong>Fecha de lectura de la tesis:<\/strong>\u00a0 09\/07\/2004<\/li>\n<\/ul>\n<p>&nbsp;<\/p>\n<h3>Direcci\u00f3n y tribunal<\/h3>\n<ul>\n<li><strong>Director de la tesis<\/strong>\n<ul>\n<li>Marcial Morera P\u00e9rez<\/li>\n<\/ul>\n<\/li>\n<li><strong>Tribunal<\/strong>\n<ul>\n<li>Presidente del tribunal: ram\u00f3n Trujillo carre\u00f1o <\/li>\n<li>Juan  Manuel P\u00e9rez vigaray (vocal)<\/li>\n<li>Antonio Lorenzo ramos (vocal)<\/li>\n<li>consuelo Herrera caso (vocal)<\/li>\n<\/ul>\n<\/li>\n<\/ul>\n<p>&nbsp;<\/p>\n","protected":false},"excerpt":{"rendered":"<p>Tesis doctoral de Encarnaci\u00f3n Tabares Plasencia Esta tesis doctoral es un estudio de las particularidades lingu\u00edsticas de la modalidad de [&hellip;]<\/p>\n","protected":false},"author":1,"featured_media":0,"comment_status":"open","ping_status":"open","sticky":false,"template":"","format":"standard","meta":{"site-sidebar-layout":"default","site-content-layout":"","ast-site-content-layout":"","site-content-style":"default","site-sidebar-style":"default","ast-global-header-display":"","ast-banner-title-visibility":"","ast-main-header-display":"","ast-hfb-above-header-display":"","ast-hfb-below-header-display":"","ast-hfb-mobile-header-display":"","site-post-title":"","ast-breadcrumbs-content":"","ast-featured-img":"","footer-sml-layout":"","theme-transparent-header-meta":"","adv-header-id-meta":"","stick-header-meta":"","header-above-stick-meta":"","header-main-stick-meta":"","header-below-stick-meta":"","astra-migrate-meta-layouts":"default","ast-page-background-enabled":"default","ast-page-background-meta":{"desktop":{"background-color":"var(--ast-global-color-4)","background-image":"","background-repeat":"repeat","background-position":"center center","background-size":"auto","background-attachment":"scroll","background-type":"","background-media":"","overlay-type":"","overlay-color":"","overlay-gradient":""},"tablet":{"background-color":"","background-image":"","background-repeat":"repeat","background-position":"center center","background-size":"auto","background-attachment":"scroll","background-type":"","background-media":"","overlay-type":"","overlay-color":"","overlay-gradient":""},"mobile":{"background-color":"","background-image":"","background-repeat":"repeat","background-position":"center center","background-size":"auto","background-attachment":"scroll","background-type":"","background-media":"","overlay-type":"","overlay-color":"","overlay-gradient":""}},"ast-content-background-meta":{"desktop":{"background-color":"var(--ast-global-color-5)","background-image":"","background-repeat":"repeat","background-position":"center center","background-size":"auto","background-attachment":"scroll","background-type":"","background-media":"","overlay-type":"","overlay-color":"","overlay-gradient":""},"tablet":{"background-color":"var(--ast-global-color-5)","background-image":"","background-repeat":"repeat","background-position":"center center","background-size":"auto","background-attachment":"scroll","background-type":"","background-media":"","overlay-type":"","overlay-color":"","overlay-gradient":""},"mobile":{"background-color":"var(--ast-global-color-5)","background-image":"","background-repeat":"repeat","background-position":"center center","background-size":"auto","background-attachment":"scroll","background-type":"","background-media":"","overlay-type":"","overlay-color":"","overlay-gradient":""}},"footnotes":""},"categories":[9915],"tags":[10489,16712,151719,16794,16713,10490],"class_list":["post-69242","post","type-post","status-publish","format-standard","hentry","category-la-laguna","tag-antonio-lorenzo-ramos","tag-consuelo-herrera-caso","tag-encarnacion-tabares-plasencia","tag-juan-manuel-perez-vigaray","tag-marcial-morera-perez","tag-ramon-trujillo-carreno"],"_links":{"self":[{"href":"https:\/\/www.deberes.net\/tesis\/wp-json\/wp\/v2\/posts\/69242","targetHints":{"allow":["GET"]}}],"collection":[{"href":"https:\/\/www.deberes.net\/tesis\/wp-json\/wp\/v2\/posts"}],"about":[{"href":"https:\/\/www.deberes.net\/tesis\/wp-json\/wp\/v2\/types\/post"}],"author":[{"embeddable":true,"href":"https:\/\/www.deberes.net\/tesis\/wp-json\/wp\/v2\/users\/1"}],"replies":[{"embeddable":true,"href":"https:\/\/www.deberes.net\/tesis\/wp-json\/wp\/v2\/comments?post=69242"}],"version-history":[{"count":0,"href":"https:\/\/www.deberes.net\/tesis\/wp-json\/wp\/v2\/posts\/69242\/revisions"}],"wp:attachment":[{"href":"https:\/\/www.deberes.net\/tesis\/wp-json\/wp\/v2\/media?parent=69242"}],"wp:term":[{"taxonomy":"category","embeddable":true,"href":"https:\/\/www.deberes.net\/tesis\/wp-json\/wp\/v2\/categories?post=69242"},{"taxonomy":"post_tag","embeddable":true,"href":"https:\/\/www.deberes.net\/tesis\/wp-json\/wp\/v2\/tags?post=69242"}],"curies":[{"name":"wp","href":"https:\/\/api.w.org\/{rel}","templated":true}]}}