{"id":69526,"date":"2018-03-09T23:13:58","date_gmt":"2018-03-09T23:13:58","guid":{"rendered":"https:\/\/www.deberes.net\/tesis\/sin-categoria\/la-depresion-en-las-personas-mayores\/"},"modified":"2018-03-09T23:13:58","modified_gmt":"2018-03-09T23:13:58","slug":"la-depresion-en-las-personas-mayores","status":"publish","type":"post","link":"https:\/\/www.deberes.net\/tesis\/extremadura\/la-depresion-en-las-personas-mayores\/","title":{"rendered":"La depresi\u00f3n en las personas mayores"},"content":{"rendered":"<h2>Tesis doctoral de <strong> Emilia Eduarda Rodrigues De Magalhaes <\/strong><\/h2>\n<p>El paso del siglo xix al siglo xx, coincide con la transici\u00f3n demogr\u00e1fica, fen\u00f3meno que representa el paso de una situaci\u00f3n de tasas elevadas de mortalidad y natalidad para la situaci\u00f3n en que \u00e9stas se requiebran aunque a niveles mucho m\u00e1s bajos. Esta modificaci\u00f3n del r\u00e9gimen demogr\u00e1fico ofreci\u00f3 a las poblaciones de nuestros d\u00edas el beneficio de un significativo aumento de la esperanza de vida, pese a que la acentuada disminuci\u00f3n de la fecundidad ha conducido a un gradual envejecimiento de las poblaciones. El envejecimiento demogr\u00e1fico traduce al aumento del n\u00famero relativo de ancianos en la poblaci\u00f3n total. Este fen\u00f3meno se produce en las poblaciones de los pa\u00edses desarrollados como consecuencia de los procesos convergentes: la disminuci\u00f3n de la tasa de natalidad y el descenso de la tasa de mortalidad en relaci\u00f3n con todas las edades, lo que lleva por un lado, a una reducci\u00f3n de la proporci\u00f3n de los grupos de edades m\u00e1s j\u00f3venes en la poblaci\u00f3n, y por otro, alarga la vida de los individuos en los restantes grupos  de edad.  los autores refieren que en estudios hechos en la comunidad, se encontraron s\u00edntomas de depresi\u00f3n hasta 15% de los ancianos.  prevaleciendo la depresi\u00f3n major inferior a 4%, y no existiendo diferencias de la depresi\u00f3n major en cuanto al sexo, aunque los s\u00edntomas de depresi\u00f3n sean considerablemente m\u00e1s comunes al sexo femenino. Bajo el punto de vista epidemiol\u00f3gico no se consigui\u00f3 probar si la incidencia de la enfermedad depresiva aumenta en los ancianos. La depresi\u00f3n es en relaci\u00f3n m\u00e1s com\u00fan en ancianos que reciben cuidados de salud, manifest\u00e1ndose sustancialmente m\u00e1s en los ancianos hospitalizados y en los que residen en residencia o instituciones  para ancianos, pudiendo llegar al 40% los ancianos que presentan s\u00edntomas y se\u00f1ales de depresi\u00f3n. La medici\u00f3n de los niveles de depresi\u00f3n. la medici\u00f3n de los niveles de depresi\u00f3n en los ancianos hospitalizados se hace dif\u00edcil<\/p>\n<p>&nbsp;<\/p>\n<h3>Datos acad\u00e9micos de la tesis doctoral \u00ab<strong>La depresi\u00f3n en las personas mayores<\/strong>\u00ab<\/h3>\n<ul>\n<li><strong>T\u00edtulo de la tesis:<\/strong>\u00a0 La depresi\u00f3n en las personas mayores <\/li>\n<li><strong>Autor:<\/strong>\u00a0 Emilia Eduarda Rodrigues De Magalhaes <\/li>\n<li><strong>Universidad:<\/strong>\u00a0 Extremadura<\/li>\n<li><strong>Fecha de lectura de la tesis:<\/strong>\u00a0 19\/07\/2004<\/li>\n<\/ul>\n<p>&nbsp;<\/p>\n<h3>Direcci\u00f3n y tribunal<\/h3>\n<ul>\n<li><strong>Director de la tesis<\/strong>\n<ul>\n<li>Florencio Vicente Castro<\/li>\n<\/ul>\n<\/li>\n<li><strong>Tribunal<\/strong>\n<ul>\n<li>Presidente del tribunal: Jos\u00e9 Luis Rodriguez molinero <\/li>\n<li> Malgon bernal Jos\u00e9 Luis (vocal)<\/li>\n<li>nazario Yuste rossell (vocal)<\/li>\n<li>Fernando Lara ortega (vocal)<\/li>\n<\/ul>\n<\/li>\n<\/ul>\n<p>&nbsp;<\/p>\n","protected":false},"excerpt":{"rendered":"<p>Tesis doctoral de Emilia Eduarda Rodrigues De Magalhaes El paso del siglo xix al siglo xx, coincide con la transici\u00f3n [&hellip;]<\/p>\n","protected":false},"author":1,"featured_media":0,"comment_status":"open","ping_status":"open","sticky":false,"template":"","format":"standard","meta":{"site-sidebar-layout":"default","site-content-layout":"","ast-site-content-layout":"","site-content-style":"default","site-sidebar-style":"default","ast-global-header-display":"","ast-banner-title-visibility":"","ast-main-header-display":"","ast-hfb-above-header-display":"","ast-hfb-below-header-display":"","ast-hfb-mobile-header-display":"","site-post-title":"","ast-breadcrumbs-content":"","ast-featured-img":"","footer-sml-layout":"","theme-transparent-header-meta":"","adv-header-id-meta":"","stick-header-meta":"","header-above-stick-meta":"","header-main-stick-meta":"","header-below-stick-meta":"","astra-migrate-meta-layouts":"default","ast-page-background-enabled":"default","ast-page-background-meta":{"desktop":{"background-color":"var(--ast-global-color-4)","background-image":"","background-repeat":"repeat","background-position":"center center","background-size":"auto","background-attachment":"scroll","background-type":"","background-media":"","overlay-type":"","overlay-color":"","overlay-gradient":""},"tablet":{"background-color":"","background-image":"","background-repeat":"repeat","background-position":"center center","background-size":"auto","background-attachment":"scroll","background-type":"","background-media":"","overlay-type":"","overlay-color":"","overlay-gradient":""},"mobile":{"background-color":"","background-image":"","background-repeat":"repeat","background-position":"center center","background-size":"auto","background-attachment":"scroll","background-type":"","background-media":"","overlay-type":"","overlay-color":"","overlay-gradient":""}},"ast-content-background-meta":{"desktop":{"background-color":"var(--ast-global-color-5)","background-image":"","background-repeat":"repeat","background-position":"center center","background-size":"auto","background-attachment":"scroll","background-type":"","background-media":"","overlay-type":"","overlay-color":"","overlay-gradient":""},"tablet":{"background-color":"var(--ast-global-color-5)","background-image":"","background-repeat":"repeat","background-position":"center center","background-size":"auto","background-attachment":"scroll","background-type":"","background-media":"","overlay-type":"","overlay-color":"","overlay-gradient":""},"mobile":{"background-color":"var(--ast-global-color-5)","background-image":"","background-repeat":"repeat","background-position":"center center","background-size":"auto","background-attachment":"scroll","background-type":"","background-media":"","overlay-type":"","overlay-color":"","overlay-gradient":""}},"footnotes":""},"categories":[949],"tags":[152199,7145,7144,25711,152200,46233],"class_list":["post-69526","post","type-post","status-publish","format-standard","hentry","category-extremadura","tag-emilia-eduarda-rodrigues-de-magalhaes","tag-fernando-lara-ortega","tag-florencio-vicente-castro","tag-jose-luis-rodriguez-molinero","tag-malgon-bernal-jose-luis","tag-nazario-yuste-rossell"],"_links":{"self":[{"href":"https:\/\/www.deberes.net\/tesis\/wp-json\/wp\/v2\/posts\/69526","targetHints":{"allow":["GET"]}}],"collection":[{"href":"https:\/\/www.deberes.net\/tesis\/wp-json\/wp\/v2\/posts"}],"about":[{"href":"https:\/\/www.deberes.net\/tesis\/wp-json\/wp\/v2\/types\/post"}],"author":[{"embeddable":true,"href":"https:\/\/www.deberes.net\/tesis\/wp-json\/wp\/v2\/users\/1"}],"replies":[{"embeddable":true,"href":"https:\/\/www.deberes.net\/tesis\/wp-json\/wp\/v2\/comments?post=69526"}],"version-history":[{"count":0,"href":"https:\/\/www.deberes.net\/tesis\/wp-json\/wp\/v2\/posts\/69526\/revisions"}],"wp:attachment":[{"href":"https:\/\/www.deberes.net\/tesis\/wp-json\/wp\/v2\/media?parent=69526"}],"wp:term":[{"taxonomy":"category","embeddable":true,"href":"https:\/\/www.deberes.net\/tesis\/wp-json\/wp\/v2\/categories?post=69526"},{"taxonomy":"post_tag","embeddable":true,"href":"https:\/\/www.deberes.net\/tesis\/wp-json\/wp\/v2\/tags?post=69526"}],"curies":[{"name":"wp","href":"https:\/\/api.w.org\/{rel}","templated":true}]}}