{"id":69542,"date":"2018-03-09T23:14:02","date_gmt":"2018-03-09T23:14:02","guid":{"rendered":"https:\/\/www.deberes.net\/tesis\/sin-categoria\/la-dialectica-del-lugar-no-lugar-y-la-escultura-publica\/"},"modified":"2018-03-09T23:14:02","modified_gmt":"2018-03-09T23:14:02","slug":"la-dialectica-del-lugar-no-lugar-y-la-escultura-publica","status":"publish","type":"post","link":"https:\/\/www.deberes.net\/tesis\/politecnica-de-valencia\/la-dialectica-del-lugar-no-lugar-y-la-escultura-publica\/","title":{"rendered":"La dial\u00e9ctica del lugar, no lugar y la escultura p\u00fablica."},"content":{"rendered":"<h2>Tesis doctoral de <strong> Pedro Llaveria Arasa <\/strong><\/h2>\n<p>Este trabajo trata sobre los cambios producidos en la consideraci\u00f3n de la escultura para los espacios exteriores, el espacio construido y las interrelaciones entre ellos. Tres conceptos fundamentan y estructuran la tesis: el primero es la noci\u00f3n de lugar, como un espacio concreto que representa alg\u00fan tipo de significaci\u00f3n identitaria. El segundo es la obra de arte en los espacios exteriores, en particular, lo que tradicionalmente identificamos con la escultura monumental de tipo conmemorativo; y, por \u00faltimo, la noci\u00f3n de no lugar como una de las figuras, unas veces integradas en el dise\u00f1o urbano y otras veces como espacios residuales de las nuevas formas del urbanismo contempor\u00e1neo.  para ello hemos visto la necesidad de indagar en el conocimiento y evoluci\u00f3n del espacio construido o transformado por la acci\u00f3n humana y m\u00e1s en concreto del espacio p\u00fablico en relaci\u00f3n a la escultura. Hemos considerado la plaza p\u00fablica, en un sentido amplio, como el paradigma de lugar. Y a la escultura monumental, como una clase de arte que ha  contemplado la relaci\u00f3n entre lo ciudadano y lo simb\u00f3lico y que ha representado desde siempre una vinculaci\u00f3n privilegiada entre la dimensi\u00f3n creativa del artista y los procesos de legitimaci\u00f3n y de asentamiento del poder, convirti\u00e9ndose en un indicativo de la evoluci\u00f3n en los gustos y en la sensibilidad de cada sociedad y de cada \u00e9poca.  para entender la complejidad que actualmente encierra esta relaci\u00f3n es preciso comprender como ha evolucionado el espacio p\u00fablico y la escultura, cual ha sido su estatuto, sobretodo en sus rasgos m\u00e1s sobresalientes, a lo largo de los periodos que guardan una relaci\u00f3n m\u00e1s significativa con la deriva que en el momento presente ha tomado el arte en el urbanismo. la percepci\u00f3n del lugar da forma y estructura al espacio y a la evoluci\u00f3n del sentimiento comunitario desde los primitivos asentamientos humanos, hasta los espacios tem\u00e1ticos y de ocio actuales,  p<\/p>\n<p>&nbsp;<\/p>\n<h3>Datos acad\u00e9micos de la tesis doctoral \u00ab<strong>La dial\u00e9ctica del lugar, no lugar y la escultura p\u00fablica.<\/strong>\u00ab<\/h3>\n<ul>\n<li><strong>T\u00edtulo de la tesis:<\/strong>\u00a0 La dial\u00e9ctica del lugar, no lugar y la escultura p\u00fablica. <\/li>\n<li><strong>Autor:<\/strong>\u00a0 Pedro Llaveria Arasa <\/li>\n<li><strong>Universidad:<\/strong>\u00a0 Polit\u00e9cnica de Valencia<\/li>\n<li><strong>Fecha de lectura de la tesis:<\/strong>\u00a0 19\/07\/2004<\/li>\n<\/ul>\n<p>&nbsp;<\/p>\n<h3>Direcci\u00f3n y tribunal<\/h3>\n<ul>\n<li><strong>Director de la tesis<\/strong>\n<ul>\n<li>Juan  Bautista Peiro Lopez<\/li>\n<\/ul>\n<\/li>\n<li><strong>Tribunal<\/strong>\n<ul>\n<li>Presidente del tribunal: julian Abril ordi\u00f1aga <\/li>\n<li> Cueto lominchar Jos\u00e9 lu\u00eds (vocal)<\/li>\n<li> De las casas gomez Jos\u00e9 (vocal)<\/li>\n<li> Prada vega Jos\u00e9 Manuel (vocal)<\/li>\n<\/ul>\n<\/li>\n<\/ul>\n<p>&nbsp;<\/p>\n","protected":false},"excerpt":{"rendered":"<p>Tesis doctoral de Pedro Llaveria Arasa Este trabajo trata sobre los cambios producidos en la consideraci\u00f3n de la escultura para [&hellip;]<\/p>\n","protected":false},"author":1,"featured_media":0,"comment_status":"open","ping_status":"open","sticky":false,"template":"","format":"standard","meta":{"site-sidebar-layout":"default","site-content-layout":"","ast-site-content-layout":"","site-content-style":"default","site-sidebar-style":"default","ast-global-header-display":"","ast-banner-title-visibility":"","ast-main-header-display":"","ast-hfb-above-header-display":"","ast-hfb-below-header-display":"","ast-hfb-mobile-header-display":"","site-post-title":"","ast-breadcrumbs-content":"","ast-featured-img":"","footer-sml-layout":"","theme-transparent-header-meta":"","adv-header-id-meta":"","stick-header-meta":"","header-above-stick-meta":"","header-main-stick-meta":"","header-below-stick-meta":"","astra-migrate-meta-layouts":"default","ast-page-background-enabled":"default","ast-page-background-meta":{"desktop":{"background-color":"var(--ast-global-color-4)","background-image":"","background-repeat":"repeat","background-position":"center center","background-size":"auto","background-attachment":"scroll","background-type":"","background-media":"","overlay-type":"","overlay-color":"","overlay-gradient":""},"tablet":{"background-color":"","background-image":"","background-repeat":"repeat","background-position":"center center","background-size":"auto","background-attachment":"scroll","background-type":"","background-media":"","overlay-type":"","overlay-color":"","overlay-gradient":""},"mobile":{"background-color":"","background-image":"","background-repeat":"repeat","background-position":"center center","background-size":"auto","background-attachment":"scroll","background-type":"","background-media":"","overlay-type":"","overlay-color":"","overlay-gradient":""}},"ast-content-background-meta":{"desktop":{"background-color":"var(--ast-global-color-5)","background-image":"","background-repeat":"repeat","background-position":"center center","background-size":"auto","background-attachment":"scroll","background-type":"","background-media":"","overlay-type":"","overlay-color":"","overlay-gradient":""},"tablet":{"background-color":"var(--ast-global-color-5)","background-image":"","background-repeat":"repeat","background-position":"center center","background-size":"auto","background-attachment":"scroll","background-type":"","background-media":"","overlay-type":"","overlay-color":"","overlay-gradient":""},"mobile":{"background-color":"var(--ast-global-color-5)","background-image":"","background-repeat":"repeat","background-position":"center center","background-size":"auto","background-attachment":"scroll","background-type":"","background-media":"","overlay-type":"","overlay-color":"","overlay-gradient":""}},"footnotes":""},"categories":[16820],"tags":[152229,130297,31393,31327,152228,22744],"class_list":["post-69542","post","type-post","status-publish","format-standard","hentry","category-politecnica-de-valencia","tag-cueto-lominchar-jose-luis","tag-de-las-casas-gomez-jose","tag-juan-bautista-peiro-lopez","tag-julian-abril-ordinaga","tag-pedro-llaveria-arasa","tag-prada-vega-jose-manuel"],"_links":{"self":[{"href":"https:\/\/www.deberes.net\/tesis\/wp-json\/wp\/v2\/posts\/69542","targetHints":{"allow":["GET"]}}],"collection":[{"href":"https:\/\/www.deberes.net\/tesis\/wp-json\/wp\/v2\/posts"}],"about":[{"href":"https:\/\/www.deberes.net\/tesis\/wp-json\/wp\/v2\/types\/post"}],"author":[{"embeddable":true,"href":"https:\/\/www.deberes.net\/tesis\/wp-json\/wp\/v2\/users\/1"}],"replies":[{"embeddable":true,"href":"https:\/\/www.deberes.net\/tesis\/wp-json\/wp\/v2\/comments?post=69542"}],"version-history":[{"count":0,"href":"https:\/\/www.deberes.net\/tesis\/wp-json\/wp\/v2\/posts\/69542\/revisions"}],"wp:attachment":[{"href":"https:\/\/www.deberes.net\/tesis\/wp-json\/wp\/v2\/media?parent=69542"}],"wp:term":[{"taxonomy":"category","embeddable":true,"href":"https:\/\/www.deberes.net\/tesis\/wp-json\/wp\/v2\/categories?post=69542"},{"taxonomy":"post_tag","embeddable":true,"href":"https:\/\/www.deberes.net\/tesis\/wp-json\/wp\/v2\/tags?post=69542"}],"curies":[{"name":"wp","href":"https:\/\/api.w.org\/{rel}","templated":true}]}}