{"id":69567,"date":"2018-03-09T23:14:02","date_gmt":"2018-03-09T23:14:02","guid":{"rendered":"https:\/\/www.deberes.net\/tesis\/sin-categoria\/efectos-de-fumar-y-de-la-abstinencia-sobre-atencion-estimacion-temporal-tiempo-de-reaccion-y-ejecucion-psicomotora\/"},"modified":"2018-03-09T23:14:02","modified_gmt":"2018-03-09T23:14:02","slug":"efectos-de-fumar-y-de-la-abstinencia-sobre-atencion-estimacion-temporal-tiempo-de-reaccion-y-ejecucion-psicomotora","status":"publish","type":"post","link":"https:\/\/www.deberes.net\/tesis\/sin-categoria\/efectos-de-fumar-y-de-la-abstinencia-sobre-atencion-estimacion-temporal-tiempo-de-reaccion-y-ejecucion-psicomotora\/","title":{"rendered":"Efectos de fumar y de la abstinencia sobre atenci\u00f3n, estimaci\u00f3n temporal, tiempo de reacci\u00f3n y ejecuci\u00f3n psicomotora"},"content":{"rendered":"<h2>Tesis doctoral de <strong>  Bernal Santacreu M. Consuelo <\/strong><\/h2>\n<p>La nicotina desempe\u00f1a un papel esencial en la dependencia y adicci\u00f3n al tabaco, siendo considerada como sustancia de abuso seg\u00fan los criterios del dsm-iv. La ruta de administraci\u00f3n de nicotina t\u00edpicamente empleada es el cigarrillo, que ayuda a los sujetos a autorregular sus niveles de nicotina y a que \u00e9stos permanezcan constantes. La nicotina act\u00faa sobre los receptores nicot\u00ednicos de ach, que est\u00e1n distribuidos por el snc y snp. Se trata de un agonista de la acetilcolina, neurotransmisor especialmente implicado en la mayor\u00eda de funciones cognitivas. La mayor\u00eda de fumadores afirman que fumar disminuye la ansiedad, mejora la atenci\u00f3n y disminuye el apetito, entre otros efectos. En general, la nicotina puede mejorar el rendimiento cognitivo, aunque esto depende un gran n\u00famero de factores, como la exposici\u00f3n previa a la nicotina, el tiempo de abstinencia requerido, la dosis empleada, etc.El objetivo del presente trabajo fue evaluar los efectos del tabaco y de su abstinencia sobre la ejecuci\u00f3n de diferentes tareas cognitivas (atencionales, psicomotoras, tiempo de reacci\u00f3n y estimaci\u00f3n temporal).Los objetivos espec\u00edficos se centraron en comparar los efectos del tratamiento experimental (fumar vs no fumar) en las siguientes pruebas cognitivas: percepci\u00f3n del tiempo (5 y 10 segundos), tiempo de reacci\u00f3n simple, ejecuci\u00f3n psicomotora (test de destreza manual purdue) y atenci\u00f3n (test de stroop y trail-making test). Para ello se dise\u00f1aron dos experimentos en los que se valoraron los efectos de fumar un cigarrillo despu\u00e9s de una abstinencia m\u00ednima (30 minutos) y tras un periodo m\u00e1s prolongado de privaci\u00f3n nocturno (10 horas). Todos los sujetos pasaron por dos sesiones experimentales y fueron divididos en varios grupos, en funci\u00f3n del tratamiento experimental recibido en cada sesi\u00f3n. Fumar despu\u00e9s de un periodo m\u00ednimo de abstinencia no tiene efectos positivos claros sobre la ejecuci\u00f3n en las distintas pruebas cognitivas,<\/p>\n<p>&nbsp;<\/p>\n<h3>Datos acad\u00e9micos de la tesis doctoral \u00ab<strong>Efectos de fumar y de la abstinencia sobre atenci\u00f3n, estimaci\u00f3n temporal, tiempo de reacci\u00f3n y ejecuci\u00f3n psicomotora<\/strong>\u00ab<\/h3>\n<ul>\n<li><strong>T\u00edtulo de la tesis:<\/strong>\u00a0 Efectos de fumar y de la abstinencia sobre atenci\u00f3n, estimaci\u00f3n temporal, tiempo de reacci\u00f3n y ejecuci\u00f3n psicomotora <\/li>\n<li><strong>Autor:<\/strong>\u00a0  Bernal Santacreu M. Consuelo <\/li>\n<li><strong>Universidad:<\/strong>\u00a0 Universitat de val\u00e9ncia (estudi general)<\/li>\n<li><strong>Fecha de lectura de la tesis:<\/strong>\u00a0 20\/07\/2004<\/li>\n<\/ul>\n<p>&nbsp;<\/p>\n<h3>Direcci\u00f3n y tribunal<\/h3>\n<ul>\n<li><strong>Director de la tesis<\/strong>\n<ul>\n<li>Rosa Redolat Iborra<\/li>\n<\/ul>\n<\/li>\n<li><strong>Tribunal<\/strong>\n<ul>\n<li>Presidente del tribunal: vicente Sim\u00f3n p\u00e9rez <\/li>\n<li>Ana Adan  puig (vocal)<\/li>\n<li>Carlos Manuel Gonz\u00e1lez arag\u00f3n (vocal)<\/li>\n<li> Colomina fosch M\u00aa teresa (vocal)<\/li>\n<\/ul>\n<\/li>\n<\/ul>\n<p>&nbsp;<\/p>\n","protected":false},"excerpt":{"rendered":"<p>Tesis doctoral de Bernal Santacreu M. Consuelo La nicotina desempe\u00f1a un papel esencial en la dependencia y adicci\u00f3n al tabaco, [&hellip;]<\/p>\n","protected":false},"author":1,"featured_media":0,"comment_status":"open","ping_status":"open","sticky":false,"template":"","format":"standard","meta":{"site-sidebar-layout":"default","site-content-layout":"","ast-site-content-layout":"","site-content-style":"default","site-sidebar-style":"default","ast-global-header-display":"","ast-banner-title-visibility":"","ast-main-header-display":"","ast-hfb-above-header-display":"","ast-hfb-below-header-display":"","ast-hfb-mobile-header-display":"","site-post-title":"","ast-breadcrumbs-content":"","ast-featured-img":"","footer-sml-layout":"","theme-transparent-header-meta":"","adv-header-id-meta":"","stick-header-meta":"","header-above-stick-meta":"","header-main-stick-meta":"","header-below-stick-meta":"","astra-migrate-meta-layouts":"default","ast-page-background-enabled":"default","ast-page-background-meta":{"desktop":{"background-color":"var(--ast-global-color-4)","background-image":"","background-repeat":"repeat","background-position":"center center","background-size":"auto","background-attachment":"scroll","background-type":"","background-media":"","overlay-type":"","overlay-color":"","overlay-gradient":""},"tablet":{"background-color":"","background-image":"","background-repeat":"repeat","background-position":"center center","background-size":"auto","background-attachment":"scroll","background-type":"","background-media":"","overlay-type":"","overlay-color":"","overlay-gradient":""},"mobile":{"background-color":"","background-image":"","background-repeat":"repeat","background-position":"center center","background-size":"auto","background-attachment":"scroll","background-type":"","background-media":"","overlay-type":"","overlay-color":"","overlay-gradient":""}},"ast-content-background-meta":{"desktop":{"background-color":"var(--ast-global-color-5)","background-image":"","background-repeat":"repeat","background-position":"center center","background-size":"auto","background-attachment":"scroll","background-type":"","background-media":"","overlay-type":"","overlay-color":"","overlay-gradient":""},"tablet":{"background-color":"var(--ast-global-color-5)","background-image":"","background-repeat":"repeat","background-position":"center center","background-size":"auto","background-attachment":"scroll","background-type":"","background-media":"","overlay-type":"","overlay-color":"","overlay-gradient":""},"mobile":{"background-color":"var(--ast-global-color-5)","background-image":"","background-repeat":"repeat","background-position":"center center","background-size":"auto","background-attachment":"scroll","background-type":"","background-media":"","overlay-type":"","overlay-color":"","overlay-gradient":""}},"footnotes":""},"categories":[1],"tags":[152276,152275,40997,152277,27293,5777],"class_list":["post-69567","post","type-post","status-publish","format-standard","hentry","category-sin-categoria","tag-ana-adan-puig","tag-bernal-santacreu-m-consuelo","tag-carlos-manuel-gonzalez-aragon","tag-colomina-fosch-ma-teresa","tag-rosa-redolat-iborra","tag-vicente-simon-perez"],"_links":{"self":[{"href":"https:\/\/www.deberes.net\/tesis\/wp-json\/wp\/v2\/posts\/69567","targetHints":{"allow":["GET"]}}],"collection":[{"href":"https:\/\/www.deberes.net\/tesis\/wp-json\/wp\/v2\/posts"}],"about":[{"href":"https:\/\/www.deberes.net\/tesis\/wp-json\/wp\/v2\/types\/post"}],"author":[{"embeddable":true,"href":"https:\/\/www.deberes.net\/tesis\/wp-json\/wp\/v2\/users\/1"}],"replies":[{"embeddable":true,"href":"https:\/\/www.deberes.net\/tesis\/wp-json\/wp\/v2\/comments?post=69567"}],"version-history":[{"count":0,"href":"https:\/\/www.deberes.net\/tesis\/wp-json\/wp\/v2\/posts\/69567\/revisions"}],"wp:attachment":[{"href":"https:\/\/www.deberes.net\/tesis\/wp-json\/wp\/v2\/media?parent=69567"}],"wp:term":[{"taxonomy":"category","embeddable":true,"href":"https:\/\/www.deberes.net\/tesis\/wp-json\/wp\/v2\/categories?post=69567"},{"taxonomy":"post_tag","embeddable":true,"href":"https:\/\/www.deberes.net\/tesis\/wp-json\/wp\/v2\/tags?post=69567"}],"curies":[{"name":"wp","href":"https:\/\/api.w.org\/{rel}","templated":true}]}}