{"id":69589,"date":"2018-03-09T23:14:02","date_gmt":"2018-03-09T23:14:02","guid":{"rendered":"https:\/\/www.deberes.net\/tesis\/sin-categoria\/edicion-cra%c2%adtica-y-estudio-de-el-tejedor-de-segovia-de-juan-ruiz-de-alarcon\/"},"modified":"2018-03-09T23:14:02","modified_gmt":"2018-03-09T23:14:02","slug":"edicion-cra%c2%adtica-y-estudio-de-el-tejedor-de-segovia-de-juan-ruiz-de-alarcon","status":"publish","type":"post","link":"https:\/\/www.deberes.net\/tesis\/vigo\/edicion-cra%c2%adtica-y-estudio-de-el-tejedor-de-segovia-de-juan-ruiz-de-alarcon\/","title":{"rendered":"Edici\u00f3n cr\u00edtica y estudio de el tejedor de segovia de juan ruiz de alarc\u00f3n."},"content":{"rendered":"<h2>Tesis doctoral de <strong>  Iglesias Garrido Ana Bel\u00e9n <\/strong><\/h2>\n<p>La tesis , proporciona , en primer lugar, un texto fiable, depurado de erratas y deturpaciones ajenas a la voluntad creadora del dramaturgo, base imprescisdible para cualquier formulaci\u00f3n te\u00f3rica posterior en torno a la pieza dram\u00e1tica .La rigurosa fijaci\u00f3n del texto y la sistematizaci\u00f3n de un aparato exhaustivo que permite al lector conocer el proceso de la trasmisi\u00f3n de la obra, sonlos logros m\u00e1s relevantes en lo se refiere al cometido editorial.  pero , adem\u00e1s , el extenso estudio preliminar-primer ensayo espec\u00edfico en torno a el tejedor de segovia-aporta m\u00faltiples elementos que arrojan luz sobre la pluralidad de aspectos significativos implicados en la interpretaci\u00f3n de la comedia.  la tesis ofrece,en definitiva , un texto nuevo, recuperado para el lector y en investigaci\u00f3n del siglo xxi , una lectura nueva, una mirada cr\u00edtica e integradora en torno a una de la comedias de juan ruiz de alarc\u00f3n  y mendoza, el m\u00e1s \u00abextra\u00f1o\u00bb autor dram\u00e1tico del siglo de oro espa\u00f1ol.<\/p>\n<p>&nbsp;<\/p>\n<h3>Datos acad\u00e9micos de la tesis doctoral \u00ab<strong>Edici\u00f3n cr\u00edtica y estudio de el tejedor de segovia de juan ruiz de alarc\u00f3n.<\/strong>\u00ab<\/h3>\n<ul>\n<li><strong>T\u00edtulo de la tesis:<\/strong>\u00a0 Edici\u00f3n cr\u00edtica y estudio de el tejedor de segovia de juan ruiz de alarc\u00f3n. <\/li>\n<li><strong>Autor:<\/strong>\u00a0  Iglesias Garrido Ana Bel\u00e9n <\/li>\n<li><strong>Universidad:<\/strong>\u00a0 Vigo<\/li>\n<li><strong>Fecha de lectura de la tesis:<\/strong>\u00a0 20\/07\/2004<\/li>\n<\/ul>\n<p>&nbsp;<\/p>\n<h3>Direcci\u00f3n y tribunal<\/h3>\n<ul>\n<li><strong>Director de la tesis<\/strong>\n<ul>\n<li>Jos\u00e9 Montero Reguera<\/li>\n<\/ul>\n<\/li>\n<li><strong>Tribunal<\/strong>\n<ul>\n<li>Presidente del tribunal: german Vega garcia luengos <\/li>\n<li>Juan Matas caballero (vocal)<\/li>\n<li>Francisco Florit dur\u00e1n (vocal)<\/li>\n<li> Mart\u00ednez l\u00f3pez m. Jos\u00e9 (vocal)<\/li>\n<\/ul>\n<\/li>\n<\/ul>\n<p>&nbsp;<\/p>\n","protected":false},"excerpt":{"rendered":"<p>Tesis doctoral de Iglesias Garrido Ana Bel\u00e9n La tesis , proporciona , en primer lugar, un texto fiable, depurado de [&hellip;]<\/p>\n","protected":false},"author":1,"featured_media":0,"comment_status":"open","ping_status":"open","sticky":false,"template":"","format":"standard","meta":{"site-sidebar-layout":"default","site-content-layout":"","ast-site-content-layout":"","site-content-style":"default","site-sidebar-style":"default","ast-global-header-display":"","ast-banner-title-visibility":"","ast-main-header-display":"","ast-hfb-above-header-display":"","ast-hfb-below-header-display":"","ast-hfb-mobile-header-display":"","site-post-title":"","ast-breadcrumbs-content":"","ast-featured-img":"","footer-sml-layout":"","theme-transparent-header-meta":"","adv-header-id-meta":"","stick-header-meta":"","header-above-stick-meta":"","header-main-stick-meta":"","header-below-stick-meta":"","astra-migrate-meta-layouts":"default","ast-page-background-enabled":"default","ast-page-background-meta":{"desktop":{"background-color":"var(--ast-global-color-4)","background-image":"","background-repeat":"repeat","background-position":"center center","background-size":"auto","background-attachment":"scroll","background-type":"","background-media":"","overlay-type":"","overlay-color":"","overlay-gradient":""},"tablet":{"background-color":"","background-image":"","background-repeat":"repeat","background-position":"center center","background-size":"auto","background-attachment":"scroll","background-type":"","background-media":"","overlay-type":"","overlay-color":"","overlay-gradient":""},"mobile":{"background-color":"","background-image":"","background-repeat":"repeat","background-position":"center center","background-size":"auto","background-attachment":"scroll","background-type":"","background-media":"","overlay-type":"","overlay-color":"","overlay-gradient":""}},"ast-content-background-meta":{"desktop":{"background-color":"var(--ast-global-color-5)","background-image":"","background-repeat":"repeat","background-position":"center center","background-size":"auto","background-attachment":"scroll","background-type":"","background-media":"","overlay-type":"","overlay-color":"","overlay-gradient":""},"tablet":{"background-color":"var(--ast-global-color-5)","background-image":"","background-repeat":"repeat","background-position":"center center","background-size":"auto","background-attachment":"scroll","background-type":"","background-media":"","overlay-type":"","overlay-color":"","overlay-gradient":""},"mobile":{"background-color":"var(--ast-global-color-5)","background-image":"","background-repeat":"repeat","background-position":"center center","background-size":"auto","background-attachment":"scroll","background-type":"","background-media":"","overlay-type":"","overlay-color":"","overlay-gradient":""}},"footnotes":""},"categories":[18657],"tags":[8784,8785,152308,15097,38048,2966],"class_list":["post-69589","post","type-post","status-publish","format-standard","hentry","category-vigo","tag-francisco-florit-duran","tag-german-vega-garcia-luengos","tag-iglesias-garrido-ana-belen","tag-jose-montero-reguera","tag-juan-matas-caballero","tag-Martinez-lopez-m-jose"],"_links":{"self":[{"href":"https:\/\/www.deberes.net\/tesis\/wp-json\/wp\/v2\/posts\/69589","targetHints":{"allow":["GET"]}}],"collection":[{"href":"https:\/\/www.deberes.net\/tesis\/wp-json\/wp\/v2\/posts"}],"about":[{"href":"https:\/\/www.deberes.net\/tesis\/wp-json\/wp\/v2\/types\/post"}],"author":[{"embeddable":true,"href":"https:\/\/www.deberes.net\/tesis\/wp-json\/wp\/v2\/users\/1"}],"replies":[{"embeddable":true,"href":"https:\/\/www.deberes.net\/tesis\/wp-json\/wp\/v2\/comments?post=69589"}],"version-history":[{"count":0,"href":"https:\/\/www.deberes.net\/tesis\/wp-json\/wp\/v2\/posts\/69589\/revisions"}],"wp:attachment":[{"href":"https:\/\/www.deberes.net\/tesis\/wp-json\/wp\/v2\/media?parent=69589"}],"wp:term":[{"taxonomy":"category","embeddable":true,"href":"https:\/\/www.deberes.net\/tesis\/wp-json\/wp\/v2\/categories?post=69589"},{"taxonomy":"post_tag","embeddable":true,"href":"https:\/\/www.deberes.net\/tesis\/wp-json\/wp\/v2\/tags?post=69589"}],"curies":[{"name":"wp","href":"https:\/\/api.w.org\/{rel}","templated":true}]}}