{"id":69627,"date":"2018-03-09T23:14:06","date_gmt":"2018-03-09T23:14:06","guid":{"rendered":"https:\/\/www.deberes.net\/tesis\/sin-categoria\/el-saber-ambiental-en-la-universidad-de-salamanca-genesis-desarrollo-y-realizaciones-de-presente\/"},"modified":"2018-03-09T23:14:06","modified_gmt":"2018-03-09T23:14:06","slug":"el-saber-ambiental-en-la-universidad-de-salamanca-genesis-desarrollo-y-realizaciones-de-presente","status":"publish","type":"post","link":"https:\/\/www.deberes.net\/tesis\/salamanca\/el-saber-ambiental-en-la-universidad-de-salamanca-genesis-desarrollo-y-realizaciones-de-presente\/","title":{"rendered":"El saber ambiental en la universidad de salamanca. genesis, desarrollo y realizaciones de presente."},"content":{"rendered":"<h2>Tesis doctoral de <strong> Mercedes Arevalo Angel <\/strong><\/h2>\n<p>Esta tesis tiene como objetivo principal estudiar integral e hist\u00f3ricamente el proceso de institucionalizaci\u00f3n del saber ambiental en la universidad de salamanca y su proyecci\u00f3n acad\u00e9mica.  para lograr este prop\u00f3sito se analizaron los elementos hist\u00f3ricos y te\u00f3ricos que fundamentan la misi\u00f3n social de la universidad y de la incorporaci\u00f3n del saber ambiental en la educaci\u00f3n superior, sus realizaciones y desarrollos a la luz de las pol\u00edticas marco de la uni\u00f3n europea en medio ambiente, investigaci\u00f3n, desarrollo cient\u00edfico y tecnol\u00f3gico.  el dise\u00f1o investigativo se basa en tres momentos del saber ambiental: en el primero se realiza la documentaci\u00f3n hist\u00f3rica, teniendo como herramienta la investigaci\u00f3n hist\u00f3rico &#8211; educativa. En el segundo se documenta y analiza su estado actual y condiciones, mediante la aplicaci\u00f3n del m\u00e9todo cualitativo de investigaci\u00f3n. En el tercero, se dise\u00f1a un escenario futuro y deseable de acuerdo a las condiciones institucionales existentes.  la investigaci\u00f3n est\u00e1 estructurada en cinco apartados. Inicialmente se presenta una introducci\u00f3n, planteamiento general y descriptivo de la investigaci\u00f3n  el primer cap\u00edtulo aporta los elementos te\u00f3ricos de los diferentes modelos educativos de universidad que han facilitado la incursi\u00f3n del pensamiento ambiental en la formaci\u00f3n superior.  en el segundo cap\u00edtulo se recopilan los referentes hist\u00f3ricos en el \u00e1mbito internacional, espa\u00f1ol y en la universidad de salamanca, que originaron la ense\u00f1anza y las actuaciones de los conocimientos ecol\u00f3gicos y ambientales.  es en el tercer cap\u00edtulo se aborda el estado actual del proceso de academizaci\u00f3n, investigaci\u00f3n, producci\u00f3n cient\u00edfica y actuaci\u00f3n ambiental en la universidad.  a partir de la informaci\u00f3n de los anteriores apartados, se dise\u00f1a una propuesta de agenda ambiental salmaticense como escenario futuro de un proyecto educativo, de investigaci\u00f3n y gesti\u00f3n ambiental para la unive<\/p>\n<p>&nbsp;<\/p>\n<h3>Datos acad\u00e9micos de la tesis doctoral \u00ab<strong>El saber ambiental en la universidad de salamanca. genesis, desarrollo y realizaciones de presente.<\/strong>\u00ab<\/h3>\n<ul>\n<li><strong>T\u00edtulo de la tesis:<\/strong>\u00a0 El saber ambiental en la universidad de salamanca. genesis, desarrollo y realizaciones de presente. <\/li>\n<li><strong>Autor:<\/strong>\u00a0 Mercedes Arevalo Angel <\/li>\n<li><strong>Universidad:<\/strong>\u00a0 Salamanca<\/li>\n<li><strong>Fecha de lectura de la tesis:<\/strong>\u00a0 22\/07\/2004<\/li>\n<\/ul>\n<p>&nbsp;<\/p>\n<h3>Direcci\u00f3n y tribunal<\/h3>\n<ul>\n<li><strong>Director de la tesis<\/strong>\n<ul>\n<li>Jos\u00e9 Mar\u00eda Hernandez Diaz<\/li>\n<\/ul>\n<\/li>\n<li><strong>Tribunal<\/strong>\n<ul>\n<li>Presidente del tribunal: Jos\u00e9 Antonio Caride gomez <\/li>\n<li> Garcia rodriguez Jos\u00e9  Antonio (vocal)<\/li>\n<li> Benayas del alamo Javier (vocal)<\/li>\n<li>Santiago Esteban frades (vocal)<\/li>\n<\/ul>\n<\/li>\n<\/ul>\n<p>&nbsp;<\/p>\n","protected":false},"excerpt":{"rendered":"<p>Tesis doctoral de Mercedes Arevalo Angel Esta tesis tiene como objetivo principal estudiar integral e hist\u00f3ricamente el proceso de institucionalizaci\u00f3n [&hellip;]<\/p>\n","protected":false},"author":1,"featured_media":0,"comment_status":"open","ping_status":"open","sticky":false,"template":"","format":"standard","meta":{"site-sidebar-layout":"default","site-content-layout":"","ast-site-content-layout":"","site-content-style":"default","site-sidebar-style":"default","ast-global-header-display":"","ast-banner-title-visibility":"","ast-main-header-display":"","ast-hfb-above-header-display":"","ast-hfb-below-header-display":"","ast-hfb-mobile-header-display":"","site-post-title":"","ast-breadcrumbs-content":"","ast-featured-img":"","footer-sml-layout":"","theme-transparent-header-meta":"","adv-header-id-meta":"","stick-header-meta":"","header-above-stick-meta":"","header-main-stick-meta":"","header-below-stick-meta":"","astra-migrate-meta-layouts":"default","ast-page-background-enabled":"default","ast-page-background-meta":{"desktop":{"background-color":"var(--ast-global-color-4)","background-image":"","background-repeat":"repeat","background-position":"center center","background-size":"auto","background-attachment":"scroll","background-type":"","background-media":"","overlay-type":"","overlay-color":"","overlay-gradient":""},"tablet":{"background-color":"","background-image":"","background-repeat":"repeat","background-position":"center center","background-size":"auto","background-attachment":"scroll","background-type":"","background-media":"","overlay-type":"","overlay-color":"","overlay-gradient":""},"mobile":{"background-color":"","background-image":"","background-repeat":"repeat","background-position":"center center","background-size":"auto","background-attachment":"scroll","background-type":"","background-media":"","overlay-type":"","overlay-color":"","overlay-gradient":""}},"ast-content-background-meta":{"desktop":{"background-color":"var(--ast-global-color-5)","background-image":"","background-repeat":"repeat","background-position":"center center","background-size":"auto","background-attachment":"scroll","background-type":"","background-media":"","overlay-type":"","overlay-color":"","overlay-gradient":""},"tablet":{"background-color":"var(--ast-global-color-5)","background-image":"","background-repeat":"repeat","background-position":"center center","background-size":"auto","background-attachment":"scroll","background-type":"","background-media":"","overlay-type":"","overlay-color":"","overlay-gradient":""},"mobile":{"background-color":"var(--ast-global-color-5)","background-image":"","background-repeat":"repeat","background-position":"center center","background-size":"auto","background-attachment":"scroll","background-type":"","background-media":"","overlay-type":"","overlay-color":"","overlay-gradient":""}},"footnotes":""},"categories":[9386],"tags":[28366,36804,2625,9516,152367,9515],"class_list":["post-69627","post","type-post","status-publish","format-standard","hentry","category-salamanca","tag-benayas-del-alamo-javier","tag-garcia-rodriguez-jose-antonio","tag-jose-antonio-caride-gomez","tag-jose-maria-hernandez-diaz","tag-mercedes-arevalo-angel","tag-santiago-esteban-frades"],"_links":{"self":[{"href":"https:\/\/www.deberes.net\/tesis\/wp-json\/wp\/v2\/posts\/69627","targetHints":{"allow":["GET"]}}],"collection":[{"href":"https:\/\/www.deberes.net\/tesis\/wp-json\/wp\/v2\/posts"}],"about":[{"href":"https:\/\/www.deberes.net\/tesis\/wp-json\/wp\/v2\/types\/post"}],"author":[{"embeddable":true,"href":"https:\/\/www.deberes.net\/tesis\/wp-json\/wp\/v2\/users\/1"}],"replies":[{"embeddable":true,"href":"https:\/\/www.deberes.net\/tesis\/wp-json\/wp\/v2\/comments?post=69627"}],"version-history":[{"count":0,"href":"https:\/\/www.deberes.net\/tesis\/wp-json\/wp\/v2\/posts\/69627\/revisions"}],"wp:attachment":[{"href":"https:\/\/www.deberes.net\/tesis\/wp-json\/wp\/v2\/media?parent=69627"}],"wp:term":[{"taxonomy":"category","embeddable":true,"href":"https:\/\/www.deberes.net\/tesis\/wp-json\/wp\/v2\/categories?post=69627"},{"taxonomy":"post_tag","embeddable":true,"href":"https:\/\/www.deberes.net\/tesis\/wp-json\/wp\/v2\/tags?post=69627"}],"curies":[{"name":"wp","href":"https:\/\/api.w.org\/{rel}","templated":true}]}}