{"id":69754,"date":"2018-03-09T23:14:14","date_gmt":"2018-03-09T23:14:14","guid":{"rendered":"https:\/\/www.deberes.net\/tesis\/sin-categoria\/modelo-de-gestion-del-conocimiento-para-el-desarrollo-de-proyectos-en-pequenas-y-medianas-empresas\/"},"modified":"2018-03-09T23:14:14","modified_gmt":"2018-03-09T23:14:14","slug":"modelo-de-gestion-del-conocimiento-para-el-desarrollo-de-proyectos-en-pequenas-y-medianas-empresas","status":"publish","type":"post","link":"https:\/\/www.deberes.net\/tesis\/oviedo\/modelo-de-gestion-del-conocimiento-para-el-desarrollo-de-proyectos-en-pequenas-y-medianas-empresas\/","title":{"rendered":"Modelo de gesti\u00f3n del conocimiento para el desarrollo de proyectos en peque\u00f1as y medianas empresas"},"content":{"rendered":"<h2>Tesis doctoral de <strong> Adriano Mones Bayo <\/strong><\/h2>\n<p>Este trabajo analiza la relaci\u00f3n existente entre la gesti\u00f3n de proyectos y la gesti\u00f3n del conocimiento desde una perspectiva integradora de recursos tangibles e intangibles, humanos y f\u00edsicos.  desde finales del siglo xx, tras la aparici\u00f3n de nuevos sistemas para la administraci\u00f3n de datos, informaci\u00f3n y conocimiento, la mayor\u00eda de los sistemas de gesti\u00f3n est\u00e1n siendo adaptados a esta nueva situaci\u00f3n, sin que se hayan producido hasta la fecha cambios radicales en la mayor\u00eda de las organizaciones.  estos cambios en los sistemas de gesti\u00f3n han afectado tambi\u00e9n a la gesti\u00f3n de proyectos. Recursos importantes en el ciclo de vida del proyecto, como son el espacio y el tiempo, ocupan un lugar menos determinante en la actualidad debido a que las nuevas tecnolog\u00edas permiten sustituir dichos recursos f\u00edsicos por datos, que a su vez se transforman en informaci\u00f3n relevante.  los recursos humanos que interact\u00faan en un proyecto dependen tambi\u00e9n en menor medida de las restricciones mencionadas anteriormente gracias al empleo de nuevas tecnolog\u00edas. De forma individual o grupal, la relaci\u00f3n hombre -m\u00e1quina vas m\u00e1s all\u00e1 de la concepci\u00f3n cl\u00e1sica, apareciendo el \u00abtrabajador del conocimiento\u00bb.  las actividades de las organizaciones son realizadas con el soporte del capital intelectual creado por estos trabajadores. En muchas ocasines, estas organizaciaones pretenden medir el valor de este capital, existiendo diversas propuestas que son estudiadas en este trabajo.  otro aspecto relevante es el estudio de las distintas metodolog\u00edas de gesti\u00f3n del conocimiento organizativo y del grado de implantaci\u00f3n y de \u00e9xito en la pr\u00e1ctica. Para ello se exponen las principales teor\u00edas y los resultados de casos pr\u00e1cticos.  la relaci\u00f3n entre el alcance del sistema de gesti\u00f3n empleado y el contenido de dicho sistema determina distintos niveles en la gesti\u00f3n del conocimiento. estos niveles evolucionan desde el individuo hasta el entorno<\/p>\n<p>&nbsp;<\/p>\n<h3>Datos acad\u00e9micos de la tesis doctoral \u00ab<strong>Modelo de gesti\u00f3n del conocimiento para el desarrollo de proyectos en peque\u00f1as y medianas empresas<\/strong>\u00ab<\/h3>\n<ul>\n<li><strong>T\u00edtulo de la tesis:<\/strong>\u00a0 Modelo de gesti\u00f3n del conocimiento para el desarrollo de proyectos en peque\u00f1as y medianas empresas <\/li>\n<li><strong>Autor:<\/strong>\u00a0 Adriano Mones Bayo <\/li>\n<li><strong>Universidad:<\/strong>\u00a0 Oviedo<\/li>\n<li><strong>Fecha de lectura de la tesis:<\/strong>\u00a0 28\/07\/2004<\/li>\n<\/ul>\n<p>&nbsp;<\/p>\n<h3>Direcci\u00f3n y tribunal<\/h3>\n<ul>\n<li><strong>Director de la tesis<\/strong>\n<ul>\n<li>Vicente Rodr\u00edguez Montequin<\/li>\n<\/ul>\n<\/li>\n<li><strong>Tribunal<\/strong>\n<ul>\n<li>Presidente del tribunal: nicolas De abajo Martinez <\/li>\n<li> Ortega fernandez Francisco de asis (vocal)<\/li>\n<li>angel Cobo ortega (vocal)<\/li>\n<li> Alvarez cabal Jos\u00e9 valeriano (vocal)<\/li>\n<\/ul>\n<\/li>\n<\/ul>\n<p>&nbsp;<\/p>\n","protected":false},"excerpt":{"rendered":"<p>Tesis doctoral de Adriano Mones Bayo Este trabajo analiza la relaci\u00f3n existente entre la gesti\u00f3n de proyectos y la gesti\u00f3n [&hellip;]<\/p>\n","protected":false},"author":1,"featured_media":0,"comment_status":"open","ping_status":"open","sticky":false,"template":"","format":"standard","meta":{"site-sidebar-layout":"default","site-content-layout":"","ast-site-content-layout":"","site-content-style":"default","site-sidebar-style":"default","ast-global-header-display":"","ast-banner-title-visibility":"","ast-main-header-display":"","ast-hfb-above-header-display":"","ast-hfb-below-header-display":"","ast-hfb-mobile-header-display":"","site-post-title":"","ast-breadcrumbs-content":"","ast-featured-img":"","footer-sml-layout":"","theme-transparent-header-meta":"","adv-header-id-meta":"","stick-header-meta":"","header-above-stick-meta":"","header-main-stick-meta":"","header-below-stick-meta":"","astra-migrate-meta-layouts":"default","ast-page-background-enabled":"default","ast-page-background-meta":{"desktop":{"background-color":"var(--ast-global-color-4)","background-image":"","background-repeat":"repeat","background-position":"center center","background-size":"auto","background-attachment":"scroll","background-type":"","background-media":"","overlay-type":"","overlay-color":"","overlay-gradient":""},"tablet":{"background-color":"","background-image":"","background-repeat":"repeat","background-position":"center center","background-size":"auto","background-attachment":"scroll","background-type":"","background-media":"","overlay-type":"","overlay-color":"","overlay-gradient":""},"mobile":{"background-color":"","background-image":"","background-repeat":"repeat","background-position":"center center","background-size":"auto","background-attachment":"scroll","background-type":"","background-media":"","overlay-type":"","overlay-color":"","overlay-gradient":""}},"ast-content-background-meta":{"desktop":{"background-color":"var(--ast-global-color-5)","background-image":"","background-repeat":"repeat","background-position":"center center","background-size":"auto","background-attachment":"scroll","background-type":"","background-media":"","overlay-type":"","overlay-color":"","overlay-gradient":""},"tablet":{"background-color":"var(--ast-global-color-5)","background-image":"","background-repeat":"repeat","background-position":"center center","background-size":"auto","background-attachment":"scroll","background-type":"","background-media":"","overlay-type":"","overlay-color":"","overlay-gradient":""},"mobile":{"background-color":"var(--ast-global-color-5)","background-image":"","background-repeat":"repeat","background-position":"center center","background-size":"auto","background-attachment":"scroll","background-type":"","background-media":"","overlay-type":"","overlay-color":"","overlay-gradient":""}},"footnotes":""},"categories":[8846],"tags":[149622,75789,75926,47430,136384,67543],"class_list":["post-69754","post","type-post","status-publish","format-standard","hentry","category-oviedo","tag-adriano-mones-bayo","tag-alvarez-cabal-jose-valeriano","tag-angel-cobo-ortega","tag-nicolas-de-abajo-Martinez","tag-ortega-fernandez-francisco-de-asis","tag-vicente-rodriguez-montequin"],"_links":{"self":[{"href":"https:\/\/www.deberes.net\/tesis\/wp-json\/wp\/v2\/posts\/69754","targetHints":{"allow":["GET"]}}],"collection":[{"href":"https:\/\/www.deberes.net\/tesis\/wp-json\/wp\/v2\/posts"}],"about":[{"href":"https:\/\/www.deberes.net\/tesis\/wp-json\/wp\/v2\/types\/post"}],"author":[{"embeddable":true,"href":"https:\/\/www.deberes.net\/tesis\/wp-json\/wp\/v2\/users\/1"}],"replies":[{"embeddable":true,"href":"https:\/\/www.deberes.net\/tesis\/wp-json\/wp\/v2\/comments?post=69754"}],"version-history":[{"count":0,"href":"https:\/\/www.deberes.net\/tesis\/wp-json\/wp\/v2\/posts\/69754\/revisions"}],"wp:attachment":[{"href":"https:\/\/www.deberes.net\/tesis\/wp-json\/wp\/v2\/media?parent=69754"}],"wp:term":[{"taxonomy":"category","embeddable":true,"href":"https:\/\/www.deberes.net\/tesis\/wp-json\/wp\/v2\/categories?post=69754"},{"taxonomy":"post_tag","embeddable":true,"href":"https:\/\/www.deberes.net\/tesis\/wp-json\/wp\/v2\/tags?post=69754"}],"curies":[{"name":"wp","href":"https:\/\/api.w.org\/{rel}","templated":true}]}}