{"id":69775,"date":"2018-03-09T23:14:17","date_gmt":"2018-03-09T23:14:17","guid":{"rendered":"https:\/\/www.deberes.net\/tesis\/sin-categoria\/estudio-sobre-el-manejo-de-la-artritis-reumatoide-en-espana-emar\/"},"modified":"2018-03-09T23:14:17","modified_gmt":"2018-03-09T23:14:17","slug":"estudio-sobre-el-manejo-de-la-artritis-reumatoide-en-espana-emar","status":"publish","type":"post","link":"https:\/\/www.deberes.net\/tesis\/sin-categoria\/estudio-sobre-el-manejo-de-la-artritis-reumatoide-en-espana-emar\/","title":{"rendered":"Estudio sobre el manejo de la artritis reumatoide en espa\u00f1a (emar)"},"content":{"rendered":"<h2>Tesis doctoral de <strong> Virginia Villaverde Garc\u00eda <\/strong><\/h2>\n<p>Existe una amplia variabilidad en la disponibilidad, acceso, seguimiento y utilizaci\u00f3n de medios diagn\u00f3sticos y terap\u00e9uticos en los pacientes con artritis reumatoide en espa\u00f1a. Esta variabilidad puede estar relacionada con la incertidumbre sobre la evidencia cient\u00edfica, diferencias individuales y recursos de los centros donde son atendidos los pacientes o cambios en los valores sociales. Pero tambi\u00e9n podr\u00eda estar relacionada con diferencias en las habilidades del m\u00e9dico, mala organizaci\u00f3n de la instituci\u00f3n, ignorancia o deliberada decisi\u00f3n de no utilizar pr\u00e1cticas preferibles, sobre las que existe evidencia probada de su superioridad. La identificaci\u00f3n de las \u00e1reas en las que existe una mayor variabilidad en la pr\u00e1ctica cl\u00ednica, as\u00ed como sus posibles causas, puede contribuir a establecer estrategias de planificaci\u00f3n de la atenci\u00f3n sanitaria dentro del sistema nacional de salud que beneficie a los pacientes y no consuma recursos innecesariamente. En este contexto, los enfermos con artritis reumatoide y los m\u00e9dicos que les atienden, se podr\u00edan beneficiar en nuestro medio del desarrollo de est\u00e1ndares de calidad en forma de gu\u00eda de pr\u00e1ctica cl\u00ednica.<\/p>\n<p>&nbsp;<\/p>\n<h3>Datos acad\u00e9micos de la tesis doctoral \u00ab<strong>Estudio sobre el manejo de la artritis reumatoide en espa\u00f1a (emar)<\/strong>\u00ab<\/h3>\n<ul>\n<li><strong>T\u00edtulo de la tesis:<\/strong>\u00a0 Estudio sobre el manejo de la artritis reumatoide en espa\u00f1a (emar) <\/li>\n<li><strong>Autor:<\/strong>\u00a0 Virginia Villaverde Garc\u00eda <\/li>\n<li><strong>Universidad:<\/strong>\u00a0 Aut\u00f3noma de Madrid<\/li>\n<li><strong>Fecha de lectura de la tesis:<\/strong>\u00a0 29\/07\/2004<\/li>\n<\/ul>\n<p>&nbsp;<\/p>\n<h3>Direcci\u00f3n y tribunal<\/h3>\n<ul>\n<li><strong>Director de la tesis<\/strong>\n<ul>\n<li>C\u00e9sar Hern\u00e1ndez Garc\u00eda<\/li>\n<\/ul>\n<\/li>\n<li><strong>Tribunal<\/strong>\n<ul>\n<li>Presidente del tribunal: Francisco Arnalich fern\u00e1ndez <\/li>\n<li> Jover jover Juan  angel (vocal)<\/li>\n<li>eliseo Pascual g\u00f3mez (vocal)<\/li>\n<li>Jes\u00fas Tornero molina (vocal)<\/li>\n<\/ul>\n<\/li>\n<\/ul>\n<p>&nbsp;<\/p>\n","protected":false},"excerpt":{"rendered":"<p>Tesis doctoral de Virginia Villaverde Garc\u00eda Existe una amplia variabilidad en la disponibilidad, acceso, seguimiento y utilizaci\u00f3n de medios diagn\u00f3sticos [&hellip;]<\/p>\n","protected":false},"author":1,"featured_media":0,"comment_status":"open","ping_status":"open","sticky":false,"template":"","format":"standard","meta":{"site-sidebar-layout":"default","site-content-layout":"","ast-site-content-layout":"","site-content-style":"default","site-sidebar-style":"default","ast-global-header-display":"","ast-banner-title-visibility":"","ast-main-header-display":"","ast-hfb-above-header-display":"","ast-hfb-below-header-display":"","ast-hfb-mobile-header-display":"","site-post-title":"","ast-breadcrumbs-content":"","ast-featured-img":"","footer-sml-layout":"","theme-transparent-header-meta":"","adv-header-id-meta":"","stick-header-meta":"","header-above-stick-meta":"","header-main-stick-meta":"","header-below-stick-meta":"","astra-migrate-meta-layouts":"default","ast-page-background-enabled":"default","ast-page-background-meta":{"desktop":{"background-color":"var(--ast-global-color-4)","background-image":"","background-repeat":"repeat","background-position":"center center","background-size":"auto","background-attachment":"scroll","background-type":"","background-media":"","overlay-type":"","overlay-color":"","overlay-gradient":""},"tablet":{"background-color":"","background-image":"","background-repeat":"repeat","background-position":"center center","background-size":"auto","background-attachment":"scroll","background-type":"","background-media":"","overlay-type":"","overlay-color":"","overlay-gradient":""},"mobile":{"background-color":"","background-image":"","background-repeat":"repeat","background-position":"center center","background-size":"auto","background-attachment":"scroll","background-type":"","background-media":"","overlay-type":"","overlay-color":"","overlay-gradient":""}},"ast-content-background-meta":{"desktop":{"background-color":"var(--ast-global-color-5)","background-image":"","background-repeat":"repeat","background-position":"center center","background-size":"auto","background-attachment":"scroll","background-type":"","background-media":"","overlay-type":"","overlay-color":"","overlay-gradient":""},"tablet":{"background-color":"var(--ast-global-color-5)","background-image":"","background-repeat":"repeat","background-position":"center center","background-size":"auto","background-attachment":"scroll","background-type":"","background-media":"","overlay-type":"","overlay-color":"","overlay-gradient":""},"mobile":{"background-color":"var(--ast-global-color-5)","background-image":"","background-repeat":"repeat","background-position":"center center","background-size":"auto","background-attachment":"scroll","background-type":"","background-media":"","overlay-type":"","overlay-color":"","overlay-gradient":""}},"footnotes":""},"categories":[1],"tags":[146293,1205,824,52543,22772,152626],"class_list":["post-69775","post","type-post","status-publish","format-standard","hentry","category-sin-categoria","tag-cesar-hernandez-garcia","tag-eliseo-pascual-gomez","tag-francisco-arnalich-fernandez","tag-jesus-tornero-molina","tag-jover-jover-juan-angel","tag-virginia-villaverde-garcia"],"_links":{"self":[{"href":"https:\/\/www.deberes.net\/tesis\/wp-json\/wp\/v2\/posts\/69775","targetHints":{"allow":["GET"]}}],"collection":[{"href":"https:\/\/www.deberes.net\/tesis\/wp-json\/wp\/v2\/posts"}],"about":[{"href":"https:\/\/www.deberes.net\/tesis\/wp-json\/wp\/v2\/types\/post"}],"author":[{"embeddable":true,"href":"https:\/\/www.deberes.net\/tesis\/wp-json\/wp\/v2\/users\/1"}],"replies":[{"embeddable":true,"href":"https:\/\/www.deberes.net\/tesis\/wp-json\/wp\/v2\/comments?post=69775"}],"version-history":[{"count":0,"href":"https:\/\/www.deberes.net\/tesis\/wp-json\/wp\/v2\/posts\/69775\/revisions"}],"wp:attachment":[{"href":"https:\/\/www.deberes.net\/tesis\/wp-json\/wp\/v2\/media?parent=69775"}],"wp:term":[{"taxonomy":"category","embeddable":true,"href":"https:\/\/www.deberes.net\/tesis\/wp-json\/wp\/v2\/categories?post=69775"},{"taxonomy":"post_tag","embeddable":true,"href":"https:\/\/www.deberes.net\/tesis\/wp-json\/wp\/v2\/tags?post=69775"}],"curies":[{"name":"wp","href":"https:\/\/api.w.org\/{rel}","templated":true}]}}