{"id":69841,"date":"2004-07-09T00:00:00","date_gmt":"2004-07-09T00:00:00","guid":{"rendered":"https:\/\/www.deberes.net\/tesis\/sin-categoria\/la-compana%c2%ada-telefonica-nacional-de-espana-en-la-dictadura-de-primo-de-rivera-1923-1930\/"},"modified":"2004-07-09T00:00:00","modified_gmt":"2004-07-09T00:00:00","slug":"la-compana%c2%ada-telefonica-nacional-de-espana-en-la-dictadura-de-primo-de-rivera-1923-1930","status":"publish","type":"post","link":"https:\/\/www.deberes.net\/tesis\/politecnica-de-madrid\/la-compana%c2%ada-telefonica-nacional-de-espana-en-la-dictadura-de-primo-de-rivera-1923-1930\/","title":{"rendered":"La compa\u00f1\u00edatelef\u00f3nica nacional de espa\u00f1a en la dictadura de primo de rivera (1923-1930)"},"content":{"rendered":"<h2>Tesis doctoral de <strong> Antonio P\u00e9rez Yuste <\/strong><\/h2>\n<p>Si el valor de un acontecimiento lo midi\u00e9ramos por su trascendencia futura, la creaci\u00f3n, el 19 de abril de 1924, de la compa\u00f1\u00eda telef\u00f3nica nacional de espa\u00f1a (ctne) ser\u00eda uno de los hechos m\u00e1s destacados de la historia contempor\u00e1nea de nuestro pa\u00eds. Con independencia del \u00e1mbito que se escoja: t\u00e9cnico, social, pol\u00edtico o econ\u00f3mico, hoy por hoy, resulta imposible entender las telecomunicaciones en espa\u00f1a sin la presencia y el concierto de telef\u00f3nica, sucesora en el tiempo de aquella primera compa\u00f1\u00eda telef\u00f3nica nacional.  el otorgamiento del servicio telef\u00f3nico nacional a la ctne, en 1924, fue realizado en r\u00e9gimen de monopolio y mediante adjudicaci\u00f3n directa, sin subasta ni concurso. La f\u00f3rmula elegida consisti\u00f3 en un real decreto, firmado por el rey, donde se autorizaba al gobierno para que, con excepci\u00f3n de las formalidades prevenidas en la ley de administraci\u00f3n y contabilidad de la hacienda p\u00fablica, procediera en nombre del estado a contratar con la ctne la organizaci\u00f3n, reforma y ampliaci\u00f3n del servicio telef\u00f3nico nacional con arreglo a un pliego de veintis\u00e9is cl\u00e1usulas, llamadas bases, que acompa\u00f1aban al texto regio. En el mismo se estipulaba, adem\u00e1s, que no podr\u00edan serle de aplicaci\u00f3n al contrato cuantas leyes y disposiciones estuvieran en contradicci\u00f3n con el mismo y con las referidas bases se\u00f1al\u00e1ndose, en especial, la citada ley de administraci\u00f3n y contabilidad de la hacienda p\u00fablica, de 1 de julio de 1911, y el estatuto municipal, aprobado por real decreto-ley el d\u00eda 8 de marzo de 1924, entre ellas.  para desentra\u00f1ar la forma exacta en la que se produjo el proceso de adjudicaci\u00f3n se ha realizado una investigaci\u00f3n de campo acudiendo a los descendientes directos de uno de los fundadores de la ctne. Esto, completado con las investigaciones realizadas en archivos, bibliotecas y librer\u00edas de antiguo de distintas ciudades de espa\u00f1a, ha permitido obtener unos resultados in\u00e9ditos sobre la crea<\/p>\n<p>&nbsp;<\/p>\n<h3>Datos acad\u00e9micos de la tesis doctoral \u00ab<strong>La compa\u00f1\u00edatelef\u00f3nica nacional de espa\u00f1a en la dictadura de primo de rivera (1923-1930)<\/strong>\u00ab<\/h3>\n<ul>\n<li><strong>T\u00edtulo de la tesis:<\/strong>\u00a0 La compa\u00f1\u00edatelef\u00f3nica nacional de espa\u00f1a en la dictadura de primo de rivera (1923-1930) <\/li>\n<li><strong>Autor:<\/strong>\u00a0 Antonio P\u00e9rez Yuste <\/li>\n<li><strong>Universidad:<\/strong>\u00a0 Polit\u00e9cnica de Madrid<\/li>\n<li><strong>Fecha de lectura de la tesis:<\/strong>\u00a0 07\/09\/2004<\/li>\n<\/ul>\n<p>&nbsp;<\/p>\n<h3>Direcci\u00f3n y tribunal<\/h3>\n<ul>\n<li><strong>Director de la tesis<\/strong>\n<ul>\n<li>Magdalena Salazar Palma<\/li>\n<\/ul>\n<\/li>\n<li><strong>Tribunal<\/strong>\n<ul>\n<li>Presidente del tribunal: vicente Ortega castro <\/li>\n<li> Otero carvajal Luis enrique (vocal)<\/li>\n<li> Romeo l\u00f3pez Jos\u00e9 Mar\u00eda (vocal)<\/li>\n<li>Antonio Castillo holgado (vocal)<\/li>\n<\/ul>\n<\/li>\n<\/ul>\n<p>&nbsp;<\/p>\n","protected":false},"excerpt":{"rendered":"<p>Tesis doctoral de Antonio P\u00e9rez Yuste Si el valor de un acontecimiento lo midi\u00e9ramos por su trascendencia futura, la creaci\u00f3n, [&hellip;]<\/p>\n","protected":false},"author":1,"featured_media":0,"comment_status":"open","ping_status":"open","sticky":false,"template":"","format":"standard","meta":{"site-sidebar-layout":"default","site-content-layout":"","ast-site-content-layout":"","site-content-style":"default","site-sidebar-style":"default","ast-global-header-display":"","ast-banner-title-visibility":"","ast-main-header-display":"","ast-hfb-above-header-display":"","ast-hfb-below-header-display":"","ast-hfb-mobile-header-display":"","site-post-title":"","ast-breadcrumbs-content":"","ast-featured-img":"","footer-sml-layout":"","theme-transparent-header-meta":"","adv-header-id-meta":"","stick-header-meta":"","header-above-stick-meta":"","header-main-stick-meta":"","header-below-stick-meta":"","astra-migrate-meta-layouts":"default","ast-page-background-enabled":"default","ast-page-background-meta":{"desktop":{"background-color":"var(--ast-global-color-4)","background-image":"","background-repeat":"repeat","background-position":"center center","background-size":"auto","background-attachment":"scroll","background-type":"","background-media":"","overlay-type":"","overlay-color":"","overlay-gradient":""},"tablet":{"background-color":"","background-image":"","background-repeat":"repeat","background-position":"center center","background-size":"auto","background-attachment":"scroll","background-type":"","background-media":"","overlay-type":"","overlay-color":"","overlay-gradient":""},"mobile":{"background-color":"","background-image":"","background-repeat":"repeat","background-position":"center center","background-size":"auto","background-attachment":"scroll","background-type":"","background-media":"","overlay-type":"","overlay-color":"","overlay-gradient":""}},"ast-content-background-meta":{"desktop":{"background-color":"var(--ast-global-color-5)","background-image":"","background-repeat":"repeat","background-position":"center center","background-size":"auto","background-attachment":"scroll","background-type":"","background-media":"","overlay-type":"","overlay-color":"","overlay-gradient":""},"tablet":{"background-color":"var(--ast-global-color-5)","background-image":"","background-repeat":"repeat","background-position":"center center","background-size":"auto","background-attachment":"scroll","background-type":"","background-media":"","overlay-type":"","overlay-color":"","overlay-gradient":""},"mobile":{"background-color":"var(--ast-global-color-5)","background-image":"","background-repeat":"repeat","background-position":"center center","background-size":"auto","background-attachment":"scroll","background-type":"","background-media":"","overlay-type":"","overlay-color":"","overlay-gradient":""}},"footnotes":""},"categories":[16008],"tags":[50985,152753,30954,48197,152754,30956],"class_list":["post-69841","post","type-post","status-publish","format-standard","hentry","category-politecnica-de-madrid","tag-antonio-castillo-holgado","tag-antonio-perez-yuste","tag-magdalena-salazar-palma","tag-otero-carvajal-luis-enrique","tag-romeo-lopez-jose-maria","tag-vicente-ortega-castro"],"_links":{"self":[{"href":"https:\/\/www.deberes.net\/tesis\/wp-json\/wp\/v2\/posts\/69841","targetHints":{"allow":["GET"]}}],"collection":[{"href":"https:\/\/www.deberes.net\/tesis\/wp-json\/wp\/v2\/posts"}],"about":[{"href":"https:\/\/www.deberes.net\/tesis\/wp-json\/wp\/v2\/types\/post"}],"author":[{"embeddable":true,"href":"https:\/\/www.deberes.net\/tesis\/wp-json\/wp\/v2\/users\/1"}],"replies":[{"embeddable":true,"href":"https:\/\/www.deberes.net\/tesis\/wp-json\/wp\/v2\/comments?post=69841"}],"version-history":[{"count":0,"href":"https:\/\/www.deberes.net\/tesis\/wp-json\/wp\/v2\/posts\/69841\/revisions"}],"wp:attachment":[{"href":"https:\/\/www.deberes.net\/tesis\/wp-json\/wp\/v2\/media?parent=69841"}],"wp:term":[{"taxonomy":"category","embeddable":true,"href":"https:\/\/www.deberes.net\/tesis\/wp-json\/wp\/v2\/categories?post=69841"},{"taxonomy":"post_tag","embeddable":true,"href":"https:\/\/www.deberes.net\/tesis\/wp-json\/wp\/v2\/tags?post=69841"}],"curies":[{"name":"wp","href":"https:\/\/api.w.org\/{rel}","templated":true}]}}