{"id":69882,"date":"2004-09-09T00:00:00","date_gmt":"2004-09-09T00:00:00","guid":{"rendered":"https:\/\/www.deberes.net\/tesis\/sin-categoria\/influencia-de-la-expresion-corporal-sobre-las-emociones-un-estudio-experimental\/"},"modified":"2004-09-09T00:00:00","modified_gmt":"2004-09-09T00:00:00","slug":"influencia-de-la-expresion-corporal-sobre-las-emociones-un-estudio-experimental","status":"publish","type":"post","link":"https:\/\/www.deberes.net\/tesis\/politecnica-de-madrid\/influencia-de-la-expresion-corporal-sobre-las-emociones-un-estudio-experimental\/","title":{"rendered":"Influencia de la expresi\u00f3n corporal sobre las emociones: un estudio experimental"},"content":{"rendered":"<h2>Tesis doctoral de <strong> Mar\u00eda  Teresa Ruano Arriagada <\/strong><\/h2>\n<p>Numerosos autores desde la expresi\u00f3n corporal han puesto de manifiesto c\u00f3mo esta disciplina puede contribuir al desarrollo de la dimensi\u00f3n emocional y social del individuo, en definitiva al desarrollo afectivo del alumno. el objetivo del presente estudio fue evaluar el impacto de la expresi\u00f3n corporal sobre la vivencia emocional en una muestra de alumnos universitarios. para ello se desarroll\u00f3, en primer lugar, un estudio cualitativo para seleccionar las emociones m\u00e1s frecuentemente vivenciadas por los alumnos que reciben esta formaci\u00f3n, los contextos en los que estas emociones se vivencian y las etiquetas verbales que utilizan para la expresi\u00f3n de las mismas, con esta informaci\u00f3n se procedi\u00f3 a la elaboraci\u00f3n del custionario de emociones en el \u00e1mbito educativo (ceae) con el que se realiz\u00f3 el estudio para valorar las propiedades psicom\u00e9tricas del mismo.  por \u00faltimo, se dise\u00f1\u00f3 un estudio experimental para comprobar en que medida la expresi\u00f3n corporal podr\u00eda contribuir a modificar la vivencia subjetiva emocional (evaluada a trav\u00e9s del ceae), las habilidades sociales (evaluadas con la escala multidimensional de expresi\u00f3n social parte motora, el emes-m de caballo, 1987) y el binestar psicol\u00f3gico (evaluado a partir de la escala de bienestar psicol\u00f3gico, ebp, de s\u00e1nchez-c\u00e1novas, 1998). Los resultados apuntan a que la frecuencia y la intensidad con la que las emociones se vivencian, no sufren en general modificaciones como resultado de la intervenci\u00f3n de la expresi\u00f3n corporal, excepto la verg\u00ed\u00bcenza en las situaciones que son similares a las trabajadas en la intervenci\u00f3n (verg\u00ed\u00bcenza en situaciones nuevas y verg\u00ed\u00bcenza en situaciones donde se sienten r\u00eddiculos). Contrariamente a lo propuesto por numerosos autores de la expresi\u00f3n corporal, tampoco se ha encontrado evidencia que apoye que la impartici\u00f3n de la expresi\u00f3n corporal favorezca el desarrollo de las habilidades sociales y bienestar psicol\u00f3gico. La falta de evid<\/p>\n<p>&nbsp;<\/p>\n<h3>Datos acad\u00e9micos de la tesis doctoral \u00ab<strong>Influencia de la expresi\u00f3n corporal sobre las emociones: un estudio experimental<\/strong>\u00ab<\/h3>\n<ul>\n<li><strong>T\u00edtulo de la tesis:<\/strong>\u00a0 Influencia de la expresi\u00f3n corporal sobre las emociones: un estudio experimental <\/li>\n<li><strong>Autor:<\/strong>\u00a0 Mar\u00eda  Teresa Ruano Arriagada <\/li>\n<li><strong>Universidad:<\/strong>\u00a0 Polit\u00e9cnica de Madrid<\/li>\n<li><strong>Fecha de lectura de la tesis:<\/strong>\u00a0 09\/09\/2004<\/li>\n<\/ul>\n<p>&nbsp;<\/p>\n<h3>Direcci\u00f3n y tribunal<\/h3>\n<ul>\n<li><strong>Director de la tesis<\/strong>\n<ul>\n<li> Barripedro Moro M. Isabel<\/li>\n<\/ul>\n<\/li>\n<li><strong>Tribunal<\/strong>\n<ul>\n<li>Presidente del tribunal: alfonso Soler g\u00f3mez <\/li>\n<li>Mar\u00eda  del mar Ortiz camacho (vocal)<\/li>\n<li>Mar\u00eda rosario Romero martin (vocal)<\/li>\n<li>mauro Sanchez sanchez (vocal)<\/li>\n<\/ul>\n<\/li>\n<\/ul>\n<p>&nbsp;<\/p>\n","protected":false},"excerpt":{"rendered":"<p>Tesis doctoral de Mar\u00eda Teresa Ruano Arriagada Numerosos autores desde la expresi\u00f3n corporal han puesto de manifiesto c\u00f3mo esta disciplina [&hellip;]<\/p>\n","protected":false},"author":1,"featured_media":0,"comment_status":"open","ping_status":"open","sticky":false,"template":"","format":"standard","meta":{"site-sidebar-layout":"default","site-content-layout":"","ast-site-content-layout":"","site-content-style":"default","site-sidebar-style":"default","ast-global-header-display":"","ast-banner-title-visibility":"","ast-main-header-display":"","ast-hfb-above-header-display":"","ast-hfb-below-header-display":"","ast-hfb-mobile-header-display":"","site-post-title":"","ast-breadcrumbs-content":"","ast-featured-img":"","footer-sml-layout":"","theme-transparent-header-meta":"","adv-header-id-meta":"","stick-header-meta":"","header-above-stick-meta":"","header-main-stick-meta":"","header-below-stick-meta":"","astra-migrate-meta-layouts":"default","ast-page-background-enabled":"default","ast-page-background-meta":{"desktop":{"background-color":"var(--ast-global-color-4)","background-image":"","background-repeat":"repeat","background-position":"center center","background-size":"auto","background-attachment":"scroll","background-type":"","background-media":"","overlay-type":"","overlay-color":"","overlay-gradient":""},"tablet":{"background-color":"","background-image":"","background-repeat":"repeat","background-position":"center center","background-size":"auto","background-attachment":"scroll","background-type":"","background-media":"","overlay-type":"","overlay-color":"","overlay-gradient":""},"mobile":{"background-color":"","background-image":"","background-repeat":"repeat","background-position":"center center","background-size":"auto","background-attachment":"scroll","background-type":"","background-media":"","overlay-type":"","overlay-color":"","overlay-gradient":""}},"ast-content-background-meta":{"desktop":{"background-color":"var(--ast-global-color-5)","background-image":"","background-repeat":"repeat","background-position":"center center","background-size":"auto","background-attachment":"scroll","background-type":"","background-media":"","overlay-type":"","overlay-color":"","overlay-gradient":""},"tablet":{"background-color":"var(--ast-global-color-5)","background-image":"","background-repeat":"repeat","background-position":"center center","background-size":"auto","background-attachment":"scroll","background-type":"","background-media":"","overlay-type":"","overlay-color":"","overlay-gradient":""},"mobile":{"background-color":"var(--ast-global-color-5)","background-image":"","background-repeat":"repeat","background-position":"center center","background-size":"auto","background-attachment":"scroll","background-type":"","background-media":"","overlay-type":"","overlay-color":"","overlay-gradient":""}},"footnotes":""},"categories":[16008],"tags":[21759,152819,101666,57659,152818,58037],"class_list":["post-69882","post","type-post","status-publish","format-standard","hentry","category-politecnica-de-madrid","tag-alfonso-soler-gomez","tag-barripedro-moro-m-isabel","tag-maria-del-mar-ortiz-camacho","tag-maria-rosario-romero-martin","tag-maria-teresa-ruano-arriagada","tag-mauro-sanchez-sanchez"],"_links":{"self":[{"href":"https:\/\/www.deberes.net\/tesis\/wp-json\/wp\/v2\/posts\/69882","targetHints":{"allow":["GET"]}}],"collection":[{"href":"https:\/\/www.deberes.net\/tesis\/wp-json\/wp\/v2\/posts"}],"about":[{"href":"https:\/\/www.deberes.net\/tesis\/wp-json\/wp\/v2\/types\/post"}],"author":[{"embeddable":true,"href":"https:\/\/www.deberes.net\/tesis\/wp-json\/wp\/v2\/users\/1"}],"replies":[{"embeddable":true,"href":"https:\/\/www.deberes.net\/tesis\/wp-json\/wp\/v2\/comments?post=69882"}],"version-history":[{"count":0,"href":"https:\/\/www.deberes.net\/tesis\/wp-json\/wp\/v2\/posts\/69882\/revisions"}],"wp:attachment":[{"href":"https:\/\/www.deberes.net\/tesis\/wp-json\/wp\/v2\/media?parent=69882"}],"wp:term":[{"taxonomy":"category","embeddable":true,"href":"https:\/\/www.deberes.net\/tesis\/wp-json\/wp\/v2\/categories?post=69882"},{"taxonomy":"post_tag","embeddable":true,"href":"https:\/\/www.deberes.net\/tesis\/wp-json\/wp\/v2\/tags?post=69882"}],"curies":[{"name":"wp","href":"https:\/\/api.w.org\/{rel}","templated":true}]}}