{"id":699,"date":"1994-01-01T00:00:00","date_gmt":"1994-01-01T00:00:00","guid":{"rendered":"https:\/\/www.deberes.net\/tesis\/1994\/01\/01\/productividad-de-la-poblacion-de-conejos-en-el-parque-nacional-de-donana\/"},"modified":"1994-01-01T00:00:00","modified_gmt":"1994-01-01T00:00:00","slug":"productividad-de-la-poblacion-de-conejos-en-el-parque-nacional-de-donana","status":"publish","type":"post","link":"https:\/\/www.deberes.net\/tesis\/ciencias-de-la-vida\/productividad-de-la-poblacion-de-conejos-en-el-parque-nacional-de-donana\/","title":{"rendered":"Productividad de la poblacion de conejos en el parque nacional de do\u00f1ana"},"content":{"rendered":"<h2>Tesis doctoral de <strong> Rafael Villafuerte Fernandez <\/strong><\/h2>\n<p>Se calcula la productividad de la poblacion de conejos en el parque nacional de do\u00f1ana, a traves del calculo de la fenolog\u00eda, duracion y la intensidad de la reproduccion.  se obtiene la estructura de la poblacion, dependiendo de las clases de edad y sexos, para estimar el valor reproductivo, supervivencia y esperanza de vida de cada categoria. La mortalidad debida a cada una de las diferentes especies de predadores, estimada principalmente en base a metodolog\u00edas de radioseguimiento, y en funcion de su valor reproductivo, establecen el impacto de cada especie predadora sobre la poblacion. Se ha estudiado la abundancia, situacion y orientacion de las gazaperas en relacion a su tasa de predacion. En el mismo sentido, se describe el grado de uso, ubicacion y tama\u00f1o de las madrigueras. Se estudia el tama\u00f1o de las areas de campeo, disponibilidad y seleccion de habitat de los conejos, en funcion del periodo del a\u00f1o y del dia. Se comprueba la existencia de estrategias en el uso del espacio y del tiempo, en funcion del tipo de predadores, y del habitat ocupado.<\/p>\n<p>&nbsp;<\/p>\n<h3>Datos acad\u00e9micos de la tesis doctoral \u00ab<strong>Productividad de la poblacion de conejos en el parque nacional de do\u00f1ana<\/strong>\u00ab<\/h3>\n<ul>\n<li><strong>T\u00edtulo de la tesis:<\/strong>\u00a0 Productividad de la poblacion de conejos en el parque nacional de do\u00f1ana <\/li>\n<li><strong>Autor:<\/strong>\u00a0 Rafael Villafuerte Fernandez <\/li>\n<li><strong>Universidad:<\/strong>\u00a0 C\u00f3rdoba<\/li>\n<li><strong>Fecha de lectura de la tesis:<\/strong>\u00a0 01\/01\/1994<\/li>\n<\/ul>\n<p>&nbsp;<\/p>\n<h3>Direcci\u00f3n y tribunal<\/h3>\n<ul>\n<li><strong>Director de la tesis<\/strong>\n<ul>\n<li>Sacramento Moreno Garrido<\/li>\n<\/ul>\n<\/li>\n<li><strong>Tribunal<\/strong>\n<ul>\n<li>Presidente del tribunal: Luis M. Arias De Reyna Martinez <\/li>\n<li>Fernando Hiraldo Cano (vocal)<\/li>\n<li>Miguel Delibes Castro (vocal)<\/li>\n<li>Juan  Mario Vargas Ya\u00f1ez (vocal)<\/li>\n<\/ul>\n<\/li>\n<\/ul>\n<p>&nbsp;<\/p>\n","protected":false},"excerpt":{"rendered":"<p>Tesis doctoral de Rafael Villafuerte Fernandez Se calcula la productividad de la poblacion de conejos en el parque nacional de [&hellip;]<\/p>\n","protected":false},"author":1,"featured_media":0,"comment_status":"open","ping_status":"open","sticky":false,"template":"","format":"standard","meta":{"site-sidebar-layout":"default","site-content-layout":"","ast-site-content-layout":"","site-content-style":"default","site-sidebar-style":"default","ast-global-header-display":"","ast-banner-title-visibility":"","ast-main-header-display":"","ast-hfb-above-header-display":"","ast-hfb-below-header-display":"","ast-hfb-mobile-header-display":"","site-post-title":"","ast-breadcrumbs-content":"","ast-featured-img":"","footer-sml-layout":"","theme-transparent-header-meta":"","adv-header-id-meta":"","stick-header-meta":"","header-above-stick-meta":"","header-main-stick-meta":"","header-below-stick-meta":"","astra-migrate-meta-layouts":"default","ast-page-background-enabled":"default","ast-page-background-meta":{"desktop":{"background-color":"var(--ast-global-color-4)","background-image":"","background-repeat":"repeat","background-position":"center center","background-size":"auto","background-attachment":"scroll","background-type":"","background-media":"","overlay-type":"","overlay-color":"","overlay-gradient":""},"tablet":{"background-color":"","background-image":"","background-repeat":"repeat","background-position":"center center","background-size":"auto","background-attachment":"scroll","background-type":"","background-media":"","overlay-type":"","overlay-color":"","overlay-gradient":""},"mobile":{"background-color":"","background-image":"","background-repeat":"repeat","background-position":"center center","background-size":"auto","background-attachment":"scroll","background-type":"","background-media":"","overlay-type":"","overlay-color":"","overlay-gradient":""}},"ast-content-background-meta":{"desktop":{"background-color":"var(--ast-global-color-5)","background-image":"","background-repeat":"repeat","background-position":"center center","background-size":"auto","background-attachment":"scroll","background-type":"","background-media":"","overlay-type":"","overlay-color":"","overlay-gradient":""},"tablet":{"background-color":"var(--ast-global-color-5)","background-image":"","background-repeat":"repeat","background-position":"center center","background-size":"auto","background-attachment":"scroll","background-type":"","background-media":"","overlay-type":"","overlay-color":"","overlay-gradient":""},"mobile":{"background-color":"var(--ast-global-color-5)","background-image":"","background-repeat":"repeat","background-position":"center center","background-size":"auto","background-attachment":"scroll","background-type":"","background-media":"","overlay-type":"","overlay-color":"","overlay-gradient":""}},"footnotes":""},"categories":[35,973,976,2107,2106,226],"tags":[2413,2415,2109,2414,2411,2412],"class_list":["post-699","post","type-post","status-publish","format-standard","hentry","category-ciencias-de-la-vida","category-cordoba","category-ecologia-animal","category-etologia","category-etologia-animal","category-zoologia","tag-fernando-hiraldo-cano","tag-juan-mario-vargas-yanez","tag-luis-m-arias-de-reyna-Martinez","tag-miguel-delibes-castro","tag-rafael-villafuerte-fernandez","tag-sacramento-moreno-garrido"],"_links":{"self":[{"href":"https:\/\/www.deberes.net\/tesis\/wp-json\/wp\/v2\/posts\/699","targetHints":{"allow":["GET"]}}],"collection":[{"href":"https:\/\/www.deberes.net\/tesis\/wp-json\/wp\/v2\/posts"}],"about":[{"href":"https:\/\/www.deberes.net\/tesis\/wp-json\/wp\/v2\/types\/post"}],"author":[{"embeddable":true,"href":"https:\/\/www.deberes.net\/tesis\/wp-json\/wp\/v2\/users\/1"}],"replies":[{"embeddable":true,"href":"https:\/\/www.deberes.net\/tesis\/wp-json\/wp\/v2\/comments?post=699"}],"version-history":[{"count":0,"href":"https:\/\/www.deberes.net\/tesis\/wp-json\/wp\/v2\/posts\/699\/revisions"}],"wp:attachment":[{"href":"https:\/\/www.deberes.net\/tesis\/wp-json\/wp\/v2\/media?parent=699"}],"wp:term":[{"taxonomy":"category","embeddable":true,"href":"https:\/\/www.deberes.net\/tesis\/wp-json\/wp\/v2\/categories?post=699"},{"taxonomy":"post_tag","embeddable":true,"href":"https:\/\/www.deberes.net\/tesis\/wp-json\/wp\/v2\/tags?post=699"}],"curies":[{"name":"wp","href":"https:\/\/api.w.org\/{rel}","templated":true}]}}