{"id":69902,"date":"2004-10-09T00:00:00","date_gmt":"2004-10-09T00:00:00","guid":{"rendered":"https:\/\/www.deberes.net\/tesis\/sin-categoria\/caracterizacion-molecular-de-aislados-cla%c2%adnicos-pertenecientes-al-complejo-mycobacterium-avium\/"},"modified":"2004-10-09T00:00:00","modified_gmt":"2004-10-09T00:00:00","slug":"caracterizacion-molecular-de-aislados-cla%c2%adnicos-pertenecientes-al-complejo-mycobacterium-avium","status":"publish","type":"post","link":"https:\/\/www.deberes.net\/tesis\/sin-categoria\/caracterizacion-molecular-de-aislados-cla%c2%adnicos-pertenecientes-al-complejo-mycobacterium-avium\/","title":{"rendered":"Caracterizaci\u00f3n molecular de aislados cl\u00ednicos pertenecientes al complejo mycobacterium avium"},"content":{"rendered":"<h2>Tesis doctoral de <strong>  Murcia Aranguren Marttha Isabel <\/strong><\/h2>\n<p>El complejo mycobacterium avium pertenece al grupo denominado micobacterias no tuberculosas.  Est\u00e1 constitu\u00eddo por un grupo heterog\u00e9neo de micobacterias de crecimiento lento no pigmentadas. Comprende 2 especies bien definidas: mycobacterium avium y mycobacterium intracellulare, hay una especie de reciente descripci\u00f3n m. Chimaera y adem\u00e1s  un grupo importante de micobacterias que no pueden ser inclu\u00eddas en  ninguna de las especies conocidas y que recientemente ha recibido el nombre de mac other.  Mediante m\u00e9todos fenot\u00edpicos solo se llega a la identificaci\u00f3n de complejo, tardando semanas en obtener el resultado.  El complejo m. Avium causa infecci\u00f3n diseminada en pascientes infectados por el vih, est\u00e1 implicado en el sindrome de reconstituci\u00f3n inmune, en linfoadenitis cervical, mastitis, infecciones pulmonares, osteomielitis, etc.  en este estudio se han caracterizado 70 aislados cl\u00ednicos pertenecientes al complejo mycobacterium avium, 27 aislados espa\u00f1oles y 43 aislados colombianos, obtenidos de 50 pacientes, 28 de los cuales estaban infectados por el vih. se utilizaron los siguientes m\u00e9todos moleculares: sondas comerciales accuprobe; secuenciaci\u00f3n de regiones gen\u00f3micas de inter\u00e9s taxon\u00f3mico: gen adrr 16s, gen hsp65, its; pra; detecci\u00f3n mediante pcr de zonas espec\u00edficas del genoma como is145, is 1311, is1613, is900 y gen mig; tipificaci\u00f3n molecular mediante rflp, utilizando las secuencias de inserci\u00f3n is1245 e is1311; rapd utilizando los iniciadores opa 2, opa 18, ins2 y m13.  cincuenta y nueve aislados correspondieron a la especie m. Avium, 3 a la especie m. Intracellulare y 8 al grupo denominado mac other. El m\u00e9todo molecular que ofreci\u00f3 un mejor rendimiento fue la secuenciaci\u00f3n de la its.  Por este m\u00e9todo los 70 aislados se distribuyeron en 3 sequevars de m. Avium  seq mav-a, mav-b y mav-f, una sequevar de m. Intracellulare min.A y se detect\u00f3 una nueva sequevar perteneciente al grupo mac other, la que se<\/p>\n<p>&nbsp;<\/p>\n<h3>Datos acad\u00e9micos de la tesis doctoral \u00ab<strong>Caracterizaci\u00f3n molecular de aislados cl\u00ednicos pertenecientes al complejo mycobacterium avium<\/strong>\u00ab<\/h3>\n<ul>\n<li><strong>T\u00edtulo de la tesis:<\/strong>\u00a0 Caracterizaci\u00f3n molecular de aislados cl\u00ednicos pertenecientes al complejo mycobacterium avium <\/li>\n<li><strong>Autor:<\/strong>\u00a0  Murcia Aranguren Marttha Isabel <\/li>\n<li><strong>Universidad:<\/strong>\u00a0 Aut\u00f3noma de Madrid<\/li>\n<li><strong>Fecha de lectura de la tesis:<\/strong>\u00a0 10\/09\/2004<\/li>\n<\/ul>\n<p>&nbsp;<\/p>\n<h3>Direcci\u00f3n y tribunal<\/h3>\n<ul>\n<li><strong>Director de la tesis<\/strong>\n<ul>\n<li> Garc\u00eda Garc\u00eda Mar\u00eda Jes\u00fas<\/li>\n<\/ul>\n<\/li>\n<li><strong>Tribunal<\/strong>\n<ul>\n<li>Presidente del tribunal: enrique Tabares lopez <\/li>\n<li>elia Palenque mataix (vocal)<\/li>\n<li>julio Casal lombos (vocal)<\/li>\n<li>sof\u00eda Samper blasco (vocal)<\/li>\n<\/ul>\n<\/li>\n<\/ul>\n<p>&nbsp;<\/p>\n","protected":false},"excerpt":{"rendered":"<p>Tesis doctoral de Murcia Aranguren Marttha Isabel El complejo mycobacterium avium pertenece al grupo denominado micobacterias no tuberculosas. Est\u00e1 constitu\u00eddo [&hellip;]<\/p>\n","protected":false},"author":1,"featured_media":0,"comment_status":"open","ping_status":"open","sticky":false,"template":"","format":"standard","meta":{"site-sidebar-layout":"default","site-content-layout":"","ast-site-content-layout":"","site-content-style":"default","site-sidebar-style":"default","ast-global-header-display":"","ast-banner-title-visibility":"","ast-main-header-display":"","ast-hfb-above-header-display":"","ast-hfb-below-header-display":"","ast-hfb-mobile-header-display":"","site-post-title":"","ast-breadcrumbs-content":"","ast-featured-img":"","footer-sml-layout":"","theme-transparent-header-meta":"","adv-header-id-meta":"","stick-header-meta":"","header-above-stick-meta":"","header-main-stick-meta":"","header-below-stick-meta":"","astra-migrate-meta-layouts":"default","ast-page-background-enabled":"default","ast-page-background-meta":{"desktop":{"background-color":"var(--ast-global-color-4)","background-image":"","background-repeat":"repeat","background-position":"center center","background-size":"auto","background-attachment":"scroll","background-type":"","background-media":"","overlay-type":"","overlay-color":"","overlay-gradient":""},"tablet":{"background-color":"","background-image":"","background-repeat":"repeat","background-position":"center center","background-size":"auto","background-attachment":"scroll","background-type":"","background-media":"","overlay-type":"","overlay-color":"","overlay-gradient":""},"mobile":{"background-color":"","background-image":"","background-repeat":"repeat","background-position":"center center","background-size":"auto","background-attachment":"scroll","background-type":"","background-media":"","overlay-type":"","overlay-color":"","overlay-gradient":""}},"ast-content-background-meta":{"desktop":{"background-color":"var(--ast-global-color-5)","background-image":"","background-repeat":"repeat","background-position":"center center","background-size":"auto","background-attachment":"scroll","background-type":"","background-media":"","overlay-type":"","overlay-color":"","overlay-gradient":""},"tablet":{"background-color":"var(--ast-global-color-5)","background-image":"","background-repeat":"repeat","background-position":"center center","background-size":"auto","background-attachment":"scroll","background-type":"","background-media":"","overlay-type":"","overlay-color":"","overlay-gradient":""},"mobile":{"background-color":"var(--ast-global-color-5)","background-image":"","background-repeat":"repeat","background-position":"center center","background-size":"auto","background-attachment":"scroll","background-type":"","background-media":"","overlay-type":"","overlay-color":"","overlay-gradient":""}},"footnotes":""},"categories":[1],"tags":[17549,6959,118841,5013,152849,39445],"class_list":["post-69902","post","type-post","status-publish","format-standard","hentry","category-sin-categoria","tag-elia-palenque-mataix","tag-enrique-tabares-lopez","tag-garcia-garcia-maria-jesus","tag-julio-casal-lombos","tag-murcia-aranguren-marttha-isabel","tag-sofia-samper-blasco"],"_links":{"self":[{"href":"https:\/\/www.deberes.net\/tesis\/wp-json\/wp\/v2\/posts\/69902","targetHints":{"allow":["GET"]}}],"collection":[{"href":"https:\/\/www.deberes.net\/tesis\/wp-json\/wp\/v2\/posts"}],"about":[{"href":"https:\/\/www.deberes.net\/tesis\/wp-json\/wp\/v2\/types\/post"}],"author":[{"embeddable":true,"href":"https:\/\/www.deberes.net\/tesis\/wp-json\/wp\/v2\/users\/1"}],"replies":[{"embeddable":true,"href":"https:\/\/www.deberes.net\/tesis\/wp-json\/wp\/v2\/comments?post=69902"}],"version-history":[{"count":0,"href":"https:\/\/www.deberes.net\/tesis\/wp-json\/wp\/v2\/posts\/69902\/revisions"}],"wp:attachment":[{"href":"https:\/\/www.deberes.net\/tesis\/wp-json\/wp\/v2\/media?parent=69902"}],"wp:term":[{"taxonomy":"category","embeddable":true,"href":"https:\/\/www.deberes.net\/tesis\/wp-json\/wp\/v2\/categories?post=69902"},{"taxonomy":"post_tag","embeddable":true,"href":"https:\/\/www.deberes.net\/tesis\/wp-json\/wp\/v2\/tags?post=69902"}],"curies":[{"name":"wp","href":"https:\/\/api.w.org\/{rel}","templated":true}]}}