{"id":69928,"date":"2004-10-09T00:00:00","date_gmt":"2004-10-09T00:00:00","guid":{"rendered":"https:\/\/www.deberes.net\/tesis\/sin-categoria\/los-democristianos-y-el-proyecto-pola%c2%adtico-de-cuadernos-para-el-dialogo-1963-1969\/"},"modified":"2004-10-09T00:00:00","modified_gmt":"2004-10-09T00:00:00","slug":"los-democristianos-y-el-proyecto-pola%c2%adtico-de-cuadernos-para-el-dialogo-1963-1969","status":"publish","type":"post","link":"https:\/\/www.deberes.net\/tesis\/grupos-politicos\/los-democristianos-y-el-proyecto-pola%c2%adtico-de-cuadernos-para-el-dialogo-1963-1969\/","title":{"rendered":"Los democristianos y el proyecto pol\u00edtico de \u00abcuadernos para el di\u00e1logo\u00bb 1963-1969"},"content":{"rendered":"<h2>Tesis doctoral de <strong> M\u00aa De La Paz Pando Ballesteros <\/strong><\/h2>\n<p>Este trabajo sobre \u00abcuadernos para el di\u00e1logo\u00bb no agota el estudio de esta riqu\u00edsima fuente, sino que la utiliza para abordar una cuesti\u00f3n mal conocida como es el papel socializador desempe\u00f1ado por la oposici\u00f3n democristiana en el mesofranquismo y los detalles de su programa o modelo pol\u00edtico entre los a\u00f1os 1963 y 1969 en que cuadernos fue la m\u00e1s significativa y completa, aunque no la \u00fanica, tribuna de expresi\u00f3n de los democristianos. La oposici\u00f3n representada por \u00e9stos en la etapa estudiada, no est\u00e1 suficientemente investigada, lo que resulta tanto m\u00e1s llamativo cuanto que a la altura de los a\u00f1os 60 los democristianos parec\u00edan, seg\u00fan las encuestas disponibles, una alternativa pol\u00edtica plausible a la dictadura.<\/p>\n<p>&nbsp;<\/p>\n<h3>Datos acad\u00e9micos de la tesis doctoral \u00ab<strong>Los democristianos y el proyecto pol\u00edtico de \u00abcuadernos para el di\u00e1logo\u00bb 1963-1969<\/strong>\u00ab<\/h3>\n<ul>\n<li><strong>T\u00edtulo de la tesis:<\/strong>\u00a0 Los democristianos y el proyecto pol\u00edtico de \u00abcuadernos para el di\u00e1logo\u00bb 1963-1969 <\/li>\n<li><strong>Autor:<\/strong>\u00a0 M\u00aa De La Paz Pando Ballesteros <\/li>\n<li><strong>Universidad:<\/strong>\u00a0 Salamanca<\/li>\n<li><strong>Fecha de lectura de la tesis:<\/strong>\u00a0 10\/09\/2004<\/li>\n<\/ul>\n<p>&nbsp;<\/p>\n<h3>Direcci\u00f3n y tribunal<\/h3>\n<ul>\n<li><strong>Director de la tesis<\/strong>\n<ul>\n<li>Esther Martinez Quinteiro<\/li>\n<\/ul>\n<\/li>\n<li><strong>Tribunal<\/strong>\n<ul>\n<li>Presidente del tribunal: cristina Garc\u00eda nicol\u00e1s <\/li>\n<li>guadalupe Gomez perrer-morant (vocal)<\/li>\n<li>Juan  cristobal Gay armenteros (vocal)<\/li>\n<li>cristina Vi\u00f1es millet (vocal)<\/li>\n<\/ul>\n<\/li>\n<\/ul>\n<p>&nbsp;<\/p>\n","protected":false},"excerpt":{"rendered":"<p>Tesis doctoral de M\u00aa De La Paz Pando Ballesteros Este trabajo sobre \u00abcuadernos para el di\u00e1logo\u00bb no agota el estudio [&hellip;]<\/p>\n","protected":false},"author":1,"featured_media":0,"comment_status":"open","ping_status":"open","sticky":false,"template":"","format":"standard","meta":{"site-sidebar-layout":"default","site-content-layout":"","ast-site-content-layout":"","site-content-style":"default","site-sidebar-style":"default","ast-global-header-display":"","ast-banner-title-visibility":"","ast-main-header-display":"","ast-hfb-above-header-display":"","ast-hfb-below-header-display":"","ast-hfb-mobile-header-display":"","site-post-title":"","ast-breadcrumbs-content":"","ast-featured-img":"","footer-sml-layout":"","theme-transparent-header-meta":"","adv-header-id-meta":"","stick-header-meta":"","header-above-stick-meta":"","header-main-stick-meta":"","header-below-stick-meta":"","astra-migrate-meta-layouts":"default","ast-page-background-enabled":"default","ast-page-background-meta":{"desktop":{"background-color":"var(--ast-global-color-4)","background-image":"","background-repeat":"repeat","background-position":"center center","background-size":"auto","background-attachment":"scroll","background-type":"","background-media":"","overlay-type":"","overlay-color":"","overlay-gradient":""},"tablet":{"background-color":"","background-image":"","background-repeat":"repeat","background-position":"center center","background-size":"auto","background-attachment":"scroll","background-type":"","background-media":"","overlay-type":"","overlay-color":"","overlay-gradient":""},"mobile":{"background-color":"","background-image":"","background-repeat":"repeat","background-position":"center center","background-size":"auto","background-attachment":"scroll","background-type":"","background-media":"","overlay-type":"","overlay-color":"","overlay-gradient":""}},"ast-content-background-meta":{"desktop":{"background-color":"var(--ast-global-color-5)","background-image":"","background-repeat":"repeat","background-position":"center center","background-size":"auto","background-attachment":"scroll","background-type":"","background-media":"","overlay-type":"","overlay-color":"","overlay-gradient":""},"tablet":{"background-color":"var(--ast-global-color-5)","background-image":"","background-repeat":"repeat","background-position":"center center","background-size":"auto","background-attachment":"scroll","background-type":"","background-media":"","overlay-type":"","overlay-color":"","overlay-gradient":""},"mobile":{"background-color":"var(--ast-global-color-5)","background-image":"","background-repeat":"repeat","background-position":"center center","background-size":"auto","background-attachment":"scroll","background-type":"","background-media":"","overlay-type":"","overlay-color":"","overlay-gradient":""}},"footnotes":""},"categories":[906,18503,5051,20179,9386],"tags":[134337,3729,7057,152905,3544,152904],"class_list":["post-69928","post","type-post","status-publish","format-standard","hentry","category-grupos-politicos","category-ideologias-politicas","category-medios-de-comunicacion-de-masas","category-movimientos-politicos","category-salamanca","tag-cristina-garcia-nicolas","tag-cristina-vines-millet","tag-esther-Martinez-quinteiro","tag-guadalupe-gomez-perrer-morant","tag-juan-cristobal-gay-armenteros","tag-ma-de-la-paz-pando-ballesteros"],"_links":{"self":[{"href":"https:\/\/www.deberes.net\/tesis\/wp-json\/wp\/v2\/posts\/69928","targetHints":{"allow":["GET"]}}],"collection":[{"href":"https:\/\/www.deberes.net\/tesis\/wp-json\/wp\/v2\/posts"}],"about":[{"href":"https:\/\/www.deberes.net\/tesis\/wp-json\/wp\/v2\/types\/post"}],"author":[{"embeddable":true,"href":"https:\/\/www.deberes.net\/tesis\/wp-json\/wp\/v2\/users\/1"}],"replies":[{"embeddable":true,"href":"https:\/\/www.deberes.net\/tesis\/wp-json\/wp\/v2\/comments?post=69928"}],"version-history":[{"count":0,"href":"https:\/\/www.deberes.net\/tesis\/wp-json\/wp\/v2\/posts\/69928\/revisions"}],"wp:attachment":[{"href":"https:\/\/www.deberes.net\/tesis\/wp-json\/wp\/v2\/media?parent=69928"}],"wp:term":[{"taxonomy":"category","embeddable":true,"href":"https:\/\/www.deberes.net\/tesis\/wp-json\/wp\/v2\/categories?post=69928"},{"taxonomy":"post_tag","embeddable":true,"href":"https:\/\/www.deberes.net\/tesis\/wp-json\/wp\/v2\/tags?post=69928"}],"curies":[{"name":"wp","href":"https:\/\/api.w.org\/{rel}","templated":true}]}}