{"id":69930,"date":"2018-03-09T23:14:26","date_gmt":"2018-03-09T23:14:26","guid":{"rendered":""},"modified":"2018-03-09T23:14:26","modified_gmt":"2018-03-09T23:14:26","slug":"caracterizacion-fa%c2%adsico-qua%c2%admica-macroinvertebrados-acuaticos-y-valoracion-del-estado-ecologico-de-dos-cuencas-mediterraneas-de-influencia-nival-ra%c2%ados-guadalfeo-y-adra-segun-los-cri","status":"publish","type":"post","link":"https:\/\/www.deberes.net\/tesis\/sin-categoria\/caracterizacion-fa%c2%adsico-qua%c2%admica-macroinvertebrados-acuaticos-y-valoracion-del-estado-ecologico-de-dos-cuencas-mediterraneas-de-influencia-nival-ra%c2%ados-guadalfeo-y-adra-segun-los-cri\/","title":{"rendered":"Caracterizaci\u00f3n f\u00edsico-qu\u00edmica, macroinvertebrados acu\u00e1ticos y valoraci\u00f3n del estado ecol\u00f3gico de dos cuencas mediterr\u00e1neas de influencia nival (r\u00edos guadalfeo y adra), seg\u00fan los criterios de la directiva marco del agua"},"content":{"rendered":"<h2>Tesis doctoral de <strong> Pablo J\u00e1imez Cu\u00e9llar <\/strong><\/h2>\n<p>A lo largo de 2 campa\u00f1as anuales de muestreo en 21 tramos delos r\u00edos guadalfeo y adra se ha obtenido una caracterizaci\u00f3n f\u00edsico-qu\u00edmica de sus aguas. paralelamente se ha evaluado su estado ecol\u00f3gico seg\u00fan los criterios de la directiva marco del agua, obteniendo como resultado que el 53% de los tramos estudiados no cumplen los criterios de calidad establecidos  por la directiva mencionada. En cuanto a la ecorregionalizaci\u00f3n de las cuencas, en base a una zonaci\u00f3n bi\u00f3tica y otra abi\u00f3tica se obtuvo una ecorregionalizaci\u00f3n final con el resultado de 5 ecorregiones correspondientes a la desembocadura del r\u00edo adra, a los tramos bajos de las cuencas, a los tramos medios, a la media monta\u00f1a y a la alta monta\u00f1a.<\/p>\n<p>&nbsp;<\/p>\n<h3>Datos acad\u00e9micos de la tesis doctoral \u00ab<strong>Caracterizaci\u00f3n f\u00edsico-qu\u00edmica, macroinvertebrados acu\u00e1ticos y valoraci\u00f3n del estado ecol\u00f3gico de dos cuencas mediterr\u00e1neas de influencia nival (r\u00edos guadalfeo y adra), seg\u00fan los criterios de la directiva marco del agua<\/strong>\u00ab<\/h3>\n<ul>\n<li><strong>T\u00edtulo de la tesis:<\/strong>\u00a0 Caracterizaci\u00f3n f\u00edsico-qu\u00edmica, macroinvertebrados acu\u00e1ticos y valoraci\u00f3n del estado ecol\u00f3gico de dos cuencas mediterr\u00e1neas de influencia nival (r\u00edos guadalfeo y adra), seg\u00fan los criterios de la directiva marco del agua <\/li>\n<li><strong>Autor:<\/strong>\u00a0 Pablo J\u00e1imez Cu\u00e9llar <\/li>\n<li><strong>Universidad:<\/strong>\u00a0 Granada<\/li>\n<li><strong>Fecha de lectura de la tesis:<\/strong>\u00a0 13\/09\/2004<\/li>\n<\/ul>\n<p>&nbsp;<\/p>\n<h3>Direcci\u00f3n y tribunal<\/h3>\n<ul>\n<li><strong>Director de la tesis<\/strong>\n<ul>\n<li>Francisco Javier Alba Tercedor<\/li>\n<\/ul>\n<\/li>\n<li><strong>Tribunal<\/strong>\n<ul>\n<li>Presidente del tribunal: narcis Prat fornells <\/li>\n<li> Vidal abarca Mar\u00eda rosario (vocal)<\/li>\n<li>Mar\u00eda Luisa Su\u00e1rez alonso (vocal)<\/li>\n<li>carmen Zamora mu\u00f1oz (vocal)<\/li>\n<\/ul>\n<\/li>\n<\/ul>\n<p>&nbsp;<\/p>\n","protected":false},"excerpt":{"rendered":"<p>Tesis doctoral de Pablo J\u00e1imez Cu\u00e9llar A lo largo de 2 campa\u00f1as anuales de muestreo en 21 tramos delos r\u00edos [&hellip;]<\/p>\n","protected":false},"author":1,"featured_media":0,"comment_status":"open","ping_status":"open","sticky":false,"template":"","format":"standard","meta":{"site-sidebar-layout":"default","site-content-layout":"","ast-site-content-layout":"","site-content-style":"default","site-sidebar-style":"default","ast-global-header-display":"","ast-banner-title-visibility":"","ast-main-header-display":"","ast-hfb-above-header-display":"","ast-hfb-below-header-display":"","ast-hfb-mobile-header-display":"","site-post-title":"","ast-breadcrumbs-content":"","ast-featured-img":"","footer-sml-layout":"","theme-transparent-header-meta":"","adv-header-id-meta":"","stick-header-meta":"","header-above-stick-meta":"","header-main-stick-meta":"","header-below-stick-meta":"","astra-migrate-meta-layouts":"default","ast-page-background-enabled":"default","ast-page-background-meta":{"desktop":{"background-color":"var(--ast-global-color-4)","background-image":"","background-repeat":"repeat","background-position":"center center","background-size":"auto","background-attachment":"scroll","background-type":"","background-media":"","overlay-type":"","overlay-color":"","overlay-gradient":""},"tablet":{"background-color":"","background-image":"","background-repeat":"repeat","background-position":"center center","background-size":"auto","background-attachment":"scroll","background-type":"","background-media":"","overlay-type":"","overlay-color":"","overlay-gradient":""},"mobile":{"background-color":"","background-image":"","background-repeat":"repeat","background-position":"center center","background-size":"auto","background-attachment":"scroll","background-type":"","background-media":"","overlay-type":"","overlay-color":"","overlay-gradient":""}},"ast-content-background-meta":{"desktop":{"background-color":"var(--ast-global-color-5)","background-image":"","background-repeat":"repeat","background-position":"center center","background-size":"auto","background-attachment":"scroll","background-type":"","background-media":"","overlay-type":"","overlay-color":"","overlay-gradient":""},"tablet":{"background-color":"var(--ast-global-color-5)","background-image":"","background-repeat":"repeat","background-position":"center center","background-size":"auto","background-attachment":"scroll","background-type":"","background-media":"","overlay-type":"","overlay-color":"","overlay-gradient":""},"mobile":{"background-color":"var(--ast-global-color-5)","background-image":"","background-repeat":"repeat","background-position":"center center","background-size":"auto","background-attachment":"scroll","background-type":"","background-media":"","overlay-type":"","overlay-color":"","overlay-gradient":""}},"footnotes":""},"categories":[1],"tags":[152911,22278,91274,25019,152909,152910],"class_list":["post-69930","post","type-post","status-publish","format-standard","hentry","category-sin-categoria","tag-carmen-zamora-munoz","tag-francisco-javier-alba-tercedor","tag-maria-luisa-suarez-alonso","tag-narcis-prat-fornells","tag-pablo-jaimez-cuellar","tag-vidal-abarca-maria-rosario"],"_links":{"self":[{"href":"https:\/\/www.deberes.net\/tesis\/wp-json\/wp\/v2\/posts\/69930","targetHints":{"allow":["GET"]}}],"collection":[{"href":"https:\/\/www.deberes.net\/tesis\/wp-json\/wp\/v2\/posts"}],"about":[{"href":"https:\/\/www.deberes.net\/tesis\/wp-json\/wp\/v2\/types\/post"}],"author":[{"embeddable":true,"href":"https:\/\/www.deberes.net\/tesis\/wp-json\/wp\/v2\/users\/1"}],"replies":[{"embeddable":true,"href":"https:\/\/www.deberes.net\/tesis\/wp-json\/wp\/v2\/comments?post=69930"}],"version-history":[{"count":0,"href":"https:\/\/www.deberes.net\/tesis\/wp-json\/wp\/v2\/posts\/69930\/revisions"}],"wp:attachment":[{"href":"https:\/\/www.deberes.net\/tesis\/wp-json\/wp\/v2\/media?parent=69930"}],"wp:term":[{"taxonomy":"category","embeddable":true,"href":"https:\/\/www.deberes.net\/tesis\/wp-json\/wp\/v2\/categories?post=69930"},{"taxonomy":"post_tag","embeddable":true,"href":"https:\/\/www.deberes.net\/tesis\/wp-json\/wp\/v2\/tags?post=69930"}],"curies":[{"name":"wp","href":"https:\/\/api.w.org\/{rel}","templated":true}]}}