{"id":69961,"date":"2018-03-09T23:14:29","date_gmt":"2018-03-09T23:14:29","guid":{"rendered":"https:\/\/www.deberes.net\/tesis\/sin-categoria\/la-nocion-aristotelica-de-filosofa%c2%ada-primera\/"},"modified":"2018-03-09T23:14:29","modified_gmt":"2018-03-09T23:14:29","slug":"la-nocion-aristotelica-de-filosofa%c2%ada-primera","status":"publish","type":"post","link":"https:\/\/www.deberes.net\/tesis\/barcelona\/la-nocion-aristotelica-de-filosofa%c2%ada-primera\/","title":{"rendered":"La noci\u00f3n aristot\u00e9lica de filosof\u00edaprimera"},"content":{"rendered":"<h2>Tesis doctoral de <strong> Vicente Lozano Diaz <\/strong><\/h2>\n<p>El objeto de la tesis es nabrar como concibe arist\u00f3teles la filosof\u00eda primera y qu\u00e9 funci\u00f3n desempe\u00f1a en el conjunto de su pensamiento.La idea fundamental es que del mismo modo que la realidad es una estructura ordenada en la que todos los elementos se organizan a partir de uno originario y fundamentador, el primer motor inmovil o dios, el sistema de las ciencias que pretenden reflejarla debe poseer la misma estructura, con una de ellas haciendo de elemento originario fundamentador.Esta ciencia es la filosof\u00eda primera.<\/p>\n<p>&nbsp;<\/p>\n<h3>Datos acad\u00e9micos de la tesis doctoral \u00ab<strong>La noci\u00f3n aristot\u00e9lica de filosof\u00edaprimera<\/strong>\u00ab<\/h3>\n<ul>\n<li><strong>T\u00edtulo de la tesis:<\/strong>\u00a0 La noci\u00f3n aristot\u00e9lica de filosof\u00edaprimera <\/li>\n<li><strong>Autor:<\/strong>\u00a0 Vicente Lozano Diaz <\/li>\n<li><strong>Universidad:<\/strong>\u00a0 Barcelona<\/li>\n<li><strong>Fecha de lectura de la tesis:<\/strong>\u00a0 14\/09\/2004<\/li>\n<\/ul>\n<p>&nbsp;<\/p>\n<h3>Direcci\u00f3n y tribunal<\/h3>\n<ul>\n<li><strong>Director de la tesis<\/strong>\n<ul>\n<li>Eudaldo Forment Giralt<\/li>\n<\/ul>\n<\/li>\n<li><strong>Tribunal<\/strong>\n<ul>\n<li>Presidente del tribunal: Jos\u00e9 Luis Arce carrascoso <\/li>\n<li>josep Manuel Udina i cobo (vocal)<\/li>\n<li>gonz\u00e1lez \u00e1ngel lu\u00eds (vocal)<\/li>\n<li>raul Gabas pallas (vocal)<\/li>\n<\/ul>\n<\/li>\n<\/ul>\n<p>&nbsp;<\/p>\n","protected":false},"excerpt":{"rendered":"<p>Tesis doctoral de Vicente Lozano Diaz El objeto de la tesis es nabrar como concibe arist\u00f3teles la filosof\u00eda primera y [&hellip;]<\/p>\n","protected":false},"author":1,"featured_media":0,"comment_status":"open","ping_status":"open","sticky":false,"template":"","format":"standard","meta":{"site-sidebar-layout":"default","site-content-layout":"","ast-site-content-layout":"","site-content-style":"default","site-sidebar-style":"default","ast-global-header-display":"","ast-banner-title-visibility":"","ast-main-header-display":"","ast-hfb-above-header-display":"","ast-hfb-below-header-display":"","ast-hfb-mobile-header-display":"","site-post-title":"","ast-breadcrumbs-content":"","ast-featured-img":"","footer-sml-layout":"","theme-transparent-header-meta":"","adv-header-id-meta":"","stick-header-meta":"","header-above-stick-meta":"","header-main-stick-meta":"","header-below-stick-meta":"","astra-migrate-meta-layouts":"default","ast-page-background-enabled":"default","ast-page-background-meta":{"desktop":{"background-color":"var(--ast-global-color-4)","background-image":"","background-repeat":"repeat","background-position":"center center","background-size":"auto","background-attachment":"scroll","background-type":"","background-media":"","overlay-type":"","overlay-color":"","overlay-gradient":""},"tablet":{"background-color":"","background-image":"","background-repeat":"repeat","background-position":"center center","background-size":"auto","background-attachment":"scroll","background-type":"","background-media":"","overlay-type":"","overlay-color":"","overlay-gradient":""},"mobile":{"background-color":"","background-image":"","background-repeat":"repeat","background-position":"center center","background-size":"auto","background-attachment":"scroll","background-type":"","background-media":"","overlay-type":"","overlay-color":"","overlay-gradient":""}},"ast-content-background-meta":{"desktop":{"background-color":"var(--ast-global-color-5)","background-image":"","background-repeat":"repeat","background-position":"center center","background-size":"auto","background-attachment":"scroll","background-type":"","background-media":"","overlay-type":"","overlay-color":"","overlay-gradient":""},"tablet":{"background-color":"var(--ast-global-color-5)","background-image":"","background-repeat":"repeat","background-position":"center center","background-size":"auto","background-attachment":"scroll","background-type":"","background-media":"","overlay-type":"","overlay-color":"","overlay-gradient":""},"mobile":{"background-color":"var(--ast-global-color-5)","background-image":"","background-repeat":"repeat","background-position":"center center","background-size":"auto","background-attachment":"scroll","background-type":"","background-media":"","overlay-type":"","overlay-color":"","overlay-gradient":""}},"footnotes":""},"categories":[951,6428],"tags":[1188,152963,1062,20218,20217,152962],"class_list":["post-69961","post","type-post","status-publish","format-standard","hentry","category-barcelona","category-metafisica-y-ontologia","tag-eudaldo-forment-giralt","tag-gonzalez-angel-luis","tag-jose-luis-arce-carrascoso","tag-josep-manuel-udina-i-cobo","tag-raul-gabas-pallas","tag-vicente-lozano-diaz"],"_links":{"self":[{"href":"https:\/\/www.deberes.net\/tesis\/wp-json\/wp\/v2\/posts\/69961","targetHints":{"allow":["GET"]}}],"collection":[{"href":"https:\/\/www.deberes.net\/tesis\/wp-json\/wp\/v2\/posts"}],"about":[{"href":"https:\/\/www.deberes.net\/tesis\/wp-json\/wp\/v2\/types\/post"}],"author":[{"embeddable":true,"href":"https:\/\/www.deberes.net\/tesis\/wp-json\/wp\/v2\/users\/1"}],"replies":[{"embeddable":true,"href":"https:\/\/www.deberes.net\/tesis\/wp-json\/wp\/v2\/comments?post=69961"}],"version-history":[{"count":0,"href":"https:\/\/www.deberes.net\/tesis\/wp-json\/wp\/v2\/posts\/69961\/revisions"}],"wp:attachment":[{"href":"https:\/\/www.deberes.net\/tesis\/wp-json\/wp\/v2\/media?parent=69961"}],"wp:term":[{"taxonomy":"category","embeddable":true,"href":"https:\/\/www.deberes.net\/tesis\/wp-json\/wp\/v2\/categories?post=69961"},{"taxonomy":"post_tag","embeddable":true,"href":"https:\/\/www.deberes.net\/tesis\/wp-json\/wp\/v2\/tags?post=69961"}],"curies":[{"name":"wp","href":"https:\/\/api.w.org\/{rel}","templated":true}]}}