{"id":69994,"date":"2018-03-09T23:14:29","date_gmt":"2018-03-09T23:14:29","guid":{"rendered":"https:\/\/www.deberes.net\/tesis\/sin-categoria\/estudio-de-la-hospitalizacion-evitable-por-condiciones-sensibles-a-cuidados-ambulatorios-acsc-y-sus-factores-condicionantes-en-la-comunidad-de-madrid\/"},"modified":"2018-03-09T23:14:29","modified_gmt":"2018-03-09T23:14:29","slug":"estudio-de-la-hospitalizacion-evitable-por-condiciones-sensibles-a-cuidados-ambulatorios-acsc-y-sus-factores-condicionantes-en-la-comunidad-de-madrid","status":"publish","type":"post","link":"https:\/\/www.deberes.net\/tesis\/sin-categoria\/estudio-de-la-hospitalizacion-evitable-por-condiciones-sensibles-a-cuidados-ambulatorios-acsc-y-sus-factores-condicionantes-en-la-comunidad-de-madrid\/","title":{"rendered":"Estudio de la hospitalizaci\u00f3n evitable por condiciones sensibles a cuidados ambulatorios (acsc) y sus factores condicionantes en la comunidad de Madrid"},"content":{"rendered":"<h2>Tesis doctoral de <strong> Angel Alberquilla Menendez Asenjo <\/strong><\/h2>\n<p>Resumen  el an\u00e1lisis de la ocurrencia de hospitalizaciones evitables en un grupo de poblaci\u00f3n por las denominadas como condiciones sensibles a los cuidados ambulatorios (ambulatory care sensitive conditions &#8211; acsc) se ha propugnado como una metodolog\u00eda \u00fatil para la evaluaci\u00f3n de la calidad y la capacidad de resoluci\u00f3n de la atenci\u00f3n primaria de salud. Este indicador ha despertado un gran inter\u00e9s durante los \u00faltimos a\u00f1os.  con el objetivo de conocer el comportamiento de un conjunto de indicadores derivados de las hospitalizaciones evitables por acsc en la comunidad de Madrid y explorar los posibles factores condicionantes se dise\u00f1\u00f3 un estudio cuantitativo,  transversal, observacional y de tipo ecol\u00f3gico.  se analizan la totalidad de hospitalizaciones acaecidas durante todo el a\u00f1o 2001 correspondientes a poblaci\u00f3n mayor de 15 a\u00f1os en los centros hospitalarios p\u00fablicos de agudos de la comunidad de Madrid (320.242 episodios).  a partir de los datos registrados en el conjunto m\u00ednimo de datos b\u00e1sicos al alta hospitalaria (cmbd-ah) se seleccionaron y definieron como evitables aquellos episodios en cuyo diagn\u00f3stico principal figuraba alguno de los incluidos en el listado de c\u00f3digos diagn\u00f3sticos de acsc para medir la capacidad de resoluci\u00f3n de la atenci\u00f3n primaria seleccionado por j. Caminal como v\u00e1lidos para espa\u00f1a.  con la informaci\u00f3n obtenida y conociendo el origen geogr\u00e1fico de los pacientes (domicilio) y el centro de hospitalizaci\u00f3n, se procedi\u00f3 al c\u00e1lculo de los indicadores de hospitalizaci\u00f3n evitable con una doble perspectiva:  a) poblacional.  b) del centro hospitalario.  desde la perspectiva poblacional se establecieron la tasa ajustada de hospitalizaci\u00f3n evitable y la tasa ajustada relativa (ajustada por frecuentaci\u00f3n).  desde la perspectiva del hospital se manejaron la tasa ajustada de hospitalizaci\u00f3n evitable en la poblaci\u00f3n atendida por cada centro y la proporci\u00f3n de hospitalizaciones<\/p>\n<p>&nbsp;<\/p>\n<h3>Datos acad\u00e9micos de la tesis doctoral \u00ab<strong>Estudio de la hospitalizaci\u00f3n evitable por condiciones sensibles a cuidados ambulatorios (acsc) y sus factores condicionantes en la comunidad de Madrid<\/strong>\u00ab<\/h3>\n<ul>\n<li><strong>T\u00edtulo de la tesis:<\/strong>\u00a0 Estudio de la hospitalizaci\u00f3n evitable por condiciones sensibles a cuidados ambulatorios (acsc) y sus factores condicionantes en la comunidad de Madrid <\/li>\n<li><strong>Autor:<\/strong>\u00a0 Angel Alberquilla Menendez Asenjo <\/li>\n<li><strong>Universidad:<\/strong>\u00a0 Aut\u00f3noma de Madrid<\/li>\n<li><strong>Fecha de lectura de la tesis:<\/strong>\u00a0 15\/09\/2004<\/li>\n<\/ul>\n<p>&nbsp;<\/p>\n<h3>Direcci\u00f3n y tribunal<\/h3>\n<ul>\n<li><strong>Director de la tesis<\/strong>\n<ul>\n<li>Angel Antonio Otero Puime<\/li>\n<\/ul>\n<\/li>\n<li><strong>Tribunal<\/strong>\n<ul>\n<li>Presidente del tribunal: valentin Cuervas mons <\/li>\n<li>amando Mart\u00edn zurro (vocal)<\/li>\n<li> Mart\u00edn moreno Jos\u00e9 M\u00aa (vocal)<\/li>\n<li>josefina Caminal homar (vocal)<\/li>\n<\/ul>\n<\/li>\n<\/ul>\n<p>&nbsp;<\/p>\n","protected":false},"excerpt":{"rendered":"<p>Tesis doctoral de Angel Alberquilla Menendez Asenjo Resumen el an\u00e1lisis de la ocurrencia de hospitalizaciones evitables en un grupo de [&hellip;]<\/p>\n","protected":false},"author":1,"featured_media":0,"comment_status":"open","ping_status":"open","sticky":false,"template":"","format":"standard","meta":{"site-sidebar-layout":"default","site-content-layout":"","ast-site-content-layout":"","site-content-style":"default","site-sidebar-style":"default","ast-global-header-display":"","ast-banner-title-visibility":"","ast-main-header-display":"","ast-hfb-above-header-display":"","ast-hfb-below-header-display":"","ast-hfb-mobile-header-display":"","site-post-title":"","ast-breadcrumbs-content":"","ast-featured-img":"","footer-sml-layout":"","theme-transparent-header-meta":"","adv-header-id-meta":"","stick-header-meta":"","header-above-stick-meta":"","header-main-stick-meta":"","header-below-stick-meta":"","astra-migrate-meta-layouts":"default","ast-page-background-enabled":"default","ast-page-background-meta":{"desktop":{"background-color":"var(--ast-global-color-4)","background-image":"","background-repeat":"repeat","background-position":"center center","background-size":"auto","background-attachment":"scroll","background-type":"","background-media":"","overlay-type":"","overlay-color":"","overlay-gradient":""},"tablet":{"background-color":"","background-image":"","background-repeat":"repeat","background-position":"center center","background-size":"auto","background-attachment":"scroll","background-type":"","background-media":"","overlay-type":"","overlay-color":"","overlay-gradient":""},"mobile":{"background-color":"","background-image":"","background-repeat":"repeat","background-position":"center center","background-size":"auto","background-attachment":"scroll","background-type":"","background-media":"","overlay-type":"","overlay-color":"","overlay-gradient":""}},"ast-content-background-meta":{"desktop":{"background-color":"var(--ast-global-color-5)","background-image":"","background-repeat":"repeat","background-position":"center center","background-size":"auto","background-attachment":"scroll","background-type":"","background-media":"","overlay-type":"","overlay-color":"","overlay-gradient":""},"tablet":{"background-color":"var(--ast-global-color-5)","background-image":"","background-repeat":"repeat","background-position":"center center","background-size":"auto","background-attachment":"scroll","background-type":"","background-media":"","overlay-type":"","overlay-color":"","overlay-gradient":""},"mobile":{"background-color":"var(--ast-global-color-5)","background-image":"","background-repeat":"repeat","background-position":"center center","background-size":"auto","background-attachment":"scroll","background-type":"","background-media":"","overlay-type":"","overlay-color":"","overlay-gradient":""}},"footnotes":""},"categories":[1],"tags":[20063,153014,15254,53133,133319,51260],"class_list":["post-69994","post","type-post","status-publish","format-standard","hentry","category-sin-categoria","tag-amando-martin-zurro","tag-angel-alberquilla-menendez-asenjo","tag-angel-antonio-otero-puime","tag-josefina-caminal-homar","tag-martin-moreno-jose-ma","tag-valentin-cuervas-mons"],"_links":{"self":[{"href":"https:\/\/www.deberes.net\/tesis\/wp-json\/wp\/v2\/posts\/69994","targetHints":{"allow":["GET"]}}],"collection":[{"href":"https:\/\/www.deberes.net\/tesis\/wp-json\/wp\/v2\/posts"}],"about":[{"href":"https:\/\/www.deberes.net\/tesis\/wp-json\/wp\/v2\/types\/post"}],"author":[{"embeddable":true,"href":"https:\/\/www.deberes.net\/tesis\/wp-json\/wp\/v2\/users\/1"}],"replies":[{"embeddable":true,"href":"https:\/\/www.deberes.net\/tesis\/wp-json\/wp\/v2\/comments?post=69994"}],"version-history":[{"count":0,"href":"https:\/\/www.deberes.net\/tesis\/wp-json\/wp\/v2\/posts\/69994\/revisions"}],"wp:attachment":[{"href":"https:\/\/www.deberes.net\/tesis\/wp-json\/wp\/v2\/media?parent=69994"}],"wp:term":[{"taxonomy":"category","embeddable":true,"href":"https:\/\/www.deberes.net\/tesis\/wp-json\/wp\/v2\/categories?post=69994"},{"taxonomy":"post_tag","embeddable":true,"href":"https:\/\/www.deberes.net\/tesis\/wp-json\/wp\/v2\/tags?post=69994"}],"curies":[{"name":"wp","href":"https:\/\/api.w.org\/{rel}","templated":true}]}}