{"id":70035,"date":"2018-03-09T23:14:33","date_gmt":"2018-03-09T23:14:33","guid":{"rendered":"https:\/\/www.deberes.net\/tesis\/sin-categoria\/percepcion-del-estado-de-salud-y-utilizacion-de-servicios-sanitarios-en-inmigrantes-africanos-subsaharianos\/"},"modified":"2018-03-09T23:14:33","modified_gmt":"2018-03-09T23:14:33","slug":"percepcion-del-estado-de-salud-y-utilizacion-de-servicios-sanitarios-en-inmigrantes-africanos-subsaharianos","status":"publish","type":"post","link":"https:\/\/www.deberes.net\/tesis\/sin-categoria\/percepcion-del-estado-de-salud-y-utilizacion-de-servicios-sanitarios-en-inmigrantes-africanos-subsaharianos\/","title":{"rendered":"Percepci\u00f3n del estado de salud y utilizaci\u00f3n de servicios sanitarios en inmigrantes africanos subsaharianos."},"content":{"rendered":"<h2>Tesis doctoral de <strong> Gemma Pardo Moreno <\/strong><\/h2>\n<p>El aumento de inmigrantes econ\u00f3micos en nuestro pa\u00eds en los \u00faltimos a\u00f1os, exige a los servicios sanitarios su adaptaci\u00f3n para garantizar la equidad y universalidad que persigue nuestro sistema sanitario.  dentro de los colectivos de inmigrantes, los procedentes de \u00e1frica subsahariana son uno de los colectivos m\u00e1s desprotegidos, la mayor\u00eda en una situaci\u00f3n administrativa irregular y socioecon\u00f3mica baja.  para poder mejorar la salud de esta poblaci\u00f3n se hace necesario conocer c\u00f3mo perciben su estado de salud, cu\u00e1les son los principales problemas de salud, y c\u00f3mo utilizan los servicios sanitarios. Tambi\u00e9n hemos querido conocer algunos temas relacionados con las enfermedades transmisibles y anticoncepci\u00f3n.  la depresi\u00f3n es una patolog\u00eda conocida en inmigrantes, que ven frustadas sus perspectivas de mejora social en el pa\u00eds de acogida. Ante la ausencia de estudios en este colectivo hemos querido conocer la preValencia del s\u00edndrome depresivo en los inmigrantes subsaharianos en la comunidad de Madrid.  para alcanzar estos objetivos se ha realizado un estudio descriptivo, realizado en dos centros de atenci\u00f3n a inmigrantes: asociaci\u00f3n karibu y m\u00e9dicos del mundo. Se ha utilizado un cuestionario estructurado para conocer las caracter\u00edsticas sociodemogr\u00e1ficas, la percepci\u00f3n y problemas de salud, la utilizaci\u00f3n de servicios sanitarios y el conocimiento sobre prevenci\u00f3n. Para la detecci\u00f3n de depresi\u00f3n se ha realizado una entrevista estructurada basada en los criterios del dsm-iv sobre depresi\u00f3n, y la otra herramienta utilizada es el inventario de la depresi\u00f3n de beck en distintos idiomas. Tanto el cuestionario como la entrevista estructurada se han aplicado a 606 inmigrantes procedentes de \u00e1frica subsahariana.  se trata de uan poblaci\u00f3n joven con una edad media de 27,09 a\u00f1os (de: 6,6), los principales pa\u00edses de procedencia son nigeria y guinea ecuatorial. un 65,51% est\u00e1n solteros y un 64,52% no tienen hijos.<\/p>\n<p>&nbsp;<\/p>\n<h3>Datos acad\u00e9micos de la tesis doctoral \u00ab<strong>Percepci\u00f3n del estado de salud y utilizaci\u00f3n de servicios sanitarios en inmigrantes africanos subsaharianos.<\/strong>\u00ab<\/h3>\n<ul>\n<li><strong>T\u00edtulo de la tesis:<\/strong>\u00a0 Percepci\u00f3n del estado de salud y utilizaci\u00f3n de servicios sanitarios en inmigrantes africanos subsaharianos. <\/li>\n<li><strong>Autor:<\/strong>\u00a0 Gemma Pardo Moreno <\/li>\n<li><strong>Universidad:<\/strong>\u00a0 Aut\u00f3noma de Madrid<\/li>\n<li><strong>Fecha de lectura de la tesis:<\/strong>\u00a0 16\/09\/2004<\/li>\n<\/ul>\n<p>&nbsp;<\/p>\n<h3>Direcci\u00f3n y tribunal<\/h3>\n<ul>\n<li><strong>Director de la tesis<\/strong>\n<ul>\n<li>Francisco Arnalich Fern\u00e1ndez<\/li>\n<\/ul>\n<\/li>\n<li><strong>Tribunal<\/strong>\n<ul>\n<li>Presidente del tribunal: Luis felipe Pallardo sanchez <\/li>\n<li>Luis Miguel Garcia olmos (vocal)<\/li>\n<li> V\u00e1zquez torres Mar\u00eda carmen (vocal)<\/li>\n<li>carmen Gallardo pino (vocal)<\/li>\n<\/ul>\n<\/li>\n<\/ul>\n<p>&nbsp;<\/p>\n","protected":false},"excerpt":{"rendered":"<p>Tesis doctoral de Gemma Pardo Moreno El aumento de inmigrantes econ\u00f3micos en nuestro pa\u00eds en los \u00faltimos a\u00f1os, exige a [&hellip;]<\/p>\n","protected":false},"author":1,"featured_media":0,"comment_status":"open","ping_status":"open","sticky":false,"template":"","format":"standard","meta":{"site-sidebar-layout":"default","site-content-layout":"","ast-site-content-layout":"","site-content-style":"default","site-sidebar-style":"default","ast-global-header-display":"","ast-banner-title-visibility":"","ast-main-header-display":"","ast-hfb-above-header-display":"","ast-hfb-below-header-display":"","ast-hfb-mobile-header-display":"","site-post-title":"","ast-breadcrumbs-content":"","ast-featured-img":"","footer-sml-layout":"","theme-transparent-header-meta":"","adv-header-id-meta":"","stick-header-meta":"","header-above-stick-meta":"","header-main-stick-meta":"","header-below-stick-meta":"","astra-migrate-meta-layouts":"default","ast-page-background-enabled":"default","ast-page-background-meta":{"desktop":{"background-color":"var(--ast-global-color-4)","background-image":"","background-repeat":"repeat","background-position":"center center","background-size":"auto","background-attachment":"scroll","background-type":"","background-media":"","overlay-type":"","overlay-color":"","overlay-gradient":""},"tablet":{"background-color":"","background-image":"","background-repeat":"repeat","background-position":"center center","background-size":"auto","background-attachment":"scroll","background-type":"","background-media":"","overlay-type":"","overlay-color":"","overlay-gradient":""},"mobile":{"background-color":"","background-image":"","background-repeat":"repeat","background-position":"center center","background-size":"auto","background-attachment":"scroll","background-type":"","background-media":"","overlay-type":"","overlay-color":"","overlay-gradient":""}},"ast-content-background-meta":{"desktop":{"background-color":"var(--ast-global-color-5)","background-image":"","background-repeat":"repeat","background-position":"center center","background-size":"auto","background-attachment":"scroll","background-type":"","background-media":"","overlay-type":"","overlay-color":"","overlay-gradient":""},"tablet":{"background-color":"var(--ast-global-color-5)","background-image":"","background-repeat":"repeat","background-position":"center center","background-size":"auto","background-attachment":"scroll","background-type":"","background-media":"","overlay-type":"","overlay-color":"","overlay-gradient":""},"mobile":{"background-color":"var(--ast-global-color-5)","background-image":"","background-repeat":"repeat","background-position":"center center","background-size":"auto","background-attachment":"scroll","background-type":"","background-media":"","overlay-type":"","overlay-color":"","overlay-gradient":""}},"footnotes":""},"categories":[1],"tags":[36611,824,153086,14834,142333,153087],"class_list":["post-70035","post","type-post","status-publish","format-standard","hentry","category-sin-categoria","tag-carmen-gallardo-pino","tag-francisco-arnalich-fernandez","tag-gemma-pardo-moreno","tag-luis-felipe-pallardo-sanchez","tag-luis-miguel-garcia-olmos","tag-vazquez-torres-maria-carmen"],"_links":{"self":[{"href":"https:\/\/www.deberes.net\/tesis\/wp-json\/wp\/v2\/posts\/70035","targetHints":{"allow":["GET"]}}],"collection":[{"href":"https:\/\/www.deberes.net\/tesis\/wp-json\/wp\/v2\/posts"}],"about":[{"href":"https:\/\/www.deberes.net\/tesis\/wp-json\/wp\/v2\/types\/post"}],"author":[{"embeddable":true,"href":"https:\/\/www.deberes.net\/tesis\/wp-json\/wp\/v2\/users\/1"}],"replies":[{"embeddable":true,"href":"https:\/\/www.deberes.net\/tesis\/wp-json\/wp\/v2\/comments?post=70035"}],"version-history":[{"count":0,"href":"https:\/\/www.deberes.net\/tesis\/wp-json\/wp\/v2\/posts\/70035\/revisions"}],"wp:attachment":[{"href":"https:\/\/www.deberes.net\/tesis\/wp-json\/wp\/v2\/media?parent=70035"}],"wp:term":[{"taxonomy":"category","embeddable":true,"href":"https:\/\/www.deberes.net\/tesis\/wp-json\/wp\/v2\/categories?post=70035"},{"taxonomy":"post_tag","embeddable":true,"href":"https:\/\/www.deberes.net\/tesis\/wp-json\/wp\/v2\/tags?post=70035"}],"curies":[{"name":"wp","href":"https:\/\/api.w.org\/{rel}","templated":true}]}}