{"id":70037,"date":"2018-03-09T23:14:33","date_gmt":"2018-03-09T23:14:33","guid":{"rendered":"https:\/\/www.deberes.net\/tesis\/sin-categoria\/aspiraa%c2%a7a%c2%a2o-a-realidade-na-trajetoria-de-lina-bo-bardi-da-italia-ao-brasil\/"},"modified":"2018-03-09T23:14:33","modified_gmt":"2018-03-09T23:14:33","slug":"aspiraa%c2%a7a%c2%a2o-a-realidade-na-trajetoria-de-lina-bo-bardi-da-italia-ao-brasil","status":"publish","type":"post","link":"https:\/\/www.deberes.net\/tesis\/politecnica-de-catalunya\/aspiraa%c2%a7a%c2%a2o-a-realidade-na-trajetoria-de-lina-bo-bardi-da-italia-ao-brasil\/","title":{"rendered":"Aspira\u00c1\u00a7\u00c1\u00a2o a realidade na trajetoria de lina bo bardi, da italia ao brasil"},"content":{"rendered":"<h2>Tesis doctoral de <strong> Andrea Cristina Carvalho Siqueira <\/strong><\/h2>\n<p>El clima de renovaci\u00f3n cultural y social operante en la inmediata postguerra italiana represent\u00f3 una importante referencia para la arquitecta lina bo bardi. Su formaci\u00f3n y vivencia en este contexto la impuls\u00f3 hacia una posici\u00f3n de compromiso \u00e9tico con la realidad social.  esta tesis analiza como esta postura comprometida de aspiraci\u00f3n a la realidad incorporada por lina bo bardi de la cultura italiana se refleja en su obra en brasil. Su trayectoria, de italia a brasil, es una continua b\u00fasqueda de v\u00ednculos entre la arquitectura y la sociedad. Con este argumento se expone como lina bo bardi, partiendo de la esencia de la arquitectura moderna, fue incorporando nuevas referencias a su arquitectura para relacionar su obra con la realidad brasile\u00f1a, lo que significa su aproximaci\u00f3n al contexto y a los valores socio-culturales.  en la primera parte, introductoria, se estudian los condicionantes de una aspiraci\u00f3n art\u00edstica y arquitect\u00f3nica dirigida a atender y relacionarse con la realidad. En la segunda parte se observa el contexto hist\u00f3rico italiano de la postguerra y el per\u00edodo de formaci\u00f3n y vivencia de lina bo bardi en italia, teniendo en cuenta sus referencias y la influencia de esta vivencia en su obra. Siguiendo la trayectoria de la arquitecta, en la tercera parte se estudia el contexto cultural y arquitect\u00f3nico que \u00e9sta encontr\u00f3 en brasil. mientras que en la cuarta parte se analiza la experiencia de lina bo bardi en el contexto brasile\u00f1o y su evoluci\u00f3n cultural a trav\u00e9s de sus realizaciones y obras.  la investigaci\u00f3n comprueba como en brasil lina bo bardi encontr\u00f3 un campo rico para expresar su conciencia social y pol\u00edtica, adaptando la actitud de aspiraci\u00f3n a la realidad absorbida en italia en tres sentidos, que pueden ser identificados como trazos expresivos de su experiencia: el compromiso cultural y did\u00e1ctico, la aproximaci\u00f3n y defensa de los valores populares, y la actitud de respeto al entorno. Lina bo<\/p>\n<p>&nbsp;<\/p>\n<h3>Datos acad\u00e9micos de la tesis doctoral \u00ab<strong>Aspira\u00c1\u00a7\u00c1\u00a2o a realidade na trajetoria de lina bo bardi, da italia ao brasil<\/strong>\u00ab<\/h3>\n<ul>\n<li><strong>T\u00edtulo de la tesis:<\/strong>\u00a0 Aspira\u00c1\u00a7\u00c1\u00a2o a realidade na trajetoria de lina bo bardi, da italia ao brasil <\/li>\n<li><strong>Autor:<\/strong>\u00a0 Andrea Cristina Carvalho Siqueira <\/li>\n<li><strong>Universidad:<\/strong>\u00a0 Polit\u00e9cnica de catalunya<\/li>\n<li><strong>Fecha de lectura de la tesis:<\/strong>\u00a0 16\/09\/2004<\/li>\n<\/ul>\n<p>&nbsp;<\/p>\n<h3>Direcci\u00f3n y tribunal<\/h3>\n<ul>\n<li><strong>Director de la tesis<\/strong>\n<ul>\n<li>Jos\u00e9 Mar\u00eda Montaner Martorell<\/li>\n<\/ul>\n<\/li>\n<li><strong>Tribunal<\/strong>\n<ul>\n<li>Presidente del tribunal: victor Perez escolano <\/li>\n<li>Jorge Torres cueco (vocal)<\/li>\n<li>Carlos Marti aris (vocal)<\/li>\n<li>fernando-victorino \u00e1lvarez prozorovich (vocal)<\/li>\n<\/ul>\n<\/li>\n<\/ul>\n<p>&nbsp;<\/p>\n","protected":false},"excerpt":{"rendered":"<p>Tesis doctoral de Andrea Cristina Carvalho Siqueira El clima de renovaci\u00f3n cultural y social operante en la inmediata postguerra italiana [&hellip;]<\/p>\n","protected":false},"author":1,"featured_media":0,"comment_status":"open","ping_status":"open","sticky":false,"template":"","format":"standard","meta":{"site-sidebar-layout":"default","site-content-layout":"","ast-site-content-layout":"","site-content-style":"default","site-sidebar-style":"default","ast-global-header-display":"","ast-banner-title-visibility":"","ast-main-header-display":"","ast-hfb-above-header-display":"","ast-hfb-below-header-display":"","ast-hfb-mobile-header-display":"","site-post-title":"","ast-breadcrumbs-content":"","ast-featured-img":"","footer-sml-layout":"","theme-transparent-header-meta":"","adv-header-id-meta":"","stick-header-meta":"","header-above-stick-meta":"","header-main-stick-meta":"","header-below-stick-meta":"","astra-migrate-meta-layouts":"default","ast-page-background-enabled":"default","ast-page-background-meta":{"desktop":{"background-color":"var(--ast-global-color-4)","background-image":"","background-repeat":"repeat","background-position":"center center","background-size":"auto","background-attachment":"scroll","background-type":"","background-media":"","overlay-type":"","overlay-color":"","overlay-gradient":""},"tablet":{"background-color":"","background-image":"","background-repeat":"repeat","background-position":"center center","background-size":"auto","background-attachment":"scroll","background-type":"","background-media":"","overlay-type":"","overlay-color":"","overlay-gradient":""},"mobile":{"background-color":"","background-image":"","background-repeat":"repeat","background-position":"center center","background-size":"auto","background-attachment":"scroll","background-type":"","background-media":"","overlay-type":"","overlay-color":"","overlay-gradient":""}},"ast-content-background-meta":{"desktop":{"background-color":"var(--ast-global-color-5)","background-image":"","background-repeat":"repeat","background-position":"center center","background-size":"auto","background-attachment":"scroll","background-type":"","background-media":"","overlay-type":"","overlay-color":"","overlay-gradient":""},"tablet":{"background-color":"var(--ast-global-color-5)","background-image":"","background-repeat":"repeat","background-position":"center center","background-size":"auto","background-attachment":"scroll","background-type":"","background-media":"","overlay-type":"","overlay-color":"","overlay-gradient":""},"mobile":{"background-color":"var(--ast-global-color-5)","background-image":"","background-repeat":"repeat","background-position":"center center","background-size":"auto","background-attachment":"scroll","background-type":"","background-media":"","overlay-type":"","overlay-color":"","overlay-gradient":""}},"footnotes":""},"categories":[15596],"tags":[153090,32205,15716,149729,15725,11230],"class_list":["post-70037","post","type-post","status-publish","format-standard","hentry","category-politecnica-de-catalunya","tag-andrea-cristina-carvalho-siqueira","tag-carlos-marti-aris","tag-fernando-victorino-alvarez-prozorovich","tag-jorge-torres-cueco","tag-jose-maria-montaner-martorell","tag-victor-perez-escolano"],"_links":{"self":[{"href":"https:\/\/www.deberes.net\/tesis\/wp-json\/wp\/v2\/posts\/70037","targetHints":{"allow":["GET"]}}],"collection":[{"href":"https:\/\/www.deberes.net\/tesis\/wp-json\/wp\/v2\/posts"}],"about":[{"href":"https:\/\/www.deberes.net\/tesis\/wp-json\/wp\/v2\/types\/post"}],"author":[{"embeddable":true,"href":"https:\/\/www.deberes.net\/tesis\/wp-json\/wp\/v2\/users\/1"}],"replies":[{"embeddable":true,"href":"https:\/\/www.deberes.net\/tesis\/wp-json\/wp\/v2\/comments?post=70037"}],"version-history":[{"count":0,"href":"https:\/\/www.deberes.net\/tesis\/wp-json\/wp\/v2\/posts\/70037\/revisions"}],"wp:attachment":[{"href":"https:\/\/www.deberes.net\/tesis\/wp-json\/wp\/v2\/media?parent=70037"}],"wp:term":[{"taxonomy":"category","embeddable":true,"href":"https:\/\/www.deberes.net\/tesis\/wp-json\/wp\/v2\/categories?post=70037"},{"taxonomy":"post_tag","embeddable":true,"href":"https:\/\/www.deberes.net\/tesis\/wp-json\/wp\/v2\/tags?post=70037"}],"curies":[{"name":"wp","href":"https:\/\/api.w.org\/{rel}","templated":true}]}}