{"id":70125,"date":"2018-03-09T23:14:37","date_gmt":"2018-03-09T23:14:37","guid":{"rendered":"https:\/\/www.deberes.net\/tesis\/sin-categoria\/parametros-de-calidad-en-variadades-de-mandarina-cultivadas-en-espana\/"},"modified":"2018-03-09T23:14:37","modified_gmt":"2018-03-09T23:14:37","slug":"parametros-de-calidad-en-variadades-de-mandarina-cultivadas-en-espana","status":"publish","type":"post","link":"https:\/\/www.deberes.net\/tesis\/miguel-hernandez-de-elche\/parametros-de-calidad-en-variadades-de-mandarina-cultivadas-en-espana\/","title":{"rendered":"Parametros de calidad en variadades de mandarina cultivadas en espa\u00f1a."},"content":{"rendered":"<h2>Tesis doctoral de <strong> Antonio  Jose Perez Lopez <\/strong><\/h2>\n<p>El trabajo realizado en esta tesis consistio en el estudio de distintos parametros fisico-quimicos y sensoriales en 11 variedades de mandarina cultivadas en espa\u00f1a.Los parametros mas destacados y que presentaron variedades significativas entre variedades fueron el contenido en fibra en la porci\u00f3n comestible,parametros de color ,contenido en minerales y compuestos volatiles en zumos de mandarina.El contenido en fibra fue superior en todas las variedades de mandarinas estudiadas respecto a otros citricos cmo las naranjas;los parametros de color fueron diferentes en todas las variedades siendo un parametros importante la medida del valor a de cara a mejorar el color de los zumos citricos.La composicci\u00f3n mineral (micronutrientes)fue significativamente diferente dependiendo del tipo de cultivo al que fueron sometidas las muestras (cultivo ecologico o tradicional)mas que por diferencias de variedades.La carga en compuestos voaltiles fue diferentes,siendo mejor la de variedades no procedentes de hibridaciones como la variedad fortuna.<\/p>\n<p>&nbsp;<\/p>\n<h3>Datos acad\u00e9micos de la tesis doctoral \u00ab<strong>Parametros de calidad en variadades de mandarina cultivadas en espa\u00f1a.<\/strong>\u00ab<\/h3>\n<ul>\n<li><strong>T\u00edtulo de la tesis:<\/strong>\u00a0 Parametros de calidad en variadades de mandarina cultivadas en espa\u00f1a. <\/li>\n<li><strong>Autor:<\/strong>\u00a0 Antonio  Jose Perez Lopez <\/li>\n<li><strong>Universidad:<\/strong>\u00a0 Miguel hern\u00e1ndez de elche<\/li>\n<li><strong>Fecha de lectura de la tesis:<\/strong>\u00a0 17\/09\/2004<\/li>\n<\/ul>\n<p>&nbsp;<\/p>\n<h3>Direcci\u00f3n y tribunal<\/h3>\n<ul>\n<li><strong>Director de la tesis<\/strong>\n<ul>\n<li> Carbonell Barrachina Angel Antonio<\/li>\n<\/ul>\n<\/li>\n<li><strong>Tribunal<\/strong>\n<ul>\n<li>Presidente del tribunal: Jos\u00e9 manuel Lopez nicolas <\/li>\n<li>Jos\u00e9 Antonio Gabald\u00f3n hern\u00e1ndez (vocal)<\/li>\n<li>Mar\u00eda  soledad Almansa pascual del riquelme (vocal)<\/li>\n<li>Mar\u00eda  de la estrella Nu\u00f1ez delicado (vocal)<\/li>\n<\/ul>\n<\/li>\n<\/ul>\n<p>&nbsp;<\/p>\n","protected":false},"excerpt":{"rendered":"<p>Tesis doctoral de Antonio Jose Perez Lopez El trabajo realizado en esta tesis consistio en el estudio de distintos parametros [&hellip;]<\/p>\n","protected":false},"author":1,"featured_media":0,"comment_status":"open","ping_status":"open","sticky":false,"template":"","format":"standard","meta":{"site-sidebar-layout":"default","site-content-layout":"","ast-site-content-layout":"","site-content-style":"default","site-sidebar-style":"default","ast-global-header-display":"","ast-banner-title-visibility":"","ast-main-header-display":"","ast-hfb-above-header-display":"","ast-hfb-below-header-display":"","ast-hfb-mobile-header-display":"","site-post-title":"","ast-breadcrumbs-content":"","ast-featured-img":"","footer-sml-layout":"","theme-transparent-header-meta":"","adv-header-id-meta":"","stick-header-meta":"","header-above-stick-meta":"","header-main-stick-meta":"","header-below-stick-meta":"","astra-migrate-meta-layouts":"default","ast-page-background-enabled":"default","ast-page-background-meta":{"desktop":{"background-color":"var(--ast-global-color-4)","background-image":"","background-repeat":"repeat","background-position":"center center","background-size":"auto","background-attachment":"scroll","background-type":"","background-media":"","overlay-type":"","overlay-color":"","overlay-gradient":""},"tablet":{"background-color":"","background-image":"","background-repeat":"repeat","background-position":"center center","background-size":"auto","background-attachment":"scroll","background-type":"","background-media":"","overlay-type":"","overlay-color":"","overlay-gradient":""},"mobile":{"background-color":"","background-image":"","background-repeat":"repeat","background-position":"center center","background-size":"auto","background-attachment":"scroll","background-type":"","background-media":"","overlay-type":"","overlay-color":"","overlay-gradient":""}},"ast-content-background-meta":{"desktop":{"background-color":"var(--ast-global-color-5)","background-image":"","background-repeat":"repeat","background-position":"center center","background-size":"auto","background-attachment":"scroll","background-type":"","background-media":"","overlay-type":"","overlay-color":"","overlay-gradient":""},"tablet":{"background-color":"var(--ast-global-color-5)","background-image":"","background-repeat":"repeat","background-position":"center center","background-size":"auto","background-attachment":"scroll","background-type":"","background-media":"","overlay-type":"","overlay-color":"","overlay-gradient":""},"mobile":{"background-color":"var(--ast-global-color-5)","background-image":"","background-repeat":"repeat","background-position":"center center","background-size":"auto","background-attachment":"scroll","background-type":"","background-media":"","overlay-type":"","overlay-color":"","overlay-gradient":""}},"footnotes":""},"categories":[37169],"tags":[138667,19250,146334,53810,93780,128321],"class_list":["post-70125","post","type-post","status-publish","format-standard","hentry","category-miguel-hernandez-de-elche","tag-antonio-jose-perez-lopez","tag-carbonell-barrachina-angel-antonio","tag-jose-antonio-gabaldon-hernandez","tag-jose-manuel-lopez-nicolas","tag-maria-de-la-estrella-nunez-delicado","tag-maria-soledad-almansa-pascual-del-riquelme"],"_links":{"self":[{"href":"https:\/\/www.deberes.net\/tesis\/wp-json\/wp\/v2\/posts\/70125","targetHints":{"allow":["GET"]}}],"collection":[{"href":"https:\/\/www.deberes.net\/tesis\/wp-json\/wp\/v2\/posts"}],"about":[{"href":"https:\/\/www.deberes.net\/tesis\/wp-json\/wp\/v2\/types\/post"}],"author":[{"embeddable":true,"href":"https:\/\/www.deberes.net\/tesis\/wp-json\/wp\/v2\/users\/1"}],"replies":[{"embeddable":true,"href":"https:\/\/www.deberes.net\/tesis\/wp-json\/wp\/v2\/comments?post=70125"}],"version-history":[{"count":0,"href":"https:\/\/www.deberes.net\/tesis\/wp-json\/wp\/v2\/posts\/70125\/revisions"}],"wp:attachment":[{"href":"https:\/\/www.deberes.net\/tesis\/wp-json\/wp\/v2\/media?parent=70125"}],"wp:term":[{"taxonomy":"category","embeddable":true,"href":"https:\/\/www.deberes.net\/tesis\/wp-json\/wp\/v2\/categories?post=70125"},{"taxonomy":"post_tag","embeddable":true,"href":"https:\/\/www.deberes.net\/tesis\/wp-json\/wp\/v2\/tags?post=70125"}],"curies":[{"name":"wp","href":"https:\/\/api.w.org\/{rel}","templated":true}]}}