{"id":70140,"date":"2018-03-09T23:14:41","date_gmt":"2018-03-09T23:14:41","guid":{"rendered":"https:\/\/www.deberes.net\/tesis\/sin-categoria\/evolucion-historica-de-la-educacion-fa%c2%adsica-especial-en-la-espana-contemporanea\/"},"modified":"2018-03-09T23:14:41","modified_gmt":"2018-03-09T23:14:41","slug":"evolucion-historica-de-la-educacion-fa%c2%adsica-especial-en-la-espana-contemporanea","status":"publish","type":"post","link":"https:\/\/www.deberes.net\/tesis\/sin-categoria\/evolucion-historica-de-la-educacion-fa%c2%adsica-especial-en-la-espana-contemporanea\/","title":{"rendered":"Evoluci\u00f3n hist\u00f3rica de la educaci\u00f3n f\u00edsica especial en la espa\u00f1a contempor\u00e1nea"},"content":{"rendered":"<h2>Tesis doctoral de <strong>  Garc\u00eda Fern\u00e1ndez M. In\u00e9s <\/strong><\/h2>\n<p>Desde la iniciativa personal hasta la conciencia social se produce un lento avance temporal, que, a pocos humanos permite la comprobaci\u00f3n del fen\u00f3meno. a finales del siglo xix, a trav\u00e9s de congresos y realizaciones individuales se defend\u00eda la educaci\u00f3n f\u00edsica como medio educativo. Paralelamente se iban creando en espa\u00f1a instituciones m\u00e9dico-pedag\u00f3gicas, pedag\u00f3gico-m\u00e9dicas de educaci\u00f3n diferencial. Las necesidades e inquitudes de la poblaci\u00f3n se han ido configurando, y, hoy, a trav\u00e9s de las reformas educativas, se empiezan a cumplir los objetivos de hace cien a\u00f1os. Considerar, entre otros, la educaci\u00f3n diferencial en funci\u00f3n de la personalidad como un aspecto com\u00fan del sistema educativo.  la integraci\u00f3n de la educaci\u00f3n especial y de la educaci\u00f3n f\u00edsica como opciones de especialidad en todos los niveles educativo\/formativos, van confirmando los esfuerzos de nuestros maestros predecesores para que sean tenidas en cuenta en la formaci\u00f3n del educador. Y las experiencias de las pr\u00f3ximas demostraciones parol\u00edmpicas, hacen que el inter\u00e9s por la educaci\u00f3n f\u00edsica y el deporte, se haya desbordado, incluyo, respecto al deporte de minusv\u00e1lidos, confirmando una vez m\u00e1s que la apariencia f\u00edsica no es signo de \u00e9lite, sin\u00f3 el haber desarrollado habilidades que le permitan el rendimiento \u00f3ptimo.  por lo tanto, contribuir a fomentar en la conciencia social la necesidad de actividad f\u00edsica como factor fundamental de educaci\u00f3n, de salud, de rendimiento corporal y de desarrollo de las grandes virtudes\/valores sociales, en situaciones generales y especiales, es el gran objetivo de esta investigaci\u00f3n.<\/p>\n<p>&nbsp;<\/p>\n<h3>Datos acad\u00e9micos de la tesis doctoral \u00ab<strong>Evoluci\u00f3n hist\u00f3rica de la educaci\u00f3n f\u00edsica especial en la espa\u00f1a contempor\u00e1nea<\/strong>\u00ab<\/h3>\n<ul>\n<li><strong>T\u00edtulo de la tesis:<\/strong>\u00a0 Evoluci\u00f3n hist\u00f3rica de la educaci\u00f3n f\u00edsica especial en la espa\u00f1a contempor\u00e1nea <\/li>\n<li><strong>Autor:<\/strong>\u00a0  Garc\u00eda Fern\u00e1ndez M. In\u00e9s <\/li>\n<li><strong>Universidad:<\/strong>\u00a0 Complutense de Madrid<\/li>\n<li><strong>Fecha de lectura de la tesis:<\/strong>\u00a0 20\/09\/2004<\/li>\n<\/ul>\n<p>&nbsp;<\/p>\n<h3>Direcci\u00f3n y tribunal<\/h3>\n<ul>\n<li><strong>Director de la tesis<\/strong>\n<ul>\n<li>Francisco Canes Garrido<\/li>\n<\/ul>\n<\/li>\n<li><strong>Tribunal<\/strong>\n<ul>\n<li>Presidente del tribunal: Mar\u00eda  carmen Labrador herr\u00e1iz <\/li>\n<li>benilde Vazquez gomez (vocal)<\/li>\n<li>Mar\u00eda  rosario Lim\u00f3n mendiz\u00e1bal (vocal)<\/li>\n<li> Ala\u00f1on rica Mar\u00eda  teresa (vocal)<\/li>\n<\/ul>\n<\/li>\n<\/ul>\n<p>&nbsp;<\/p>\n","protected":false},"excerpt":{"rendered":"<p>Tesis doctoral de Garc\u00eda Fern\u00e1ndez M. In\u00e9s Desde la iniciativa personal hasta la conciencia social se produce un lento avance [&hellip;]<\/p>\n","protected":false},"author":1,"featured_media":0,"comment_status":"open","ping_status":"open","sticky":false,"template":"","format":"standard","meta":{"site-sidebar-layout":"default","site-content-layout":"","ast-site-content-layout":"","site-content-style":"default","site-sidebar-style":"default","ast-global-header-display":"","ast-banner-title-visibility":"","ast-main-header-display":"","ast-hfb-above-header-display":"","ast-hfb-below-header-display":"","ast-hfb-mobile-header-display":"","site-post-title":"","ast-breadcrumbs-content":"","ast-featured-img":"","footer-sml-layout":"","theme-transparent-header-meta":"","adv-header-id-meta":"","stick-header-meta":"","header-above-stick-meta":"","header-main-stick-meta":"","header-below-stick-meta":"","astra-migrate-meta-layouts":"default","ast-page-background-enabled":"default","ast-page-background-meta":{"desktop":{"background-color":"var(--ast-global-color-4)","background-image":"","background-repeat":"repeat","background-position":"center center","background-size":"auto","background-attachment":"scroll","background-type":"","background-media":"","overlay-type":"","overlay-color":"","overlay-gradient":""},"tablet":{"background-color":"","background-image":"","background-repeat":"repeat","background-position":"center center","background-size":"auto","background-attachment":"scroll","background-type":"","background-media":"","overlay-type":"","overlay-color":"","overlay-gradient":""},"mobile":{"background-color":"","background-image":"","background-repeat":"repeat","background-position":"center center","background-size":"auto","background-attachment":"scroll","background-type":"","background-media":"","overlay-type":"","overlay-color":"","overlay-gradient":""}},"ast-content-background-meta":{"desktop":{"background-color":"var(--ast-global-color-5)","background-image":"","background-repeat":"repeat","background-position":"center center","background-size":"auto","background-attachment":"scroll","background-type":"","background-media":"","overlay-type":"","overlay-color":"","overlay-gradient":""},"tablet":{"background-color":"var(--ast-global-color-5)","background-image":"","background-repeat":"repeat","background-position":"center center","background-size":"auto","background-attachment":"scroll","background-type":"","background-media":"","overlay-type":"","overlay-color":"","overlay-gradient":""},"mobile":{"background-color":"var(--ast-global-color-5)","background-image":"","background-repeat":"repeat","background-position":"center center","background-size":"auto","background-attachment":"scroll","background-type":"","background-media":"","overlay-type":"","overlay-color":"","overlay-gradient":""}},"footnotes":""},"categories":[1],"tags":[84121,17163,153283,153282,7695,18400],"class_list":["post-70140","post","type-post","status-publish","format-standard","hentry","category-sin-categoria","tag-alanon-rica-maria-teresa","tag-benilde-vazquez-gomez","tag-francisco-canes-garrido","tag-garcia-fernandez-m-ines","tag-maria-carmen-labrador-herraiz","tag-maria-rosario-limon-mendizabal"],"_links":{"self":[{"href":"https:\/\/www.deberes.net\/tesis\/wp-json\/wp\/v2\/posts\/70140","targetHints":{"allow":["GET"]}}],"collection":[{"href":"https:\/\/www.deberes.net\/tesis\/wp-json\/wp\/v2\/posts"}],"about":[{"href":"https:\/\/www.deberes.net\/tesis\/wp-json\/wp\/v2\/types\/post"}],"author":[{"embeddable":true,"href":"https:\/\/www.deberes.net\/tesis\/wp-json\/wp\/v2\/users\/1"}],"replies":[{"embeddable":true,"href":"https:\/\/www.deberes.net\/tesis\/wp-json\/wp\/v2\/comments?post=70140"}],"version-history":[{"count":0,"href":"https:\/\/www.deberes.net\/tesis\/wp-json\/wp\/v2\/posts\/70140\/revisions"}],"wp:attachment":[{"href":"https:\/\/www.deberes.net\/tesis\/wp-json\/wp\/v2\/media?parent=70140"}],"wp:term":[{"taxonomy":"category","embeddable":true,"href":"https:\/\/www.deberes.net\/tesis\/wp-json\/wp\/v2\/categories?post=70140"},{"taxonomy":"post_tag","embeddable":true,"href":"https:\/\/www.deberes.net\/tesis\/wp-json\/wp\/v2\/tags?post=70140"}],"curies":[{"name":"wp","href":"https:\/\/api.w.org\/{rel}","templated":true}]}}