{"id":70176,"date":"2018-03-09T23:14:41","date_gmt":"2018-03-09T23:14:41","guid":{"rendered":"https:\/\/www.deberes.net\/tesis\/sin-categoria\/poder-pola%c2%adtico-y-administracion-de-justicia\/"},"modified":"2018-03-09T23:14:41","modified_gmt":"2018-03-09T23:14:41","slug":"poder-pola%c2%adtico-y-administracion-de-justicia","status":"publish","type":"post","link":"https:\/\/www.deberes.net\/tesis\/sin-categoria\/poder-pola%c2%adtico-y-administracion-de-justicia\/","title":{"rendered":"Poder pol\u00edtico y administraci\u00f3n de justicia"},"content":{"rendered":"<h2>Tesis doctoral de <strong> Jos\u00e9 Luis Bermejo Cabrero <\/strong><\/h2>\n<p>En nuestra tesis sobre poder pol\u00edtico y administraci\u00f3n de justicia en la espa\u00f1a barroca hemos pretendido demostrar las profundas conexiones que se advierten en \u00e9poca moderna entre el \u00e1mbito pol\u00edtico y el mundo jur\u00eddico cuando existen conflictos jur\u00eddicos de por medio. En principio, toda una tradici\u00f3n que arranca desde la baja edad media trata de diferenciar los dos planos del gobierno y de la administraci\u00f3n de justicia, superada ya la fase anterior en donde la justicia cubr\u00eda todos los aspectos pol\u00edticos imaginables. Pero conforme se afirman los ideales de la monarqu\u00eda absoluta resulta dif\u00edcil, en momentos especialmente conflictivos, dejar un campo exento -conforme a una concepci\u00f3n idealista- para la administraci\u00f3n de justicia.  en cualquier caso, siempre existir\u00e1n sectores especialmente proclives a la intervenci\u00f3n pol\u00edtica. Tal es el caso de la serie de rebeliones, motines y tumultos que se suceden a lo largo del siglo xvi con algunos antecedente previos. Aqu\u00ed el poder poder pol\u00edtico tiene que actuar, de una u otra forma, si quiere perdurar. Pero las modalidades de actuaci\u00f3n var\u00edan de unos casos a otros, no es lo mismo la represi\u00f3n que se aplica a las revueltas de palermo, que a las n\u00e1poles o a las mesina, por citar ejemplos italianos, a la saz\u00f3n pertenecientes a la monarqu\u00eda espa\u00f1ola. Por otra parte, el poder pol\u00edtico se enfrenta con un grave problema: el de las jurisdicciones especiales. de ah\u00ed que nos hemos ocupado de valorar el alcance y significado de la actuaci\u00f3n del poder pol\u00edticos en estos \u00abterritorios exentos\u00bb en lo que a jurisdicci\u00f3n se refiere. Y aqu\u00ed sucede lo mismo, la actuaci\u00f3n del poder pol\u00edtico depender\u00e1 de los temas y de la conyuntura por la que atraviese el momento hist\u00f3rico elegido. Por los dem\u00e1s, el poder pol\u00edtico del que venimos hablando no puede dejar de ejercer un control sobre las actividades judiciales. Ese control se manifiesta, fundamentalmente, en pesquisas, visitas y ju<\/p>\n<p>&nbsp;<\/p>\n<h3>Datos acad\u00e9micos de la tesis doctoral \u00ab<strong>Poder pol\u00edtico y administraci\u00f3n de justicia<\/strong>\u00ab<\/h3>\n<ul>\n<li><strong>T\u00edtulo de la tesis:<\/strong>\u00a0 Poder pol\u00edtico y administraci\u00f3n de justicia <\/li>\n<li><strong>Autor:<\/strong>\u00a0 Jos\u00e9 Luis Bermejo Cabrero <\/li>\n<li><strong>Universidad:<\/strong>\u00a0 Complutense de Madrid<\/li>\n<li><strong>Fecha de lectura de la tesis:<\/strong>\u00a0 21\/09\/2004<\/li>\n<\/ul>\n<p>&nbsp;<\/p>\n<h3>Direcci\u00f3n y tribunal<\/h3>\n<ul>\n<li><strong>Director de la tesis<\/strong>\n<ul>\n<li>Dalmacio Negro Pav\u00f3n<\/li>\n<\/ul>\n<\/li>\n<li><strong>Tribunal<\/strong>\n<ul>\n<li>Presidente del tribunal: Antonio Elorza dom\u00ednguez <\/li>\n<li> Garc\u00eda fernandez fco. Javier (vocal)<\/li>\n<li>gregorio Javier Monreal cia (vocal)<\/li>\n<li>enrique Oton sobrino (vocal)<\/li>\n<\/ul>\n<\/li>\n<\/ul>\n<p>&nbsp;<\/p>\n","protected":false},"excerpt":{"rendered":"<p>Tesis doctoral de Jos\u00e9 Luis Bermejo Cabrero En nuestra tesis sobre poder pol\u00edtico y administraci\u00f3n de justicia en la espa\u00f1a [&hellip;]<\/p>\n","protected":false},"author":1,"featured_media":0,"comment_status":"open","ping_status":"open","sticky":false,"template":"","format":"standard","meta":{"site-sidebar-layout":"default","site-content-layout":"","ast-site-content-layout":"","site-content-style":"default","site-sidebar-style":"default","ast-global-header-display":"","ast-banner-title-visibility":"","ast-main-header-display":"","ast-hfb-above-header-display":"","ast-hfb-below-header-display":"","ast-hfb-mobile-header-display":"","site-post-title":"","ast-breadcrumbs-content":"","ast-featured-img":"","footer-sml-layout":"","theme-transparent-header-meta":"","adv-header-id-meta":"","stick-header-meta":"","header-above-stick-meta":"","header-main-stick-meta":"","header-below-stick-meta":"","astra-migrate-meta-layouts":"default","ast-page-background-enabled":"default","ast-page-background-meta":{"desktop":{"background-color":"var(--ast-global-color-4)","background-image":"","background-repeat":"repeat","background-position":"center center","background-size":"auto","background-attachment":"scroll","background-type":"","background-media":"","overlay-type":"","overlay-color":"","overlay-gradient":""},"tablet":{"background-color":"","background-image":"","background-repeat":"repeat","background-position":"center center","background-size":"auto","background-attachment":"scroll","background-type":"","background-media":"","overlay-type":"","overlay-color":"","overlay-gradient":""},"mobile":{"background-color":"","background-image":"","background-repeat":"repeat","background-position":"center center","background-size":"auto","background-attachment":"scroll","background-type":"","background-media":"","overlay-type":"","overlay-color":"","overlay-gradient":""}},"ast-content-background-meta":{"desktop":{"background-color":"var(--ast-global-color-5)","background-image":"","background-repeat":"repeat","background-position":"center center","background-size":"auto","background-attachment":"scroll","background-type":"","background-media":"","overlay-type":"","overlay-color":"","overlay-gradient":""},"tablet":{"background-color":"var(--ast-global-color-5)","background-image":"","background-repeat":"repeat","background-position":"center center","background-size":"auto","background-attachment":"scroll","background-type":"","background-media":"","overlay-type":"","overlay-color":"","overlay-gradient":""},"mobile":{"background-color":"var(--ast-global-color-5)","background-image":"","background-repeat":"repeat","background-position":"center center","background-size":"auto","background-attachment":"scroll","background-type":"","background-media":"","overlay-type":"","overlay-color":"","overlay-gradient":""}},"footnotes":""},"categories":[1],"tags":[7513,4685,5095,81448,153346,112069],"class_list":["post-70176","post","type-post","status-publish","format-standard","hentry","category-sin-categoria","tag-antonio-elorza-dominguez","tag-dalmacio-negro-pavon","tag-enrique-oton-sobrino","tag-garcia-fernandez-fco-javier","tag-gregorio-javier-monreal-cia","tag-jose-luis-bermejo-cabrero"],"_links":{"self":[{"href":"https:\/\/www.deberes.net\/tesis\/wp-json\/wp\/v2\/posts\/70176","targetHints":{"allow":["GET"]}}],"collection":[{"href":"https:\/\/www.deberes.net\/tesis\/wp-json\/wp\/v2\/posts"}],"about":[{"href":"https:\/\/www.deberes.net\/tesis\/wp-json\/wp\/v2\/types\/post"}],"author":[{"embeddable":true,"href":"https:\/\/www.deberes.net\/tesis\/wp-json\/wp\/v2\/users\/1"}],"replies":[{"embeddable":true,"href":"https:\/\/www.deberes.net\/tesis\/wp-json\/wp\/v2\/comments?post=70176"}],"version-history":[{"count":0,"href":"https:\/\/www.deberes.net\/tesis\/wp-json\/wp\/v2\/posts\/70176\/revisions"}],"wp:attachment":[{"href":"https:\/\/www.deberes.net\/tesis\/wp-json\/wp\/v2\/media?parent=70176"}],"wp:term":[{"taxonomy":"category","embeddable":true,"href":"https:\/\/www.deberes.net\/tesis\/wp-json\/wp\/v2\/categories?post=70176"},{"taxonomy":"post_tag","embeddable":true,"href":"https:\/\/www.deberes.net\/tesis\/wp-json\/wp\/v2\/tags?post=70176"}],"curies":[{"name":"wp","href":"https:\/\/api.w.org\/{rel}","templated":true}]}}