{"id":70270,"date":"2018-03-09T23:14:48","date_gmt":"2018-03-09T23:14:48","guid":{"rendered":"https:\/\/www.deberes.net\/tesis\/sin-categoria\/bases-cartograficas-raster-vector-mejora-y-actualizacion-mediante-tecnicas-de-fotogrametria-digital\/"},"modified":"2018-03-09T23:14:48","modified_gmt":"2018-03-09T23:14:48","slug":"bases-cartograficas-raster-vector-mejora-y-actualizacion-mediante-tecnicas-de-fotogrametria-digital","status":"publish","type":"post","link":"https:\/\/www.deberes.net\/tesis\/politecnica-de-madrid\/bases-cartograficas-raster-vector-mejora-y-actualizacion-mediante-tecnicas-de-fotogrametria-digital\/","title":{"rendered":"Bases cartograficas raster\/vector. mejora y actualizacion mediante tecnicas de fotogrametria  digital"},"content":{"rendered":"<h2>Tesis doctoral de <strong>  Blas Gutierrez De La Vega Alejandro M. De <\/strong><\/h2>\n<p>La tesis doctoral tiene por objeto presentar un conjunto de soluciones que permitan la actualizaci\u00f3n y mejora de las bases de datos cartogr\u00e1ficas de una manera eficiente, r\u00e1pida y sencilla. La tesis analiza en primer lugar la problem\u00e1tica asociada a la generaci\u00f3n de las bases de datos cartogr\u00e1ficas:  \u00c2\u00b7  m\u00e9todos de captura de la informaci\u00f3n geogr\u00e1fica.  \u00c2\u00b7  tratamiento geom\u00e9trico y sem\u00e1ntico de los datos capturados.  \u00c2\u00b7  estructuraci\u00f3n de la informaci\u00f3n vectorial y raster, previa a la carga en un sistema de informaci\u00f3n geogr\u00e1fica.  \u00c2\u00b7  generaci\u00f3n de topolog\u00eda y creaci\u00f3n de \u00edndices espaciales para facilitar las consultas realizadas a la bases de datos.  las soluciones propuestas se basan en m\u00e9todos fotogram\u00e9tricos digitales conocidos. Se presentan los fundamentos en los que se basan las soluciones propuestas:  \u00c2\u00b7  m\u00e9todos de correspondencia de im\u00e1genes, prestando especial atenci\u00f3n al m\u00e9todo de correspondencia basada en intensidades (conocido como m\u00e9todo de correspondencia basado en \u00e1reas), por ser el empleado en esta tesis como m\u00e9todo m\u00e1s adecuado para la correlaci\u00f3n de puntos.  \u00c2\u00b7  geometr\u00eda epipolar, fundamento de las im\u00e1genes normalizadas.  \u00c2\u00b7  aerotriangulaci\u00f3n, por constituir el m\u00e9todo que permite determinar los par\u00e1metros de orientaci\u00f3n de las im\u00e1genes, necesarios para la creaci\u00f3n de im\u00e1genes normalizadas.  \u00c2\u00b7  generaci\u00f3n de im\u00e1genes normalizadas, por constituir estas im\u00e1genes la informaci\u00f3n de partida para la captura de datos en la soluci\u00f3n propuesta como \u00f3ptima.  \u00c2\u00b7  ortoim\u00e1genes, por constituir una de las soluciones posibles para la captura de datos.  las soluciones que se proponen para la mejora y actualizaci\u00f3n de las bases cartogr\u00e1ficas son las siguientes:  \u00c2\u00b7  empleo de ortoim\u00e1genes (ortofotos) para la captura de informaci\u00f3n 2d mediante la digitalizaci\u00f3n en pantalla de los elementos necesarios.  \u00c2\u00b7  uso conjunto de ortofotos y mdt para la captura de informaci\u00f3n<\/p>\n<p>&nbsp;<\/p>\n<h3>Datos acad\u00e9micos de la tesis doctoral \u00ab<strong>Bases cartograficas raster\/vector. mejora y actualizacion mediante tecnicas de fotogrametria  digital<\/strong>\u00ab<\/h3>\n<ul>\n<li><strong>T\u00edtulo de la tesis:<\/strong>\u00a0 Bases cartograficas raster\/vector. mejora y actualizacion mediante tecnicas de fotogrametria  digital <\/li>\n<li><strong>Autor:<\/strong>\u00a0  Blas Gutierrez De La Vega Alejandro M. De <\/li>\n<li><strong>Universidad:<\/strong>\u00a0 Polit\u00e9cnica de Madrid<\/li>\n<li><strong>Fecha de lectura de la tesis:<\/strong>\u00a0 23\/09\/2004<\/li>\n<\/ul>\n<p>&nbsp;<\/p>\n<h3>Direcci\u00f3n y tribunal<\/h3>\n<ul>\n<li><strong>Director de la tesis<\/strong>\n<ul>\n<li>solano Su\u00e1rez Rodr\u00edguez<\/li>\n<\/ul>\n<\/li>\n<li><strong>Tribunal<\/strong>\n<ul>\n<li>Presidente del tribunal:  Andaluz diaz esteban Luis <\/li>\n<li>Manuel S\u00e1nchez de la orden (vocal)<\/li>\n<li>constancio Gonz\u00e1lez rivera (vocal)<\/li>\n<li>alfonso Garc\u00eda-ferrer porras (vocal)<\/li>\n<\/ul>\n<\/li>\n<\/ul>\n<p>&nbsp;<\/p>\n","protected":false},"excerpt":{"rendered":"<p>Tesis doctoral de Blas Gutierrez De La Vega Alejandro M. De La tesis doctoral tiene por objeto presentar un conjunto [&hellip;]<\/p>\n","protected":false},"author":1,"featured_media":0,"comment_status":"open","ping_status":"open","sticky":false,"template":"","format":"standard","meta":{"site-sidebar-layout":"default","site-content-layout":"","ast-site-content-layout":"","site-content-style":"default","site-sidebar-style":"default","ast-global-header-display":"","ast-banner-title-visibility":"","ast-main-header-display":"","ast-hfb-above-header-display":"","ast-hfb-below-header-display":"","ast-hfb-mobile-header-display":"","site-post-title":"","ast-breadcrumbs-content":"","ast-featured-img":"","footer-sml-layout":"","theme-transparent-header-meta":"","adv-header-id-meta":"","stick-header-meta":"","header-above-stick-meta":"","header-main-stick-meta":"","header-below-stick-meta":"","astra-migrate-meta-layouts":"default","ast-page-background-enabled":"default","ast-page-background-meta":{"desktop":{"background-color":"var(--ast-global-color-4)","background-image":"","background-repeat":"repeat","background-position":"center center","background-size":"auto","background-attachment":"scroll","background-type":"","background-media":"","overlay-type":"","overlay-color":"","overlay-gradient":""},"tablet":{"background-color":"","background-image":"","background-repeat":"repeat","background-position":"center center","background-size":"auto","background-attachment":"scroll","background-type":"","background-media":"","overlay-type":"","overlay-color":"","overlay-gradient":""},"mobile":{"background-color":"","background-image":"","background-repeat":"repeat","background-position":"center center","background-size":"auto","background-attachment":"scroll","background-type":"","background-media":"","overlay-type":"","overlay-color":"","overlay-gradient":""}},"ast-content-background-meta":{"desktop":{"background-color":"var(--ast-global-color-5)","background-image":"","background-repeat":"repeat","background-position":"center center","background-size":"auto","background-attachment":"scroll","background-type":"","background-media":"","overlay-type":"","overlay-color":"","overlay-gradient":""},"tablet":{"background-color":"var(--ast-global-color-5)","background-image":"","background-repeat":"repeat","background-position":"center center","background-size":"auto","background-attachment":"scroll","background-type":"","background-media":"","overlay-type":"","overlay-color":"","overlay-gradient":""},"mobile":{"background-color":"var(--ast-global-color-5)","background-image":"","background-repeat":"repeat","background-position":"center center","background-size":"auto","background-attachment":"scroll","background-type":"","background-media":"","overlay-type":"","overlay-color":"","overlay-gradient":""}},"footnotes":""},"categories":[16008],"tags":[30946,153521,153520,31016,2267,58833],"class_list":["post-70270","post","type-post","status-publish","format-standard","hentry","category-politecnica-de-madrid","tag-alfonso-garcia-ferrer-porras","tag-andaluz-diaz-esteban-luis","tag-blas-gutierrez-de-la-vega-alejandro-m-de","tag-constancio-gonzalez-rivera","tag-manuel-sanchez-de-la-orden","tag-solano-suarez-rodriguez"],"_links":{"self":[{"href":"https:\/\/www.deberes.net\/tesis\/wp-json\/wp\/v2\/posts\/70270","targetHints":{"allow":["GET"]}}],"collection":[{"href":"https:\/\/www.deberes.net\/tesis\/wp-json\/wp\/v2\/posts"}],"about":[{"href":"https:\/\/www.deberes.net\/tesis\/wp-json\/wp\/v2\/types\/post"}],"author":[{"embeddable":true,"href":"https:\/\/www.deberes.net\/tesis\/wp-json\/wp\/v2\/users\/1"}],"replies":[{"embeddable":true,"href":"https:\/\/www.deberes.net\/tesis\/wp-json\/wp\/v2\/comments?post=70270"}],"version-history":[{"count":0,"href":"https:\/\/www.deberes.net\/tesis\/wp-json\/wp\/v2\/posts\/70270\/revisions"}],"wp:attachment":[{"href":"https:\/\/www.deberes.net\/tesis\/wp-json\/wp\/v2\/media?parent=70270"}],"wp:term":[{"taxonomy":"category","embeddable":true,"href":"https:\/\/www.deberes.net\/tesis\/wp-json\/wp\/v2\/categories?post=70270"},{"taxonomy":"post_tag","embeddable":true,"href":"https:\/\/www.deberes.net\/tesis\/wp-json\/wp\/v2\/tags?post=70270"}],"curies":[{"name":"wp","href":"https:\/\/api.w.org\/{rel}","templated":true}]}}