{"id":70311,"date":"2018-03-09T23:14:48","date_gmt":"2018-03-09T23:14:48","guid":{"rendered":"https:\/\/www.deberes.net\/tesis\/sin-categoria\/el-manejo-de-los-asuntos-de-flandes-1585-1598\/"},"modified":"2018-03-09T23:14:48","modified_gmt":"2018-03-09T23:14:48","slug":"el-manejo-de-los-asuntos-de-flandes-1585-1598","status":"publish","type":"post","link":"https:\/\/www.deberes.net\/tesis\/sin-categoria\/el-manejo-de-los-asuntos-de-flandes-1585-1598\/","title":{"rendered":"El manejo de los asuntos de flandes, 1585-1598"},"content":{"rendered":"<h2>Tesis doctoral de <strong> Jos\u00e9 Eloy Hortal Mu\u00f1oz <\/strong><\/h2>\n<p>La revuelta de los pa\u00edses bajos ha sido estudiada por numerosos autores de diferentes nacionalidades. Sin embargo, estos estudios se han realizado, en su mayor\u00eda, para justificar alg\u00fan inter\u00e9s decimon\u00f3nico como la historia nacional o las luchas entre el catolicismo y el calvinismo. A nuestro juicio, los enfoques utilizados han sido casi siempre presentistas, sin atender a la verdadera estructura sociopol\u00edtica de la monarqu\u00eda hispana durante los siglos xvi y xvii, que se basaba en las relaciones personales y no en las institucionales. De acuerdo a esto, el presente estudio intenta descubrir los grupos de poder que existieron en flandes desde el comienzo de la revuelta hasta la cesi\u00f3n de los pa\u00edses bajos en 1598 y qu\u00e9 relaci\u00f3n tuvieron dichos grupos con las facciones existentes en la corte madrile\u00f1a.  as\u00edmismo, pretendemos insertar el decurso de los sucesos acaecidos en flandes durante aquellos a\u00f1os con la evoluci\u00f3n general de la monarqu\u00eda hispana, sobre todo a partir de 1585, en que se produjeron una serie de cambios que llevaron a la institucionalizaci\u00f3n de la misma, tras la separaci\u00f3n entre jurisdicci\u00f3n y gobierno.  de igual manera, la presente tesis doctoral intenta aportar cierta luz a la \u00faltima d\u00e9cada del siglo xvi, momento en donde se produjeron importantes cambios en la monarqu\u00eda que a\u00fan no han sido explicados en su totalidad.<\/p>\n<p>&nbsp;<\/p>\n<h3>Datos acad\u00e9micos de la tesis doctoral \u00ab<strong>El manejo de los asuntos de flandes, 1585-1598<\/strong>\u00ab<\/h3>\n<ul>\n<li><strong>T\u00edtulo de la tesis:<\/strong>\u00a0 El manejo de los asuntos de flandes, 1585-1598 <\/li>\n<li><strong>Autor:<\/strong>\u00a0 Jos\u00e9 Eloy Hortal Mu\u00f1oz <\/li>\n<li><strong>Universidad:<\/strong>\u00a0 Aut\u00f3noma de Madrid<\/li>\n<li><strong>Fecha de lectura de la tesis:<\/strong>\u00a0 24\/09\/2004<\/li>\n<\/ul>\n<p>&nbsp;<\/p>\n<h3>Direcci\u00f3n y tribunal<\/h3>\n<ul>\n<li><strong>Director de la tesis<\/strong>\n<ul>\n<li>Jos\u00e9 Mart\u00ednez Mill\u00e1n<\/li>\n<\/ul>\n<\/li>\n<li><strong>Tribunal<\/strong>\n<ul>\n<li>Presidente del tribunal: pere Molas ribalta <\/li>\n<li>Javier Guillam\u00f3n Francisco (vocal)<\/li>\n<li> Pazzis pi corrales magdalena (vocal)<\/li>\n<li> Garc\u00eda Garc\u00eda bernardo Jos\u00e9 (vocal)<\/li>\n<\/ul>\n<\/li>\n<\/ul>\n<p>&nbsp;<\/p>\n","protected":false},"excerpt":{"rendered":"<p>Tesis doctoral de Jos\u00e9 Eloy Hortal Mu\u00f1oz La revuelta de los pa\u00edses bajos ha sido estudiada por numerosos autores de [&hellip;]<\/p>\n","protected":false},"author":1,"featured_media":0,"comment_status":"open","ping_status":"open","sticky":false,"template":"","format":"standard","meta":{"site-sidebar-layout":"default","site-content-layout":"","ast-site-content-layout":"","site-content-style":"default","site-sidebar-style":"default","ast-global-header-display":"","ast-banner-title-visibility":"","ast-main-header-display":"","ast-hfb-above-header-display":"","ast-hfb-below-header-display":"","ast-hfb-mobile-header-display":"","site-post-title":"","ast-breadcrumbs-content":"","ast-featured-img":"","footer-sml-layout":"","theme-transparent-header-meta":"","adv-header-id-meta":"","stick-header-meta":"","header-above-stick-meta":"","header-main-stick-meta":"","header-below-stick-meta":"","astra-migrate-meta-layouts":"default","ast-page-background-enabled":"default","ast-page-background-meta":{"desktop":{"background-color":"var(--ast-global-color-4)","background-image":"","background-repeat":"repeat","background-position":"center center","background-size":"auto","background-attachment":"scroll","background-type":"","background-media":"","overlay-type":"","overlay-color":"","overlay-gradient":""},"tablet":{"background-color":"","background-image":"","background-repeat":"repeat","background-position":"center center","background-size":"auto","background-attachment":"scroll","background-type":"","background-media":"","overlay-type":"","overlay-color":"","overlay-gradient":""},"mobile":{"background-color":"","background-image":"","background-repeat":"repeat","background-position":"center center","background-size":"auto","background-attachment":"scroll","background-type":"","background-media":"","overlay-type":"","overlay-color":"","overlay-gradient":""}},"ast-content-background-meta":{"desktop":{"background-color":"var(--ast-global-color-5)","background-image":"","background-repeat":"repeat","background-position":"center center","background-size":"auto","background-attachment":"scroll","background-type":"","background-media":"","overlay-type":"","overlay-color":"","overlay-gradient":""},"tablet":{"background-color":"var(--ast-global-color-5)","background-image":"","background-repeat":"repeat","background-position":"center center","background-size":"auto","background-attachment":"scroll","background-type":"","background-media":"","overlay-type":"","overlay-color":"","overlay-gradient":""},"mobile":{"background-color":"var(--ast-global-color-5)","background-image":"","background-repeat":"repeat","background-position":"center center","background-size":"auto","background-attachment":"scroll","background-type":"","background-media":"","overlay-type":"","overlay-color":"","overlay-gradient":""}},"footnotes":""},"categories":[1],"tags":[5931,153589,153588,14896,47774,314],"class_list":["post-70311","post","type-post","status-publish","format-standard","hentry","category-sin-categoria","tag-garcia-garcia-bernardo-jose","tag-javier-guillamon-francisco","tag-jose-eloy-hortal-munoz","tag-jose-Martinez-millan","tag-pazzis-pi-corrales-magdalena","tag-pere-molas-ribalta"],"_links":{"self":[{"href":"https:\/\/www.deberes.net\/tesis\/wp-json\/wp\/v2\/posts\/70311","targetHints":{"allow":["GET"]}}],"collection":[{"href":"https:\/\/www.deberes.net\/tesis\/wp-json\/wp\/v2\/posts"}],"about":[{"href":"https:\/\/www.deberes.net\/tesis\/wp-json\/wp\/v2\/types\/post"}],"author":[{"embeddable":true,"href":"https:\/\/www.deberes.net\/tesis\/wp-json\/wp\/v2\/users\/1"}],"replies":[{"embeddable":true,"href":"https:\/\/www.deberes.net\/tesis\/wp-json\/wp\/v2\/comments?post=70311"}],"version-history":[{"count":0,"href":"https:\/\/www.deberes.net\/tesis\/wp-json\/wp\/v2\/posts\/70311\/revisions"}],"wp:attachment":[{"href":"https:\/\/www.deberes.net\/tesis\/wp-json\/wp\/v2\/media?parent=70311"}],"wp:term":[{"taxonomy":"category","embeddable":true,"href":"https:\/\/www.deberes.net\/tesis\/wp-json\/wp\/v2\/categories?post=70311"},{"taxonomy":"post_tag","embeddable":true,"href":"https:\/\/www.deberes.net\/tesis\/wp-json\/wp\/v2\/tags?post=70311"}],"curies":[{"name":"wp","href":"https:\/\/api.w.org\/{rel}","templated":true}]}}