{"id":70377,"date":"2018-03-09T23:14:55","date_gmt":"2018-03-09T23:14:55","guid":{"rendered":"https:\/\/www.deberes.net\/tesis\/sin-categoria\/tierra-de-campos-del-productivismo-al-desarrolllo-endogeno\/"},"modified":"2018-03-09T23:14:55","modified_gmt":"2018-03-09T23:14:55","slug":"tierra-de-campos-del-productivismo-al-desarrolllo-endogeno","status":"publish","type":"post","link":"https:\/\/www.deberes.net\/tesis\/sin-categoria\/tierra-de-campos-del-productivismo-al-desarrolllo-endogeno\/","title":{"rendered":"Tierra de campos: del productivismo al desarrolllo endogeno."},"content":{"rendered":"<h2>Tesis doctoral de <strong> Eugenio Garcia-rojo Lopez-tello <\/strong><\/h2>\n<p>Tierra de campos, comarca natural de castilla y le\u00f3n,  est\u00e1 caracterizada desde el punto de vista f\u00edsico por su paisaje de llanura y por una escasa pluviometr\u00eda y r\u00edos de marcado estiaje, as\u00ed como por sus inexistentes estratos arb\u00f3reos y arbustivos y escaso estrato herb\u00e1ceo, t\u00edpico de la estepa cerealista, consecuencia del monocultivo de herb\u00e1ceos . Es una comarca agroganadera donde el cereal de secano en sistema extensivo y la ganader\u00eda de ovino de orientaci\u00f3n l\u00e1ctea imperan sobre todo lo dem\u00e1s.  en esta comarca, el ministerio de la presidencia puso en marcha entre 1966 y 1975 el denominado programa para el desarrollo econ\u00f3mico y social de tierra de campos, \u00faltimo plan de la etapa desarrollista del franquismo. en la d\u00e9cada de los a\u00f1os noventa la uni\u00f3n europea pone en marcha la iniciativa comunitaria de desarrollo rural leader, basado en el desarrollo end\u00f3geno, la participaci\u00f3n local y la innovaci\u00f3n  en este trabajo de investigaci\u00f3n, tras situar la comarca en su contexto f\u00edsico y humano, se intenta comparar las metodolog\u00eda e intervenciones de ambos planes de desarrollo en este territorio y comarca idiosincr\u00e1sica de tierra de campos. Finalizando con las conclusiones que intentan portar soluciones a los problemas de la diversificaci\u00f3n econ\u00f3mica en los territorios rurales y en la despoblaci\u00f3n<\/p>\n<p>&nbsp;<\/p>\n<h3>Datos acad\u00e9micos de la tesis doctoral \u00ab<strong>Tierra de campos: del productivismo al desarrolllo endogeno.<\/strong>\u00ab<\/h3>\n<ul>\n<li><strong>T\u00edtulo de la tesis:<\/strong>\u00a0 Tierra de campos: del productivismo al desarrolllo endogeno. <\/li>\n<li><strong>Autor:<\/strong>\u00a0 Eugenio Garcia-rojo Lopez-tello <\/li>\n<li><strong>Universidad:<\/strong>\u00a0 Aut\u00f3noma de Madrid<\/li>\n<li><strong>Fecha de lectura de la tesis:<\/strong>\u00a0 27\/09\/2004<\/li>\n<\/ul>\n<p>&nbsp;<\/p>\n<h3>Direcci\u00f3n y tribunal<\/h3>\n<ul>\n<li><strong>Director de la tesis<\/strong>\n<ul>\n<li>Fernando Arroyo Ilera<\/li>\n<\/ul>\n<\/li>\n<li><strong>Tribunal<\/strong>\n<ul>\n<li>Presidente del tribunal: rafael Mata olmo <\/li>\n<li>Mar\u00eda asunci\u00f3n Mart\u00edn lou (vocal)<\/li>\n<li>Antonio Lopez ontiveros (vocal)<\/li>\n<li>felix Pillet capdepon (vocal)<\/li>\n<\/ul>\n<\/li>\n<\/ul>\n<p>&nbsp;<\/p>\n","protected":false},"excerpt":{"rendered":"<p>Tesis doctoral de Eugenio Garcia-rojo Lopez-tello Tierra de campos, comarca natural de castilla y le\u00f3n, est\u00e1 caracterizada desde el punto [&hellip;]<\/p>\n","protected":false},"author":1,"featured_media":0,"comment_status":"open","ping_status":"open","sticky":false,"template":"","format":"standard","meta":{"site-sidebar-layout":"default","site-content-layout":"","ast-site-content-layout":"","site-content-style":"default","site-sidebar-style":"default","ast-global-header-display":"","ast-banner-title-visibility":"","ast-main-header-display":"","ast-hfb-above-header-display":"","ast-hfb-below-header-display":"","ast-hfb-mobile-header-display":"","site-post-title":"","ast-breadcrumbs-content":"","ast-featured-img":"","footer-sml-layout":"","theme-transparent-header-meta":"","adv-header-id-meta":"","stick-header-meta":"","header-above-stick-meta":"","header-main-stick-meta":"","header-below-stick-meta":"","astra-migrate-meta-layouts":"default","ast-page-background-enabled":"default","ast-page-background-meta":{"desktop":{"background-color":"var(--ast-global-color-4)","background-image":"","background-repeat":"repeat","background-position":"center center","background-size":"auto","background-attachment":"scroll","background-type":"","background-media":"","overlay-type":"","overlay-color":"","overlay-gradient":""},"tablet":{"background-color":"","background-image":"","background-repeat":"repeat","background-position":"center center","background-size":"auto","background-attachment":"scroll","background-type":"","background-media":"","overlay-type":"","overlay-color":"","overlay-gradient":""},"mobile":{"background-color":"","background-image":"","background-repeat":"repeat","background-position":"center center","background-size":"auto","background-attachment":"scroll","background-type":"","background-media":"","overlay-type":"","overlay-color":"","overlay-gradient":""}},"ast-content-background-meta":{"desktop":{"background-color":"var(--ast-global-color-5)","background-image":"","background-repeat":"repeat","background-position":"center center","background-size":"auto","background-attachment":"scroll","background-type":"","background-media":"","overlay-type":"","overlay-color":"","overlay-gradient":""},"tablet":{"background-color":"var(--ast-global-color-5)","background-image":"","background-repeat":"repeat","background-position":"center center","background-size":"auto","background-attachment":"scroll","background-type":"","background-media":"","overlay-type":"","overlay-color":"","overlay-gradient":""},"mobile":{"background-color":"var(--ast-global-color-5)","background-image":"","background-repeat":"repeat","background-position":"center center","background-size":"auto","background-attachment":"scroll","background-type":"","background-media":"","overlay-type":"","overlay-color":"","overlay-gradient":""}},"footnotes":""},"categories":[1],"tags":[14953,153711,63370,62448,5747,14950],"class_list":["post-70377","post","type-post","status-publish","format-standard","hentry","category-sin-categoria","tag-antonio-lopez-ontiveros","tag-eugenio-garcia-rojo-lopez-tello","tag-felix-pillet-capdepon","tag-fernando-arroyo-ilera","tag-maria-asuncion-martin-lou","tag-rafael-mata-olmo"],"_links":{"self":[{"href":"https:\/\/www.deberes.net\/tesis\/wp-json\/wp\/v2\/posts\/70377","targetHints":{"allow":["GET"]}}],"collection":[{"href":"https:\/\/www.deberes.net\/tesis\/wp-json\/wp\/v2\/posts"}],"about":[{"href":"https:\/\/www.deberes.net\/tesis\/wp-json\/wp\/v2\/types\/post"}],"author":[{"embeddable":true,"href":"https:\/\/www.deberes.net\/tesis\/wp-json\/wp\/v2\/users\/1"}],"replies":[{"embeddable":true,"href":"https:\/\/www.deberes.net\/tesis\/wp-json\/wp\/v2\/comments?post=70377"}],"version-history":[{"count":0,"href":"https:\/\/www.deberes.net\/tesis\/wp-json\/wp\/v2\/posts\/70377\/revisions"}],"wp:attachment":[{"href":"https:\/\/www.deberes.net\/tesis\/wp-json\/wp\/v2\/media?parent=70377"}],"wp:term":[{"taxonomy":"category","embeddable":true,"href":"https:\/\/www.deberes.net\/tesis\/wp-json\/wp\/v2\/categories?post=70377"},{"taxonomy":"post_tag","embeddable":true,"href":"https:\/\/www.deberes.net\/tesis\/wp-json\/wp\/v2\/tags?post=70377"}],"curies":[{"name":"wp","href":"https:\/\/api.w.org\/{rel}","templated":true}]}}