{"id":7042,"date":"1995-01-01T00:00:00","date_gmt":"1995-01-01T00:00:00","guid":{"rendered":"https:\/\/www.deberes.net\/tesis\/1995\/01\/01\/topicos-y-estereotipos-de-extremadura\/"},"modified":"1995-01-01T00:00:00","modified_gmt":"1995-01-01T00:00:00","slug":"topicos-y-estereotipos-de-extremadura","status":"publish","type":"post","link":"https:\/\/www.deberes.net\/tesis\/sociologia\/topicos-y-estereotipos-de-extremadura\/","title":{"rendered":"Topicos y estereotipos de extremadura."},"content":{"rendered":"<h2>Tesis doctoral de <strong>  Diaz Diaz Antonio  V. <\/strong><\/h2>\n<p>Estudio sobre extremadura desde la perspectiva de la psicolog\u00eda social y de los estereotipos. ?Cual es la vision que se tiene o se ha tenido del extreme\u00f1o? ?Como es vista la comunidad autonoma de extremadura, desde otras regiones de espa\u00f1a?, Y ?Por que ello sucede asi, es el objeto principal de esta tesis doctoral. Las conclusiones son multiples y utiles para propiciar una nueva vision de extremadura.  los datos se han conseguido mediante un estudio de campo que trata de verificar la exactitud o falsedad de las atribuciones estereotipadas respecto especialmente de extremadura y del resto de las comunidades autonomas y consistente en la aplicacion muestral de una entrevista-cuestionario estratificado y aleatorio que permitiese medir los rasgos de un diferencial semantico solicitado, y otros mediante las respuestas a traves de un test de asociacion libre.  la ficha tecnica de la encuesta es la siguiente:  fecha realizacion encuesta: junio 1994; muestra: 1.100 entrevistas. Aplicadas a nivel nacional por comunidades, sobrevalorado en extremadura con 100 mas; universo:  comunidades autonomas seleccion: por rutas aleatorias.  procedimiento: entrevista cara a cara con cuestionario formalizado error muestral de +3,5% y un nivel de confianza del 95,5%.<\/p>\n<p>&nbsp;<\/p>\n<h3>Datos acad\u00e9micos de la tesis doctoral \u00ab<strong>Topicos y estereotipos de extremadura.<\/strong>\u00ab<\/h3>\n<ul>\n<li><strong>T\u00edtulo de la tesis:<\/strong>\u00a0 Topicos y estereotipos de extremadura. <\/li>\n<li><strong>Autor:<\/strong>\u00a0  Diaz Diaz Antonio  V. <\/li>\n<li><strong>Universidad:<\/strong>\u00a0 Salamanca<\/li>\n<li><strong>Fecha de lectura de la tesis:<\/strong>\u00a0 01\/01\/1995<\/li>\n<\/ul>\n<p>&nbsp;<\/p>\n<h3>Direcci\u00f3n y tribunal<\/h3>\n<ul>\n<li><strong>Director de la tesis<\/strong>\n<ul>\n<li>Florencio Vicente Castro<\/li>\n<\/ul>\n<\/li>\n<li><strong>Tribunal<\/strong>\n<ul>\n<li>Presidente del tribunal: Jos\u00e9 Luis Vega Vega <\/li>\n<li> Letamendia Perez De San Roman Rosa (vocal)<\/li>\n<li>Jos\u00e9 Luis Rodriguez Molinero (vocal)<\/li>\n<li>Jos\u00e9 Labajos Alonso (vocal)<\/li>\n<\/ul>\n<\/li>\n<\/ul>\n<p>&nbsp;<\/p>\n","protected":false},"excerpt":{"rendered":"<p>Tesis doctoral de Diaz Diaz Antonio V. Estudio sobre extremadura desde la perspectiva de la psicolog\u00eda social y de los [&hellip;]<\/p>\n","protected":false},"author":1,"featured_media":0,"comment_status":"open","ping_status":"open","sticky":false,"template":"","format":"standard","meta":{"site-sidebar-layout":"default","site-content-layout":"","ast-site-content-layout":"","site-content-style":"default","site-sidebar-style":"default","ast-global-header-display":"","ast-banner-title-visibility":"","ast-main-header-display":"","ast-hfb-above-header-display":"","ast-hfb-below-header-display":"","ast-hfb-mobile-header-display":"","site-post-title":"","ast-breadcrumbs-content":"","ast-featured-img":"","footer-sml-layout":"","theme-transparent-header-meta":"","adv-header-id-meta":"","stick-header-meta":"","header-above-stick-meta":"","header-main-stick-meta":"","header-below-stick-meta":"","astra-migrate-meta-layouts":"default","ast-page-background-enabled":"default","ast-page-background-meta":{"desktop":{"background-color":"var(--ast-global-color-4)","background-image":"","background-repeat":"repeat","background-position":"center center","background-size":"auto","background-attachment":"scroll","background-type":"","background-media":"","overlay-type":"","overlay-color":"","overlay-gradient":""},"tablet":{"background-color":"","background-image":"","background-repeat":"repeat","background-position":"center center","background-size":"auto","background-attachment":"scroll","background-type":"","background-media":"","overlay-type":"","overlay-color":"","overlay-gradient":""},"mobile":{"background-color":"","background-image":"","background-repeat":"repeat","background-position":"center center","background-size":"auto","background-attachment":"scroll","background-type":"","background-media":"","overlay-type":"","overlay-color":"","overlay-gradient":""}},"ast-content-background-meta":{"desktop":{"background-color":"var(--ast-global-color-5)","background-image":"","background-repeat":"repeat","background-position":"center center","background-size":"auto","background-attachment":"scroll","background-type":"","background-media":"","overlay-type":"","overlay-color":"","overlay-gradient":""},"tablet":{"background-color":"var(--ast-global-color-5)","background-image":"","background-repeat":"repeat","background-position":"center center","background-size":"auto","background-attachment":"scroll","background-type":"","background-media":"","overlay-type":"","overlay-color":"","overlay-gradient":""},"mobile":{"background-color":"var(--ast-global-color-5)","background-image":"","background-repeat":"repeat","background-position":"center center","background-size":"auto","background-attachment":"scroll","background-type":"","background-media":"","overlay-type":"","overlay-color":"","overlay-gradient":""}},"footnotes":""},"categories":[11204,324,996,9386,269,1495,1496],"tags":[25709,7144,25712,25711,3580,25710],"class_list":["post-7042","post","type-post","status-publish","format-standard","hentry","category-comportamiento-colectivo","category-psicologia","category-psicologia-social","category-salamanca","category-sociologia","category-sociologia-de-la-educacion","category-sociologia-del-trabajo","tag-diaz-diaz-antonio-v","tag-florencio-vicente-castro","tag-jose-labajos-alonso","tag-jose-luis-rodriguez-molinero","tag-jose-luis-vega-vega","tag-letamendia-perez-de-san-roman-rosa"],"_links":{"self":[{"href":"https:\/\/www.deberes.net\/tesis\/wp-json\/wp\/v2\/posts\/7042","targetHints":{"allow":["GET"]}}],"collection":[{"href":"https:\/\/www.deberes.net\/tesis\/wp-json\/wp\/v2\/posts"}],"about":[{"href":"https:\/\/www.deberes.net\/tesis\/wp-json\/wp\/v2\/types\/post"}],"author":[{"embeddable":true,"href":"https:\/\/www.deberes.net\/tesis\/wp-json\/wp\/v2\/users\/1"}],"replies":[{"embeddable":true,"href":"https:\/\/www.deberes.net\/tesis\/wp-json\/wp\/v2\/comments?post=7042"}],"version-history":[{"count":0,"href":"https:\/\/www.deberes.net\/tesis\/wp-json\/wp\/v2\/posts\/7042\/revisions"}],"wp:attachment":[{"href":"https:\/\/www.deberes.net\/tesis\/wp-json\/wp\/v2\/media?parent=7042"}],"wp:term":[{"taxonomy":"category","embeddable":true,"href":"https:\/\/www.deberes.net\/tesis\/wp-json\/wp\/v2\/categories?post=7042"},{"taxonomy":"post_tag","embeddable":true,"href":"https:\/\/www.deberes.net\/tesis\/wp-json\/wp\/v2\/tags?post=7042"}],"curies":[{"name":"wp","href":"https:\/\/api.w.org\/{rel}","templated":true}]}}