{"id":70426,"date":"2018-03-09T23:14:55","date_gmt":"2018-03-09T23:14:55","guid":{"rendered":"https:\/\/www.deberes.net\/tesis\/sin-categoria\/violencia-e-impunidad-en-comunidades-mayas-de-guatemala-la-masacre-de-xaman\/"},"modified":"2018-03-09T23:14:55","modified_gmt":"2018-03-09T23:14:55","slug":"violencia-e-impunidad-en-comunidades-mayas-de-guatemala-la-masacre-de-xaman","status":"publish","type":"post","link":"https:\/\/www.deberes.net\/tesis\/sin-categoria\/violencia-e-impunidad-en-comunidades-mayas-de-guatemala-la-masacre-de-xaman\/","title":{"rendered":"Violencia e impunidad en comunidades mayas de guatemala. la masacre de xaman"},"content":{"rendered":"<h2>Tesis doctoral de <strong> M. Luisa Cabrera P\u00e9rez-armi\u00f1\u00e1n <\/strong><\/h2>\n<p>Este estudio explora con profundidad sistem\u00e1tica el impacto de la injusticia y la violencia del estado en comunidades \u00e9tnico-compesinas de guatemala. se pretende demostrar la comunidad del sufrimiento producido por la violencia de los cr\u00edmenes de estado y la impunidad pol\u00edtico-judicial que inhibe la reparaci\u00f3n por la justicia en guatemala. Se basa en un estudio de caso sobre una masacre colectiva y la b\u00fasqueda de justicia de una comunidad campesina maya, formada en su mayor\u00eda por poblaci\u00f3n retornada del exilio.  dos hip\u00f3tesis generales orientan el estudio:  a,- que la impunidad produce malestar e inclusive enferma, incidiendo negativamente en la salud mental.  b,- que algunas creencias b\u00e1sica sobre el mundo social y los hechos que nos suceden, se alteran por la experiencia de la violencia y la impunidad.  se utiliza un enfoque multim\u00e9todo, de tipo cualitativo y cuantitativo con t\u00e9cnicas de descripci\u00f3n etnogr\u00e1ficas, an\u00e1lisis de discurso y an\u00e1lisis estad\u00edstico.<\/p>\n<p>&nbsp;<\/p>\n<h3>Datos acad\u00e9micos de la tesis doctoral \u00ab<strong>Violencia e impunidad en comunidades mayas de guatemala. la masacre de xaman<\/strong>\u00ab<\/h3>\n<ul>\n<li><strong>T\u00edtulo de la tesis:<\/strong>\u00a0 Violencia e impunidad en comunidades mayas de guatemala. la masacre de xaman <\/li>\n<li><strong>Autor:<\/strong>\u00a0 M. Luisa Cabrera P\u00e9rez-armi\u00f1\u00e1n <\/li>\n<li><strong>Universidad:<\/strong>\u00a0 Complutense de Madrid<\/li>\n<li><strong>Fecha de lectura de la tesis:<\/strong>\u00a0 28\/09\/2004<\/li>\n<\/ul>\n<p>&nbsp;<\/p>\n<h3>Direcci\u00f3n y tribunal<\/h3>\n<ul>\n<li><strong>Director de la tesis<\/strong>\n<ul>\n<li>Tomas Calvo Buezas<\/li>\n<\/ul>\n<\/li>\n<li><strong>Tribunal<\/strong>\n<ul>\n<li>Presidente del tribunal: secundario Valladares fern\u00e1ndez <\/li>\n<li>felipe Ruiz alonso (vocal)<\/li>\n<li>Francisco Morales dom\u00ednguez (vocal)<\/li>\n<li>adela Garz\u00f3n p\u00e9rez (vocal)<\/li>\n<\/ul>\n<\/li>\n<\/ul>\n<p>&nbsp;<\/p>\n","protected":false},"excerpt":{"rendered":"<p>Tesis doctoral de M. Luisa Cabrera P\u00e9rez-armi\u00f1\u00e1n Este estudio explora con profundidad sistem\u00e1tica el impacto de la injusticia y la [&hellip;]<\/p>\n","protected":false},"author":1,"featured_media":0,"comment_status":"open","ping_status":"open","sticky":false,"template":"","format":"standard","meta":{"site-sidebar-layout":"default","site-content-layout":"","ast-site-content-layout":"","site-content-style":"default","site-sidebar-style":"default","ast-global-header-display":"","ast-banner-title-visibility":"","ast-main-header-display":"","ast-hfb-above-header-display":"","ast-hfb-below-header-display":"","ast-hfb-mobile-header-display":"","site-post-title":"","ast-breadcrumbs-content":"","ast-featured-img":"","footer-sml-layout":"","theme-transparent-header-meta":"","adv-header-id-meta":"","stick-header-meta":"","header-above-stick-meta":"","header-main-stick-meta":"","header-below-stick-meta":"","astra-migrate-meta-layouts":"default","ast-page-background-enabled":"default","ast-page-background-meta":{"desktop":{"background-color":"var(--ast-global-color-4)","background-image":"","background-repeat":"repeat","background-position":"center center","background-size":"auto","background-attachment":"scroll","background-type":"","background-media":"","overlay-type":"","overlay-color":"","overlay-gradient":""},"tablet":{"background-color":"","background-image":"","background-repeat":"repeat","background-position":"center center","background-size":"auto","background-attachment":"scroll","background-type":"","background-media":"","overlay-type":"","overlay-color":"","overlay-gradient":""},"mobile":{"background-color":"","background-image":"","background-repeat":"repeat","background-position":"center center","background-size":"auto","background-attachment":"scroll","background-type":"","background-media":"","overlay-type":"","overlay-color":"","overlay-gradient":""}},"ast-content-background-meta":{"desktop":{"background-color":"var(--ast-global-color-5)","background-image":"","background-repeat":"repeat","background-position":"center center","background-size":"auto","background-attachment":"scroll","background-type":"","background-media":"","overlay-type":"","overlay-color":"","overlay-gradient":""},"tablet":{"background-color":"var(--ast-global-color-5)","background-image":"","background-repeat":"repeat","background-position":"center center","background-size":"auto","background-attachment":"scroll","background-type":"","background-media":"","overlay-type":"","overlay-color":"","overlay-gradient":""},"mobile":{"background-color":"var(--ast-global-color-5)","background-image":"","background-repeat":"repeat","background-position":"center center","background-size":"auto","background-attachment":"scroll","background-type":"","background-media":"","overlay-type":"","overlay-color":"","overlay-gradient":""}},"footnotes":""},"categories":[1],"tags":[61647,41656,17384,153793,153794,4933],"class_list":["post-70426","post","type-post","status-publish","format-standard","hentry","category-sin-categoria","tag-adela-garzon-perez","tag-felipe-ruiz-alonso","tag-francisco-morales-dominguez","tag-m-luisa-cabrera-perez-arminan","tag-secundario-valladares-fernandez","tag-tomas-calvo-buezas"],"_links":{"self":[{"href":"https:\/\/www.deberes.net\/tesis\/wp-json\/wp\/v2\/posts\/70426","targetHints":{"allow":["GET"]}}],"collection":[{"href":"https:\/\/www.deberes.net\/tesis\/wp-json\/wp\/v2\/posts"}],"about":[{"href":"https:\/\/www.deberes.net\/tesis\/wp-json\/wp\/v2\/types\/post"}],"author":[{"embeddable":true,"href":"https:\/\/www.deberes.net\/tesis\/wp-json\/wp\/v2\/users\/1"}],"replies":[{"embeddable":true,"href":"https:\/\/www.deberes.net\/tesis\/wp-json\/wp\/v2\/comments?post=70426"}],"version-history":[{"count":0,"href":"https:\/\/www.deberes.net\/tesis\/wp-json\/wp\/v2\/posts\/70426\/revisions"}],"wp:attachment":[{"href":"https:\/\/www.deberes.net\/tesis\/wp-json\/wp\/v2\/media?parent=70426"}],"wp:term":[{"taxonomy":"category","embeddable":true,"href":"https:\/\/www.deberes.net\/tesis\/wp-json\/wp\/v2\/categories?post=70426"},{"taxonomy":"post_tag","embeddable":true,"href":"https:\/\/www.deberes.net\/tesis\/wp-json\/wp\/v2\/tags?post=70426"}],"curies":[{"name":"wp","href":"https:\/\/api.w.org\/{rel}","templated":true}]}}