{"id":70477,"date":"2018-03-09T23:14:58","date_gmt":"2018-03-09T23:14:58","guid":{"rendered":"https:\/\/www.deberes.net\/tesis\/sin-categoria\/analisis-de-la-escuela-como-organizacion-micropola%c2%adtica-estudio-de-un-caso-e-implicaciones-educativas\/"},"modified":"2018-03-09T23:14:58","modified_gmt":"2018-03-09T23:14:58","slug":"analisis-de-la-escuela-como-organizacion-micropola%c2%adtica-estudio-de-un-caso-e-implicaciones-educativas","status":"publish","type":"post","link":"https:\/\/www.deberes.net\/tesis\/pedagogia\/analisis-de-la-escuela-como-organizacion-micropola%c2%adtica-estudio-de-un-caso-e-implicaciones-educativas\/","title":{"rendered":"An\u00e1lisis de la escuela como organizaci\u00f3n micropol\u00edtica. estudio de un caso e implicaciones educativas."},"content":{"rendered":"<h2>Tesis doctoral de <strong> Juan  Manuel Trujillo  Torres <\/strong><\/h2>\n<p>Es necesario establecer un pensamiento dirigido a la profundizaci\u00f3n y estudio de la organizaci\u00f3n educativa considerando su individualidad y particularidad de un modo suficiente que de alg\u00fan modo nos acerque a una valoraci\u00f3n real y objetiva de lo que acontece en su interior. por tanto la investigaci\u00f3n pretende, desde el posicionamiento socio-cr\u00edtico y ecol\u00f3gico, el entendimiento del \u00e1mbito informal de la organizaci\u00f3n, que de manera paralela al \u00e1mbito formal, se conforman como fundamentales para la comprensi\u00f3n correcta del devenir organizativo en nuestros centros educativos. un an\u00e1lisis micropol\u00edtico que se apoya en la mantenida concepci\u00f3n dual de la organizaci\u00f3n: formal e informal, la manifestaci\u00f3n de la naturaleza pol\u00edtica de los miembros de la organizaci\u00f3n, el otorgamiento de voz al profesorado, la noci\u00f3n de la instituci\u00f3n educativa como \u00fanica y diferente y una cr\u00edtica declarada a los organigramas formales de la organizaci\u00f3n. El marco conceptual analiza y desarrolla el poder organizativo, el conflicto, el liderazgo educativo, el clima y la cultura organizacional, la cooperaci\u00f3n, participaci\u00f3n y comportamiento \u00e9tico en las organizaciones y la etnograf\u00eda como referente metodol\u00f3gico. La etnograf\u00eda, como metodolog\u00eda aplicada, reconoce una implicaci\u00f3n directa y part\u00edcipe del investigador en el escenario de acci\u00f3n para comprender, interpretar y transformar la realidad y otorga una importancia real a la voz y participaci\u00f3n de las personas implicadas. La investigaci\u00f3n de campo, previa consideraci\u00f3n del contexto diacr\u00f3nico, ha tomado como instrumentos de investigaci\u00f3n la observaci\u00f3n participante, el diario del investigador, las entrevistas, los cuestionarios, el an\u00e1lisis de actas, el registro anecd\u00f3tico y los grupos de discusi\u00f3n, para en \u00faltima instancia promover un establecimiento de metacategor\u00edas y categor\u00edas resultantes del propio desarrollo metodol\u00f3gico y establecer una posterior triangulaci\u00f3n de datos. Como conclusiones<\/p>\n<p>&nbsp;<\/p>\n<h3>Datos acad\u00e9micos de la tesis doctoral \u00ab<strong>An\u00e1lisis de la escuela como organizaci\u00f3n micropol\u00edtica. estudio de un caso e implicaciones educativas.<\/strong>\u00ab<\/h3>\n<ul>\n<li><strong>T\u00edtulo de la tesis:<\/strong>\u00a0 An\u00e1lisis de la escuela como organizaci\u00f3n micropol\u00edtica. estudio de un caso e implicaciones educativas. <\/li>\n<li><strong>Autor:<\/strong>\u00a0 Juan  Manuel Trujillo  Torres <\/li>\n<li><strong>Universidad:<\/strong>\u00a0 Granada<\/li>\n<li><strong>Fecha de lectura de la tesis:<\/strong>\u00a0 28\/09\/2004<\/li>\n<\/ul>\n<p>&nbsp;<\/p>\n<h3>Direcci\u00f3n y tribunal<\/h3>\n<ul>\n<li><strong>Director de la tesis<\/strong>\n<ul>\n<li>Manuel Lorenzo Delgado<\/li>\n<\/ul>\n<\/li>\n<li><strong>Tribunal<\/strong>\n<ul>\n<li>Presidente del tribunal: Joaquin Gairin Sallan <\/li>\n<li> Bernal Agudo Jos\u00e9 Luis (vocal)<\/li>\n<li> Morales Lozano Juan  Antonio (vocal)<\/li>\n<li>Antonio Chac\u00f3n Medina (vocal)<\/li>\n<\/ul>\n<\/li>\n<\/ul>\n<p>&nbsp;<\/p>\n","protected":false},"excerpt":{"rendered":"<p>Tesis doctoral de Juan Manuel Trujillo Torres Es necesario establecer un pensamiento dirigido a la profundizaci\u00f3n y estudio de la [&hellip;]<\/p>\n","protected":false},"author":1,"featured_media":0,"comment_status":"open","ping_status":"open","sticky":false,"template":"","format":"standard","meta":{"site-sidebar-layout":"default","site-content-layout":"","ast-site-content-layout":"","site-content-style":"default","site-sidebar-style":"default","ast-global-header-display":"","ast-banner-title-visibility":"","ast-main-header-display":"","ast-hfb-above-header-display":"","ast-hfb-below-header-display":"","ast-hfb-mobile-header-display":"","site-post-title":"","ast-breadcrumbs-content":"","ast-featured-img":"","footer-sml-layout":"","theme-transparent-header-meta":"","adv-header-id-meta":"","stick-header-meta":"","header-above-stick-meta":"","header-main-stick-meta":"","header-below-stick-meta":"","astra-migrate-meta-layouts":"default","ast-page-background-enabled":"default","ast-page-background-meta":{"desktop":{"background-color":"var(--ast-global-color-4)","background-image":"","background-repeat":"repeat","background-position":"center center","background-size":"auto","background-attachment":"scroll","background-type":"","background-media":"","overlay-type":"","overlay-color":"","overlay-gradient":""},"tablet":{"background-color":"","background-image":"","background-repeat":"repeat","background-position":"center center","background-size":"auto","background-attachment":"scroll","background-type":"","background-media":"","overlay-type":"","overlay-color":"","overlay-gradient":""},"mobile":{"background-color":"","background-image":"","background-repeat":"repeat","background-position":"center center","background-size":"auto","background-attachment":"scroll","background-type":"","background-media":"","overlay-type":"","overlay-color":"","overlay-gradient":""}},"ast-content-background-meta":{"desktop":{"background-color":"var(--ast-global-color-5)","background-image":"","background-repeat":"repeat","background-position":"center center","background-size":"auto","background-attachment":"scroll","background-type":"","background-media":"","overlay-type":"","overlay-color":"","overlay-gradient":""},"tablet":{"background-color":"var(--ast-global-color-5)","background-image":"","background-repeat":"repeat","background-position":"center center","background-size":"auto","background-attachment":"scroll","background-type":"","background-media":"","overlay-type":"","overlay-color":"","overlay-gradient":""},"mobile":{"background-color":"var(--ast-global-color-5)","background-image":"","background-repeat":"repeat","background-position":"center center","background-size":"auto","background-attachment":"scroll","background-type":"","background-media":"","overlay-type":"","overlay-color":"","overlay-gradient":""}},"footnotes":""},"categories":[7611,1184,1141],"tags":[52875,67255,6624,153883,8686,58577],"class_list":["post-70477","post","type-post","status-publish","format-standard","hentry","category-organizacion-y-direccion-de-las-instituciones-educativas","category-organizacion-y-planificacion-de-la-educacion","category-pedagogia","tag-antonio-chacon-medina","tag-bernal-agudo-jose-luis","tag-joaquin-gairin-sallan","tag-juan-manuel-trujillo-torres","tag-manuel-lorenzo-delgado","tag-morales-lozano-juan-antonio"],"_links":{"self":[{"href":"https:\/\/www.deberes.net\/tesis\/wp-json\/wp\/v2\/posts\/70477","targetHints":{"allow":["GET"]}}],"collection":[{"href":"https:\/\/www.deberes.net\/tesis\/wp-json\/wp\/v2\/posts"}],"about":[{"href":"https:\/\/www.deberes.net\/tesis\/wp-json\/wp\/v2\/types\/post"}],"author":[{"embeddable":true,"href":"https:\/\/www.deberes.net\/tesis\/wp-json\/wp\/v2\/users\/1"}],"replies":[{"embeddable":true,"href":"https:\/\/www.deberes.net\/tesis\/wp-json\/wp\/v2\/comments?post=70477"}],"version-history":[{"count":0,"href":"https:\/\/www.deberes.net\/tesis\/wp-json\/wp\/v2\/posts\/70477\/revisions"}],"wp:attachment":[{"href":"https:\/\/www.deberes.net\/tesis\/wp-json\/wp\/v2\/media?parent=70477"}],"wp:term":[{"taxonomy":"category","embeddable":true,"href":"https:\/\/www.deberes.net\/tesis\/wp-json\/wp\/v2\/categories?post=70477"},{"taxonomy":"post_tag","embeddable":true,"href":"https:\/\/www.deberes.net\/tesis\/wp-json\/wp\/v2\/tags?post=70477"}],"curies":[{"name":"wp","href":"https:\/\/api.w.org\/{rel}","templated":true}]}}