{"id":7049,"date":"1995-01-01T00:00:00","date_gmt":"1995-01-01T00:00:00","guid":{"rendered":"https:\/\/www.deberes.net\/tesis\/1995\/01\/01\/estudio-farmacocinetico-de-la-interaccion-etinilestradiol-amoxicilina\/"},"modified":"1995-01-01T00:00:00","modified_gmt":"1995-01-01T00:00:00","slug":"estudio-farmacocinetico-de-la-interaccion-etinilestradiol-amoxicilina","status":"publish","type":"post","link":"https:\/\/www.deberes.net\/tesis\/ciencias-medicas\/estudio-farmacocinetico-de-la-interaccion-etinilestradiol-amoxicilina\/","title":{"rendered":"Estudio farmacocinetico de la interaccion etinilestradiol-amoxicilina."},"content":{"rendered":"<h2>Tesis doctoral de <strong>  Fernandez Martinez M. Nelida <\/strong><\/h2>\n<p>En la presente memoria experimental se ha realizado un estudio de la farmacocinetica del etinilestradiol tras su administracion intravenosa a conejas. Asi mismo, se ha estudiado la modificacion que produce la amoxicilina cuando se administra por via intravenosa y oral, en sus parametros farmacocineticos. Por otra parte, se ha puesto a punto una tecnica para determinar el estrogeno en plasma por cromatografia liquida de alta eficacia (hplc) con deteccion electroquimica. Mediante el metodo de hplc se pueden determinar niveles de 0,04 ng\/ml en plasma a partir de muestras de 1 ml.  la farmacocinetica del etinilestradiol tiene unas claras caracteristicas bicompartimentales. Segun indican las constantes de distribucion y eliminacion y los elevados valores del volumen de distribucion, el compuesto tiene mayor tendencia a distribuirse hacia el compartimento periferico que a retornar al central y eliminarse. La presencia de amoxicilina, administrada tanto por via intravenosa como por via oral, no afecta de forma significativa a la farmacocinetica del etinilestradiol cuando se administra por via intravenosa.<\/p>\n<p>&nbsp;<\/p>\n<h3>Datos acad\u00e9micos de la tesis doctoral \u00ab<strong>Estudio farmacocinetico de la interaccion etinilestradiol-amoxicilina.<\/strong>\u00ab<\/h3>\n<ul>\n<li><strong>T\u00edtulo de la tesis:<\/strong>\u00a0 Estudio farmacocinetico de la interaccion etinilestradiol-amoxicilina. <\/li>\n<li><strong>Autor:<\/strong>\u00a0  Fernandez Martinez M. Nelida <\/li>\n<li><strong>Universidad:<\/strong>\u00a0 Salamanca<\/li>\n<li><strong>Fecha de lectura de la tesis:<\/strong>\u00a0 01\/01\/1995<\/li>\n<\/ul>\n<p>&nbsp;<\/p>\n<h3>Direcci\u00f3n y tribunal<\/h3>\n<ul>\n<li><strong>Director de la tesis<\/strong>\n<ul>\n<li>Matilde Sierra Vega<\/li>\n<\/ul>\n<\/li>\n<li><strong>Tribunal<\/strong>\n<ul>\n<li>Presidente del tribunal: Emilio Ballesteros Moreno <\/li>\n<li> Garcia Sanchez M. Jos\u00e9 (vocal)<\/li>\n<li> Teran Somaza M. T. (vocal)<\/li>\n<li>Mar\u00eda Jos\u00e9 D\u00edez  Li\u00e9bana (vocal)<\/li>\n<\/ul>\n<\/li>\n<\/ul>\n<p>&nbsp;<\/p>\n","protected":false},"excerpt":{"rendered":"<p>Tesis doctoral de Fernandez Martinez M. Nelida En la presente memoria experimental se ha realizado un estudio de la farmacocinetica [&hellip;]<\/p>\n","protected":false},"author":1,"featured_media":0,"comment_status":"open","ping_status":"open","sticky":false,"template":"","format":"standard","meta":{"site-sidebar-layout":"default","site-content-layout":"","ast-site-content-layout":"","site-content-style":"default","site-sidebar-style":"default","ast-global-header-display":"","ast-banner-title-visibility":"","ast-main-header-display":"","ast-hfb-above-header-display":"","ast-hfb-below-header-display":"","ast-hfb-mobile-header-display":"","site-post-title":"","ast-breadcrumbs-content":"","ast-featured-img":"","footer-sml-layout":"","theme-transparent-header-meta":"","adv-header-id-meta":"","stick-header-meta":"","header-above-stick-meta":"","header-main-stick-meta":"","header-below-stick-meta":"","astra-migrate-meta-layouts":"default","ast-page-background-enabled":"default","ast-page-background-meta":{"desktop":{"background-color":"var(--ast-global-color-4)","background-image":"","background-repeat":"repeat","background-position":"center center","background-size":"auto","background-attachment":"scroll","background-type":"","background-media":"","overlay-type":"","overlay-color":"","overlay-gradient":""},"tablet":{"background-color":"","background-image":"","background-repeat":"repeat","background-position":"center center","background-size":"auto","background-attachment":"scroll","background-type":"","background-media":"","overlay-type":"","overlay-color":"","overlay-gradient":""},"mobile":{"background-color":"","background-image":"","background-repeat":"repeat","background-position":"center center","background-size":"auto","background-attachment":"scroll","background-type":"","background-media":"","overlay-type":"","overlay-color":"","overlay-gradient":""}},"ast-content-background-meta":{"desktop":{"background-color":"var(--ast-global-color-5)","background-image":"","background-repeat":"repeat","background-position":"center center","background-size":"auto","background-attachment":"scroll","background-type":"","background-media":"","overlay-type":"","overlay-color":"","overlay-gradient":""},"tablet":{"background-color":"var(--ast-global-color-5)","background-image":"","background-repeat":"repeat","background-position":"center center","background-size":"auto","background-attachment":"scroll","background-type":"","background-media":"","overlay-type":"","overlay-color":"","overlay-gradient":""},"mobile":{"background-color":"var(--ast-global-color-5)","background-image":"","background-repeat":"repeat","background-position":"center center","background-size":"auto","background-attachment":"scroll","background-type":"","background-media":"","overlay-type":"","overlay-color":"","overlay-gradient":""}},"footnotes":""},"categories":[9,189,483,9386],"tags":[5677,25730,3756,22517,24997,25731],"class_list":["post-7049","post","type-post","status-publish","format-standard","hentry","category-ciencias-medicas","category-farmacodinamia","category-mecanismos-de-accion-de-los-farmacos","category-salamanca","tag-emilio-ballesteros-moreno","tag-fernandez-Martinez-m-nelida","tag-garcia-sanchez-m-jose","tag-maria-jose-diez-liebana","tag-matilde-sierra-vega","tag-teran-somaza-m-t"],"_links":{"self":[{"href":"https:\/\/www.deberes.net\/tesis\/wp-json\/wp\/v2\/posts\/7049","targetHints":{"allow":["GET"]}}],"collection":[{"href":"https:\/\/www.deberes.net\/tesis\/wp-json\/wp\/v2\/posts"}],"about":[{"href":"https:\/\/www.deberes.net\/tesis\/wp-json\/wp\/v2\/types\/post"}],"author":[{"embeddable":true,"href":"https:\/\/www.deberes.net\/tesis\/wp-json\/wp\/v2\/users\/1"}],"replies":[{"embeddable":true,"href":"https:\/\/www.deberes.net\/tesis\/wp-json\/wp\/v2\/comments?post=7049"}],"version-history":[{"count":0,"href":"https:\/\/www.deberes.net\/tesis\/wp-json\/wp\/v2\/posts\/7049\/revisions"}],"wp:attachment":[{"href":"https:\/\/www.deberes.net\/tesis\/wp-json\/wp\/v2\/media?parent=7049"}],"wp:term":[{"taxonomy":"category","embeddable":true,"href":"https:\/\/www.deberes.net\/tesis\/wp-json\/wp\/v2\/categories?post=7049"},{"taxonomy":"post_tag","embeddable":true,"href":"https:\/\/www.deberes.net\/tesis\/wp-json\/wp\/v2\/tags?post=7049"}],"curies":[{"name":"wp","href":"https:\/\/api.w.org\/{rel}","templated":true}]}}