{"id":70493,"date":"2018-03-09T23:14:58","date_gmt":"2018-03-09T23:14:58","guid":{"rendered":"https:\/\/www.deberes.net\/tesis\/sin-categoria\/estudio-longitudinal-del-crecimiento-craneofacial-en-pacientes-con-el-sa%c2%adndrome-de-down\/"},"modified":"2018-03-09T23:14:58","modified_gmt":"2018-03-09T23:14:58","slug":"estudio-longitudinal-del-crecimiento-craneofacial-en-pacientes-con-el-sa%c2%adndrome-de-down","status":"publish","type":"post","link":"https:\/\/www.deberes.net\/tesis\/sin-categoria\/estudio-longitudinal-del-crecimiento-craneofacial-en-pacientes-con-el-sa%c2%adndrome-de-down\/","title":{"rendered":"Estudio longitudinal del crecimiento craneofacial en pacientes con el s\u00edndrome de down."},"content":{"rendered":"<h2>Tesis doctoral de <strong> Jos\u00e9 Lorenzo Pern\u00eda <\/strong><\/h2>\n<p>Se ha estudiado los cambios \u00f3seos que tienen lugar por crecimiento espont\u00e1neo en una muestra longitudinal de 47 individuos con s\u00edndrome de down mediante telerradiograf\u00edas laterales de cr\u00e1neo seriadas.  se evaluaron 47 par\u00e1metros cefalom\u00e9tricos , la mayor\u00eda pertenecientes a los an\u00e1lisis de steiner, ricketts y mcnamana, adem\u00e1s de otros 16 par\u00e1metros obtenidos en tres \u00e1reas de superposici\u00f3n (base craneal,maxilar y mand\u00edbula).  llegamos a la conclusi\u00f3n de que el crecimiento craneofacial en estos individuos entre los 8 y 18 a\u00f1os de edad, si bien en t\u00e9rminos generales es comparable al de los individuos que tienen una dotaci\u00f3n gen\u00e9rica normal, en su conjunto es m\u00e1s reducido, presentando hipoplasia craneal,maxilar y en menor grado mandibular.<\/p>\n<p>&nbsp;<\/p>\n<h3>Datos acad\u00e9micos de la tesis doctoral \u00ab<strong>Estudio longitudinal del crecimiento craneofacial en pacientes con el s\u00edndrome de down.<\/strong>\u00ab<\/h3>\n<ul>\n<li><strong>T\u00edtulo de la tesis:<\/strong>\u00a0 Estudio longitudinal del crecimiento craneofacial en pacientes con el s\u00edndrome de down. <\/li>\n<li><strong>Autor:<\/strong>\u00a0 Jos\u00e9 Lorenzo Pern\u00eda <\/li>\n<li><strong>Universidad:<\/strong>\u00a0 Complutense de Madrid<\/li>\n<li><strong>Fecha de lectura de la tesis:<\/strong>\u00a0 29\/09\/2004<\/li>\n<\/ul>\n<p>&nbsp;<\/p>\n<h3>Direcci\u00f3n y tribunal<\/h3>\n<ul>\n<li><strong>Director de la tesis<\/strong>\n<ul>\n<li>Juan  Jos\u00e9 Ali\u00f3 Sanz<\/li>\n<\/ul>\n<\/li>\n<li><strong>Tribunal<\/strong>\n<ul>\n<li>Presidente del tribunal: rafael Rioboo garcia <\/li>\n<li>mario Men\u00e9ndez nu\u00f1ez (vocal)<\/li>\n<li>Juan  Carlos Palma fernandez (vocal)<\/li>\n<li>enrique Solano reina (vocal)<\/li>\n<\/ul>\n<\/li>\n<\/ul>\n<p>&nbsp;<\/p>\n","protected":false},"excerpt":{"rendered":"<p>Tesis doctoral de Jos\u00e9 Lorenzo Pern\u00eda Se ha estudiado los cambios \u00f3seos que tienen lugar por crecimiento espont\u00e1neo en una [&hellip;]<\/p>\n","protected":false},"author":1,"featured_media":0,"comment_status":"open","ping_status":"open","sticky":false,"template":"","format":"standard","meta":{"site-sidebar-layout":"default","site-content-layout":"","ast-site-content-layout":"","site-content-style":"default","site-sidebar-style":"default","ast-global-header-display":"","ast-banner-title-visibility":"","ast-main-header-display":"","ast-hfb-above-header-display":"","ast-hfb-below-header-display":"","ast-hfb-mobile-header-display":"","site-post-title":"","ast-breadcrumbs-content":"","ast-featured-img":"","footer-sml-layout":"","theme-transparent-header-meta":"","adv-header-id-meta":"","stick-header-meta":"","header-above-stick-meta":"","header-main-stick-meta":"","header-below-stick-meta":"","astra-migrate-meta-layouts":"default","ast-page-background-enabled":"default","ast-page-background-meta":{"desktop":{"background-color":"var(--ast-global-color-4)","background-image":"","background-repeat":"repeat","background-position":"center center","background-size":"auto","background-attachment":"scroll","background-type":"","background-media":"","overlay-type":"","overlay-color":"","overlay-gradient":""},"tablet":{"background-color":"","background-image":"","background-repeat":"repeat","background-position":"center center","background-size":"auto","background-attachment":"scroll","background-type":"","background-media":"","overlay-type":"","overlay-color":"","overlay-gradient":""},"mobile":{"background-color":"","background-image":"","background-repeat":"repeat","background-position":"center center","background-size":"auto","background-attachment":"scroll","background-type":"","background-media":"","overlay-type":"","overlay-color":"","overlay-gradient":""}},"ast-content-background-meta":{"desktop":{"background-color":"var(--ast-global-color-5)","background-image":"","background-repeat":"repeat","background-position":"center center","background-size":"auto","background-attachment":"scroll","background-type":"","background-media":"","overlay-type":"","overlay-color":"","overlay-gradient":""},"tablet":{"background-color":"var(--ast-global-color-5)","background-image":"","background-repeat":"repeat","background-position":"center center","background-size":"auto","background-attachment":"scroll","background-type":"","background-media":"","overlay-type":"","overlay-color":"","overlay-gradient":""},"mobile":{"background-color":"var(--ast-global-color-5)","background-image":"","background-repeat":"repeat","background-position":"center center","background-size":"auto","background-attachment":"scroll","background-type":"","background-media":"","overlay-type":"","overlay-color":"","overlay-gradient":""}},"footnotes":""},"categories":[1],"tags":[12167,153917,21769,72877,21766,23399],"class_list":["post-70493","post","type-post","status-publish","format-standard","hentry","category-sin-categoria","tag-enrique-solano-reina","tag-jose-lorenzo-pernia","tag-juan-carlos-palma-fernandez","tag-juan-jose-alio-sanz","tag-mario-menendez-nunez","tag-rafael-rioboo-garcia"],"_links":{"self":[{"href":"https:\/\/www.deberes.net\/tesis\/wp-json\/wp\/v2\/posts\/70493","targetHints":{"allow":["GET"]}}],"collection":[{"href":"https:\/\/www.deberes.net\/tesis\/wp-json\/wp\/v2\/posts"}],"about":[{"href":"https:\/\/www.deberes.net\/tesis\/wp-json\/wp\/v2\/types\/post"}],"author":[{"embeddable":true,"href":"https:\/\/www.deberes.net\/tesis\/wp-json\/wp\/v2\/users\/1"}],"replies":[{"embeddable":true,"href":"https:\/\/www.deberes.net\/tesis\/wp-json\/wp\/v2\/comments?post=70493"}],"version-history":[{"count":0,"href":"https:\/\/www.deberes.net\/tesis\/wp-json\/wp\/v2\/posts\/70493\/revisions"}],"wp:attachment":[{"href":"https:\/\/www.deberes.net\/tesis\/wp-json\/wp\/v2\/media?parent=70493"}],"wp:term":[{"taxonomy":"category","embeddable":true,"href":"https:\/\/www.deberes.net\/tesis\/wp-json\/wp\/v2\/categories?post=70493"},{"taxonomy":"post_tag","embeddable":true,"href":"https:\/\/www.deberes.net\/tesis\/wp-json\/wp\/v2\/tags?post=70493"}],"curies":[{"name":"wp","href":"https:\/\/api.w.org\/{rel}","templated":true}]}}