{"id":70497,"date":"2018-03-09T23:15:02","date_gmt":"2018-03-09T23:15:02","guid":{"rendered":"https:\/\/www.deberes.net\/tesis\/sin-categoria\/analisis-de-los-efectos-ortopedicos-y-ortodoncicos-producidos-por-el-anclaje-extraoral-estudio-longitudinal\/"},"modified":"2018-03-09T23:15:02","modified_gmt":"2018-03-09T23:15:02","slug":"analisis-de-los-efectos-ortopedicos-y-ortodoncicos-producidos-por-el-anclaje-extraoral-estudio-longitudinal","status":"publish","type":"post","link":"https:\/\/www.deberes.net\/tesis\/sin-categoria\/analisis-de-los-efectos-ortopedicos-y-ortodoncicos-producidos-por-el-anclaje-extraoral-estudio-longitudinal\/","title":{"rendered":"An\u00e1lisis de los efectos ortop\u00e9dicos y ortod\u00f3ncicos producidos por el anclaje extraoral. estudio longitudinal"},"content":{"rendered":"<h2>Tesis doctoral de <strong>  Iglesias Conde M. Del Carmen <\/strong><\/h2>\n<p>En este estudio se eval\u00faa los defectos ortod\u00f3nticos y ortop\u00e9dicos del anclaje extraoral de tiro cervical en una muestra de 41 pacientes con clase ii esquel\u00e9tica mediante telerradiograf\u00edas laterales de cr\u00e1neo.  se obtuvo una retrusi\u00f3n media de 0.64 mm\/a\u00f1o en el punto a y no se observaron rotaciones maxilares ni mandibulares en el plano sagital.<\/p>\n<p>&nbsp;<\/p>\n<h3>Datos acad\u00e9micos de la tesis doctoral \u00ab<strong>An\u00e1lisis de los efectos ortop\u00e9dicos y ortod\u00f3ncicos producidos por el anclaje extraoral. estudio longitudinal<\/strong>\u00ab<\/h3>\n<ul>\n<li><strong>T\u00edtulo de la tesis:<\/strong>\u00a0 An\u00e1lisis de los efectos ortop\u00e9dicos y ortod\u00f3ncicos producidos por el anclaje extraoral. estudio longitudinal <\/li>\n<li><strong>Autor:<\/strong>\u00a0  Iglesias Conde M. Del Carmen <\/li>\n<li><strong>Universidad:<\/strong>\u00a0 Complutense de Madrid<\/li>\n<li><strong>Fecha de lectura de la tesis:<\/strong>\u00a0 29\/09\/2004<\/li>\n<\/ul>\n<p>&nbsp;<\/p>\n<h3>Direcci\u00f3n y tribunal<\/h3>\n<ul>\n<li><strong>Director de la tesis<\/strong>\n<ul>\n<li>Juan  Jos\u00e9 Ali\u00f3 Sanz<\/li>\n<\/ul>\n<\/li>\n<li><strong>Tribunal<\/strong>\n<ul>\n<li>Presidente del tribunal: rafael Rioboo garcia <\/li>\n<li>mario Men\u00e9ndez nu\u00f1ez (vocal)<\/li>\n<li>Juan  Carlos Palma fernandez (vocal)<\/li>\n<li>enrique Solano reina (vocal)<\/li>\n<\/ul>\n<\/li>\n<\/ul>\n<p>&nbsp;<\/p>\n","protected":false},"excerpt":{"rendered":"<p>Tesis doctoral de Iglesias Conde M. Del Carmen En este estudio se eval\u00faa los defectos ortod\u00f3nticos y ortop\u00e9dicos del anclaje [&hellip;]<\/p>\n","protected":false},"author":1,"featured_media":0,"comment_status":"open","ping_status":"open","sticky":false,"template":"","format":"standard","meta":{"site-sidebar-layout":"default","site-content-layout":"","ast-site-content-layout":"","site-content-style":"default","site-sidebar-style":"default","ast-global-header-display":"","ast-banner-title-visibility":"","ast-main-header-display":"","ast-hfb-above-header-display":"","ast-hfb-below-header-display":"","ast-hfb-mobile-header-display":"","site-post-title":"","ast-breadcrumbs-content":"","ast-featured-img":"","footer-sml-layout":"","theme-transparent-header-meta":"","adv-header-id-meta":"","stick-header-meta":"","header-above-stick-meta":"","header-main-stick-meta":"","header-below-stick-meta":"","astra-migrate-meta-layouts":"default","ast-page-background-enabled":"default","ast-page-background-meta":{"desktop":{"background-color":"var(--ast-global-color-4)","background-image":"","background-repeat":"repeat","background-position":"center center","background-size":"auto","background-attachment":"scroll","background-type":"","background-media":"","overlay-type":"","overlay-color":"","overlay-gradient":""},"tablet":{"background-color":"","background-image":"","background-repeat":"repeat","background-position":"center center","background-size":"auto","background-attachment":"scroll","background-type":"","background-media":"","overlay-type":"","overlay-color":"","overlay-gradient":""},"mobile":{"background-color":"","background-image":"","background-repeat":"repeat","background-position":"center center","background-size":"auto","background-attachment":"scroll","background-type":"","background-media":"","overlay-type":"","overlay-color":"","overlay-gradient":""}},"ast-content-background-meta":{"desktop":{"background-color":"var(--ast-global-color-5)","background-image":"","background-repeat":"repeat","background-position":"center center","background-size":"auto","background-attachment":"scroll","background-type":"","background-media":"","overlay-type":"","overlay-color":"","overlay-gradient":""},"tablet":{"background-color":"var(--ast-global-color-5)","background-image":"","background-repeat":"repeat","background-position":"center center","background-size":"auto","background-attachment":"scroll","background-type":"","background-media":"","overlay-type":"","overlay-color":"","overlay-gradient":""},"mobile":{"background-color":"var(--ast-global-color-5)","background-image":"","background-repeat":"repeat","background-position":"center center","background-size":"auto","background-attachment":"scroll","background-type":"","background-media":"","overlay-type":"","overlay-color":"","overlay-gradient":""}},"footnotes":""},"categories":[1],"tags":[12167,153924,21769,72877,21766,23399],"class_list":["post-70497","post","type-post","status-publish","format-standard","hentry","category-sin-categoria","tag-enrique-solano-reina","tag-iglesias-conde-m-del-carmen","tag-juan-carlos-palma-fernandez","tag-juan-jose-alio-sanz","tag-mario-menendez-nunez","tag-rafael-rioboo-garcia"],"_links":{"self":[{"href":"https:\/\/www.deberes.net\/tesis\/wp-json\/wp\/v2\/posts\/70497","targetHints":{"allow":["GET"]}}],"collection":[{"href":"https:\/\/www.deberes.net\/tesis\/wp-json\/wp\/v2\/posts"}],"about":[{"href":"https:\/\/www.deberes.net\/tesis\/wp-json\/wp\/v2\/types\/post"}],"author":[{"embeddable":true,"href":"https:\/\/www.deberes.net\/tesis\/wp-json\/wp\/v2\/users\/1"}],"replies":[{"embeddable":true,"href":"https:\/\/www.deberes.net\/tesis\/wp-json\/wp\/v2\/comments?post=70497"}],"version-history":[{"count":0,"href":"https:\/\/www.deberes.net\/tesis\/wp-json\/wp\/v2\/posts\/70497\/revisions"}],"wp:attachment":[{"href":"https:\/\/www.deberes.net\/tesis\/wp-json\/wp\/v2\/media?parent=70497"}],"wp:term":[{"taxonomy":"category","embeddable":true,"href":"https:\/\/www.deberes.net\/tesis\/wp-json\/wp\/v2\/categories?post=70497"},{"taxonomy":"post_tag","embeddable":true,"href":"https:\/\/www.deberes.net\/tesis\/wp-json\/wp\/v2\/tags?post=70497"}],"curies":[{"name":"wp","href":"https:\/\/api.w.org\/{rel}","templated":true}]}}