{"id":70559,"date":"2018-03-09T23:15:06","date_gmt":"2018-03-09T23:15:06","guid":{"rendered":"https:\/\/www.deberes.net\/tesis\/sin-categoria\/tratamiento-grupal-de-la-ansiedad-en-atencion-primaria-de-la-salud-variables-moduladoras-de-la-eficacia-terapeutica\/"},"modified":"2018-03-09T23:15:06","modified_gmt":"2018-03-09T23:15:06","slug":"tratamiento-grupal-de-la-ansiedad-en-atencion-primaria-de-la-salud-variables-moduladoras-de-la-eficacia-terapeutica","status":"publish","type":"post","link":"https:\/\/www.deberes.net\/tesis\/sin-categoria\/tratamiento-grupal-de-la-ansiedad-en-atencion-primaria-de-la-salud-variables-moduladoras-de-la-eficacia-terapeutica\/","title":{"rendered":"Tratamiento grupal de la ansiedad en atenci\u00f3n primaria de la salud. variables moduladoras de la eficacia terap\u00e9utica."},"content":{"rendered":"<h2>Tesis doctoral de <strong> Juan  Manuel Ramos Mart\u00edn <\/strong><\/h2>\n<p>Se estima en torno al 25% la preValencia vital de la poblaci\u00f3n espa\u00f1ola que sufre un trastorno de ansiedad. Y es de unos 9 a\u00f1os el retraso con que se busca ayuda profesional, cuando la patolog\u00eda se exacerba. Siendo la atenci\u00f3n primaria la \u00abpuerta de entrada\u00bb al sistema sanitario, ser\u00eda preciso mejorar el proceso de diagn\u00f3stico y tratamiento o derivaci\u00f3n para conseguir una eficaz prevenci\u00f3n del agravamiento de la patolog\u00eda ansiosa.  el desarrollo e implementaci\u00f3n de un proyecto de integraci\u00f3n entre salud mental y atenci\u00f3n primaria para la detecci\u00f3n precoz y el tratamiento temprano de los problemas de ansiedad sirve de base para nuestro trabajo, que pretende examinar, en primer lugar, la eficacia de un tratamiento grupal de orientaci\u00f3n cognitivo-conductual y, en segundo lugar, algunas variables que modulan tal eficacia.  el grupo de tratamiento consigue, frente al grupo de control, rebajar el nivel inicial de \u00abansiedad severa\u00bb (percentil 80-85) a una \u00abansiedad moderada-marcada\u00bb (percentil 55), seg\u00fan puntuaci\u00f3n en el cuestionario de autoinforme isra. tambi\u00e9n reduce la sintomatolog\u00eda depresiva de \u00abligera\u00bb a \u00abinexistente\u00bb (bdi).  se observa un fuerte \u00abefecto del nivel previo\u00bb: a mayor grado de ansiedad previa, mayor beneficio terap\u00e9utico. Hallamos que las mujeres y los j\u00f3venes se benefician m\u00e1s en el sistema de respuesta fisiol\u00f3gico. Los independientes de campo (seg\u00fan puntuaci\u00f3n en el geft) se benefician m\u00e1s en el sistema de respuesta cognitivo.  se discute cr\u00edticamente el \u00abefecto de integraci\u00f3n\u00bb, seg\u00fan el cual la concordancia entre los tres sistemas de respuesta tendr\u00eda un favorable valor predictivo, y se propone una jerarquizaci\u00f3n de variables que habr\u00edan de ser examinadas desde una perspectiva m\u00e1s molecular.<\/p>\n<p>&nbsp;<\/p>\n<h3>Datos acad\u00e9micos de la tesis doctoral \u00ab<strong>Tratamiento grupal de la ansiedad en atenci\u00f3n primaria de la salud. variables moduladoras de la eficacia terap\u00e9utica.<\/strong>\u00ab<\/h3>\n<ul>\n<li><strong>T\u00edtulo de la tesis:<\/strong>\u00a0 Tratamiento grupal de la ansiedad en atenci\u00f3n primaria de la salud. variables moduladoras de la eficacia terap\u00e9utica. <\/li>\n<li><strong>Autor:<\/strong>\u00a0 Juan  Manuel Ramos Mart\u00edn <\/li>\n<li><strong>Universidad:<\/strong>\u00a0 Aut\u00f3noma de Madrid<\/li>\n<li><strong>Fecha de lectura de la tesis:<\/strong>\u00a0 30\/09\/2004<\/li>\n<\/ul>\n<p>&nbsp;<\/p>\n<h3>Direcci\u00f3n y tribunal<\/h3>\n<ul>\n<li><strong>Director de la tesis<\/strong>\n<ul>\n<li>Jos\u00e9 Antonio Carrobles Isabel<\/li>\n<\/ul>\n<\/li>\n<li><strong>Tribunal<\/strong>\n<ul>\n<li>Presidente del tribunal: Juan  Francisco Godoy Garc\u00eda <\/li>\n<li>Francisco Javier Mendez carrillo (vocal)<\/li>\n<li>Javier P\u00e9rez pareja (vocal)<\/li>\n<li>bernardo Moreno jim\u00e9nez (vocal)<\/li>\n<\/ul>\n<\/li>\n<\/ul>\n<p>&nbsp;<\/p>\n","protected":false},"excerpt":{"rendered":"<p>Tesis doctoral de Juan Manuel Ramos Mart\u00edn Se estima en torno al 25% la preValencia vital de la poblaci\u00f3n espa\u00f1ola [&hellip;]<\/p>\n","protected":false},"author":1,"featured_media":0,"comment_status":"open","ping_status":"open","sticky":false,"template":"","format":"standard","meta":{"site-sidebar-layout":"default","site-content-layout":"","ast-site-content-layout":"","site-content-style":"default","site-sidebar-style":"default","ast-global-header-display":"","ast-banner-title-visibility":"","ast-main-header-display":"","ast-hfb-above-header-display":"","ast-hfb-below-header-display":"","ast-hfb-mobile-header-display":"","site-post-title":"","ast-breadcrumbs-content":"","ast-featured-img":"","footer-sml-layout":"","theme-transparent-header-meta":"","adv-header-id-meta":"","stick-header-meta":"","header-above-stick-meta":"","header-main-stick-meta":"","header-below-stick-meta":"","astra-migrate-meta-layouts":"default","ast-page-background-enabled":"default","ast-page-background-meta":{"desktop":{"background-color":"var(--ast-global-color-4)","background-image":"","background-repeat":"repeat","background-position":"center center","background-size":"auto","background-attachment":"scroll","background-type":"","background-media":"","overlay-type":"","overlay-color":"","overlay-gradient":""},"tablet":{"background-color":"","background-image":"","background-repeat":"repeat","background-position":"center center","background-size":"auto","background-attachment":"scroll","background-type":"","background-media":"","overlay-type":"","overlay-color":"","overlay-gradient":""},"mobile":{"background-color":"","background-image":"","background-repeat":"repeat","background-position":"center center","background-size":"auto","background-attachment":"scroll","background-type":"","background-media":"","overlay-type":"","overlay-color":"","overlay-gradient":""}},"ast-content-background-meta":{"desktop":{"background-color":"var(--ast-global-color-5)","background-image":"","background-repeat":"repeat","background-position":"center center","background-size":"auto","background-attachment":"scroll","background-type":"","background-media":"","overlay-type":"","overlay-color":"","overlay-gradient":""},"tablet":{"background-color":"var(--ast-global-color-5)","background-image":"","background-repeat":"repeat","background-position":"center center","background-size":"auto","background-attachment":"scroll","background-type":"","background-media":"","overlay-type":"","overlay-color":"","overlay-gradient":""},"mobile":{"background-color":"var(--ast-global-color-5)","background-image":"","background-repeat":"repeat","background-position":"center center","background-size":"auto","background-attachment":"scroll","background-type":"","background-media":"","overlay-type":"","overlay-color":"","overlay-gradient":""}},"footnotes":""},"categories":[1],"tags":[14440,24938,13731,6689,4124,154035],"class_list":["post-70559","post","type-post","status-publish","format-standard","hentry","category-sin-categoria","tag-bernardo-moreno-jimenez","tag-francisco-javier-mendez-carrillo","tag-javier-perez-pareja","tag-jose-antonio-carrobles-isabel","tag-juan-francisco-godoy-garcia","tag-juan-manuel-ramos-martin"],"_links":{"self":[{"href":"https:\/\/www.deberes.net\/tesis\/wp-json\/wp\/v2\/posts\/70559","targetHints":{"allow":["GET"]}}],"collection":[{"href":"https:\/\/www.deberes.net\/tesis\/wp-json\/wp\/v2\/posts"}],"about":[{"href":"https:\/\/www.deberes.net\/tesis\/wp-json\/wp\/v2\/types\/post"}],"author":[{"embeddable":true,"href":"https:\/\/www.deberes.net\/tesis\/wp-json\/wp\/v2\/users\/1"}],"replies":[{"embeddable":true,"href":"https:\/\/www.deberes.net\/tesis\/wp-json\/wp\/v2\/comments?post=70559"}],"version-history":[{"count":0,"href":"https:\/\/www.deberes.net\/tesis\/wp-json\/wp\/v2\/posts\/70559\/revisions"}],"wp:attachment":[{"href":"https:\/\/www.deberes.net\/tesis\/wp-json\/wp\/v2\/media?parent=70559"}],"wp:term":[{"taxonomy":"category","embeddable":true,"href":"https:\/\/www.deberes.net\/tesis\/wp-json\/wp\/v2\/categories?post=70559"},{"taxonomy":"post_tag","embeddable":true,"href":"https:\/\/www.deberes.net\/tesis\/wp-json\/wp\/v2\/tags?post=70559"}],"curies":[{"name":"wp","href":"https:\/\/api.w.org\/{rel}","templated":true}]}}