{"id":70630,"date":"2004-02-10T00:00:00","date_gmt":"2004-02-10T00:00:00","guid":{"rendered":"https:\/\/www.deberes.net\/tesis\/sin-categoria\/cartografa%c2%ada-botanica-ecologa%c2%adca-de-detalle-en-la-alpujarra-la-vertiente-sur-del-parque-natural-de-sierra-nevada\/"},"modified":"2004-02-10T00:00:00","modified_gmt":"2004-02-10T00:00:00","slug":"cartografa%c2%ada-botanica-ecologa%c2%adca-de-detalle-en-la-alpujarra-la-vertiente-sur-del-parque-natural-de-sierra-nevada","status":"publish","type":"post","link":"https:\/\/www.deberes.net\/tesis\/ciencias-de-la-vida\/cartografa%c2%ada-botanica-ecologa%c2%adca-de-detalle-en-la-alpujarra-la-vertiente-sur-del-parque-natural-de-sierra-nevada\/","title":{"rendered":"Cartograf\u00edabot\u00e1nica ecolog\u00edca de detalle en la alpujarra. la vertiente sur del parque natural de sierra nevada."},"content":{"rendered":"<h2>Tesis doctoral de <strong> Abdeslam El Allali <\/strong><\/h2>\n<p>Se presenta la cartograf\u00eda digital a escala 1:10.000c de la vertiente sur del parque natural de sierra nevada (andaluc\u00eda, espa\u00f1a), acompa\u00f1ada de un estudio fitosociol\u00f3gico de la vegetaci\u00f3n de dicho territorio, aportando adem\u00e1s, datos del medio fisico, biogeograf\u00edcos, bioclim\u00e1ticos, geol\u00f3gicos y edaficos.  la metodolog\u00eda seguida en el estudio de la vegetaci\u00f3n ha sido de la escuela sigmatista de braun-blanquet.  la metodolog\u00eda segu\u00edda en el trabajo cartograf\u00edco ha sido mediante el uso de sistemas de informaci\u00f3n geograf\u00edca (sig) con sus correspondientes bases de datos.  se ha presentado una memor\u00eda en formato papel, con anexos cartogr\u00e1ficos en papel a1, y un car\u00f3m de con la cobertura cartogr\u00e1fica digital.<\/p>\n<p>&nbsp;<\/p>\n<h3>Datos acad\u00e9micos de la tesis doctoral \u00ab<strong>Cartograf\u00edabot\u00e1nica ecolog\u00edca de detalle en la alpujarra. la vertiente sur del parque natural de sierra nevada.<\/strong>\u00ab<\/h3>\n<ul>\n<li><strong>T\u00edtulo de la tesis:<\/strong>\u00a0 Cartograf\u00edabot\u00e1nica ecolog\u00edca de detalle en la alpujarra. la vertiente sur del parque natural de sierra nevada. <\/li>\n<li><strong>Autor:<\/strong>\u00a0 Abdeslam El Allali <\/li>\n<li><strong>Universidad:<\/strong>\u00a0 Granada<\/li>\n<li><strong>Fecha de lectura de la tesis:<\/strong>\u00a0 02\/10\/2004<\/li>\n<\/ul>\n<p>&nbsp;<\/p>\n<h3>Direcci\u00f3n y tribunal<\/h3>\n<ul>\n<li><strong>Director de la tesis<\/strong>\n<ul>\n<li>Francisco Perez Raya<\/li>\n<\/ul>\n<\/li>\n<li><strong>Tribunal<\/strong>\n<ul>\n<li>Presidente del tribunal: joaquin Molero mesa <\/li>\n<li>alfredo Asensi marfil (vocal)<\/li>\n<li>Juan  Francisco Mota poveda (vocal)<\/li>\n<li>Jes\u00fas Mu\u00f1oz alvarez (vocal)<\/li>\n<\/ul>\n<\/li>\n<\/ul>\n<p>&nbsp;<\/p>\n","protected":false},"excerpt":{"rendered":"<p>Tesis doctoral de Abdeslam El Allali Se presenta la cartograf\u00eda digital a escala 1:10.000c de la vertiente sur del parque [&hellip;]<\/p>\n","protected":false},"author":1,"featured_media":0,"comment_status":"open","ping_status":"open","sticky":false,"template":"","format":"standard","meta":{"site-sidebar-layout":"default","site-content-layout":"","ast-site-content-layout":"","site-content-style":"default","site-sidebar-style":"default","ast-global-header-display":"","ast-banner-title-visibility":"","ast-main-header-display":"","ast-hfb-above-header-display":"","ast-hfb-below-header-display":"","ast-hfb-mobile-header-display":"","site-post-title":"","ast-breadcrumbs-content":"","ast-featured-img":"","footer-sml-layout":"","theme-transparent-header-meta":"","adv-header-id-meta":"","stick-header-meta":"","header-above-stick-meta":"","header-main-stick-meta":"","header-below-stick-meta":"","astra-migrate-meta-layouts":"default","ast-page-background-enabled":"default","ast-page-background-meta":{"desktop":{"background-color":"var(--ast-global-color-4)","background-image":"","background-repeat":"repeat","background-position":"center center","background-size":"auto","background-attachment":"scroll","background-type":"","background-media":"","overlay-type":"","overlay-color":"","overlay-gradient":""},"tablet":{"background-color":"","background-image":"","background-repeat":"repeat","background-position":"center center","background-size":"auto","background-attachment":"scroll","background-type":"","background-media":"","overlay-type":"","overlay-color":"","overlay-gradient":""},"mobile":{"background-color":"","background-image":"","background-repeat":"repeat","background-position":"center center","background-size":"auto","background-attachment":"scroll","background-type":"","background-media":"","overlay-type":"","overlay-color":"","overlay-gradient":""}},"ast-content-background-meta":{"desktop":{"background-color":"var(--ast-global-color-5)","background-image":"","background-repeat":"repeat","background-position":"center center","background-size":"auto","background-attachment":"scroll","background-type":"","background-media":"","overlay-type":"","overlay-color":"","overlay-gradient":""},"tablet":{"background-color":"var(--ast-global-color-5)","background-image":"","background-repeat":"repeat","background-position":"center center","background-size":"auto","background-attachment":"scroll","background-type":"","background-media":"","overlay-type":"","overlay-color":"","overlay-gradient":""},"mobile":{"background-color":"var(--ast-global-color-5)","background-image":"","background-repeat":"repeat","background-position":"center center","background-size":"auto","background-attachment":"scroll","background-type":"","background-media":"","overlay-type":"","overlay-color":"","overlay-gradient":""}},"footnotes":""},"categories":[35,1399],"tags":[154161,3956,75751,100418,19927,4314],"class_list":["post-70630","post","type-post","status-publish","format-standard","hentry","category-ciencias-de-la-vida","category-geografia","tag-abdeslam-el-allali","tag-alfredo-asensi-marfil","tag-francisco-perez-raya","tag-jesus-munoz-alvarez","tag-joaquin-molero-mesa","tag-juan-francisco-mota-poveda"],"_links":{"self":[{"href":"https:\/\/www.deberes.net\/tesis\/wp-json\/wp\/v2\/posts\/70630","targetHints":{"allow":["GET"]}}],"collection":[{"href":"https:\/\/www.deberes.net\/tesis\/wp-json\/wp\/v2\/posts"}],"about":[{"href":"https:\/\/www.deberes.net\/tesis\/wp-json\/wp\/v2\/types\/post"}],"author":[{"embeddable":true,"href":"https:\/\/www.deberes.net\/tesis\/wp-json\/wp\/v2\/users\/1"}],"replies":[{"embeddable":true,"href":"https:\/\/www.deberes.net\/tesis\/wp-json\/wp\/v2\/comments?post=70630"}],"version-history":[{"count":0,"href":"https:\/\/www.deberes.net\/tesis\/wp-json\/wp\/v2\/posts\/70630\/revisions"}],"wp:attachment":[{"href":"https:\/\/www.deberes.net\/tesis\/wp-json\/wp\/v2\/media?parent=70630"}],"wp:term":[{"taxonomy":"category","embeddable":true,"href":"https:\/\/www.deberes.net\/tesis\/wp-json\/wp\/v2\/categories?post=70630"},{"taxonomy":"post_tag","embeddable":true,"href":"https:\/\/www.deberes.net\/tesis\/wp-json\/wp\/v2\/tags?post=70630"}],"curies":[{"name":"wp","href":"https:\/\/api.w.org\/{rel}","templated":true}]}}